{"id":352691,"date":"2025-02-03T12:30:00","date_gmt":"2025-02-03T15:30:00","guid":{"rendered":"https:\/\/jundiai.sp.gov.br\/noticias\/?p=352691"},"modified":"2025-02-03T11:48:38","modified_gmt":"2025-02-03T14:48:38","slug":"obras-do-prolongamento-da-avenida-frederico-ozanan-avancam-com-duplicacao-de-tunel","status":"publish","type":"post","link":"https:\/\/jundiai.sp.gov.br\/noticias\/2025\/02\/03\/obras-do-prolongamento-da-avenida-frederico-ozanan-avancam-com-duplicacao-de-tunel\/","title":{"rendered":"Obras do prolongamento da Avenida Frederico Ozanan avan\u00e7am com duplica\u00e7\u00e3o de t\u00fanel"},"content":{"rendered":"\n<p>A Prefeitura de Jundia\u00ed segue avan\u00e7ando na continuidade das obras de prolongamento da Avenida Ant\u00f4nio Frederico Ozanan, que chega agora, na fase de duplica\u00e7\u00e3o do t\u00fanel localizado na regi\u00e3o da UNIP, que atravessa a Rodovia Jo\u00e3o Cereser. <\/p>\n\n\n\n<p>Na \u00faltima sexta-feira (31), foi realizada uma reuni\u00e3o t\u00e9cnica com engenheiros das concession\u00e1rias Autoban e Rota das Bandeiras, representantes do Cons\u00f3rcio Vila Hortol\u00e2ndia e t\u00e9cnicos das Unidade de Governo, Infraestrutura e Servi\u00e7os P\u00fablicos, Obras, Planejamento e Meio Ambiente que teve como foco a defini\u00e7\u00e3o das medidas de seguran\u00e7a para a execu\u00e7\u00e3o do t\u00fanel, buscando minimizar poss\u00edveis impactos no tr\u00e1fego da rodovia. Tamb\u00e9m foram discutidas alternativas de desvio caso uma interdi\u00e7\u00e3o seja necess\u00e1ria em algum momento da obra.<\/p>\n\n\n\n<p>Os projetos debatidos ser\u00e3o submetidos \u00e0 an\u00e1lise da Ag\u00eancia de Transporte do Estado de S\u00e3o Paulo (ARTESP) para obten\u00e7\u00e3o da autoriza\u00e7\u00e3o necess\u00e1ria. Caso a aprova\u00e7\u00e3o ocorra em fevereiro, o in\u00edcio dos trabalhos est\u00e1 previsto para mar\u00e7o com prazo de execu\u00e7\u00e3o de 6 meses.<\/p>\n\n\n\n<figure class=\"wp-block-image size-large\"><img loading=\"lazy\" decoding=\"async\" width=\"1280\" height=\"854\" src=\"https:\/\/jundiai.sp.gov.br\/noticias\/wp-content\/uploads\/sites\/32\/2025\/01\/reuniao_com_autoban_e_rota_das_bandeiras-capa-1280x854.jpg\" alt=\"\" class=\"wp-image-352714\" srcset=\"https:\/\/jundiai.sp.gov.br\/noticias\/wp-content\/uploads\/sites\/32\/2025\/01\/reuniao_com_autoban_e_rota_das_bandeiras-capa-1280x854.jpg 1280w, https:\/\/jundiai.sp.gov.br\/noticias\/wp-content\/uploads\/sites\/32\/2025\/01\/reuniao_com_autoban_e_rota_das_bandeiras-capa-300x200.jpg 300w, https:\/\/jundiai.sp.gov.br\/noticias\/wp-content\/uploads\/sites\/32\/2025\/01\/reuniao_com_autoban_e_rota_das_bandeiras-capa-768x512.jpg 768w, https:\/\/jundiai.sp.gov.br\/noticias\/wp-content\/uploads\/sites\/32\/2025\/01\/reuniao_com_autoban_e_rota_das_bandeiras-capa-1536x1024.jpg 1536w, https:\/\/jundiai.sp.gov.br\/noticias\/wp-content\/uploads\/sites\/32\/2025\/01\/reuniao_com_autoban_e_rota_das_bandeiras-capa-450x300.jpg 450w, https:\/\/jundiai.sp.gov.br\/noticias\/wp-content\/uploads\/sites\/32\/2025\/01\/reuniao_com_autoban_e_rota_das_bandeiras-capa.jpg 1900w\" sizes=\"auto, (max-width: 1280px) 100vw, 1280px\" \/><figcaption class=\"wp-element-caption\">Equipe estuda detalhamentos da obra para seguir com a aprova\u00e7\u00e3o da Artesp. <\/figcaption><\/figure>\n\n\n\n<p>O vice-prefeito Ricardo Benassi, ressaltou a import\u00e2ncia do planejamento detalhado para garantir a fluidez do tr\u00e1fego e a seguran\u00e7a dos motoristas durante a execu\u00e7\u00e3o das interven\u00e7\u00f5es. &#8220;Assim que o estudo dos desvios estiver conclu\u00eddo, ele ser\u00e1 encaminhado para aprova\u00e7\u00e3o na ARTESP, permitindo o in\u00edcio da execu\u00e7\u00e3o dessa importante transposi\u00e7\u00e3o&#8221;, destacou.<\/p>\n\n\n\n<p>Al\u00e9m da duplica\u00e7\u00e3o do t\u00fanel, constru\u00e7\u00e3o de uma ponte estaiada, a instala\u00e7\u00e3o de ilumina\u00e7\u00e3o e sinaliza\u00e7\u00e3o nos trechos j\u00e1 implantados e pavimentados o prolongamento da avenida busca aprimorar a fluidez do tr\u00e1fego na regi\u00e3o, reduzindo congestionamentos e proporcionando maior seguran\u00e7a para motoristas e pedestres. A obra integra um conjunto de melhorias vi\u00e1rias planejadas para atender ao crescimento da demanda de circula\u00e7\u00e3o e facilitar o acesso a pontos estrat\u00e9gicos da cidade.<\/p>\n\n\n\n<p>A Prefeitura orienta os motoristas que utilizam a via a ficarem atentos \u00e0s futuras sinaliza\u00e7\u00f5es e comunicados dos \u00f3rg\u00e3os respons\u00e1veis para minimizar os impactos no tr\u00e2nsito durante a execu\u00e7\u00e3o das obras.<\/p>\n\n\n\n<p><strong>Assessoria de Imprensa<br>Foto: Fot\u00f3grafo PMJ<\/strong><\/p>\n","protected":false},"excerpt":{"rendered":"<p>A Prefeitura de Jundia\u00ed segue avan\u00e7ando na continuidade das obras de prolongamento da Avenida Ant\u00f4nio Frederico Ozanan, que chega agora, na fase de duplica\u00e7\u00e3o do t\u00fanel localizado na regi\u00e3o da UNIP, que atravessa a Rodovia Jo\u00e3o Cereser. Na \u00faltima sexta-feira (31), foi realizada uma reuni\u00e3o t\u00e9cnica com engenheiros das concession\u00e1rias Autoban e Rota das Bandeiras, [&hellip;]<\/p>\n","protected":false},"author":69,"featured_media":352714,"comment_status":"closed","ping_status":"0","sticky":false,"template":"","format":"standard","meta":{"footnotes":""},"categories":[2],"tags":[3835,347,32,4430,4794],"ods":[],"class_list":["post-352691","post","type-post","status-publish","format-standard","has-post-thumbnail","hentry","category-noticias","tag-avenida-antonio-frederico-ozanan","tag-obras","tag-planejamento-e-meio-ambiente","tag-ponte-estaiada","tag-prolongamento-da-ozanan"],"_links":{"self":[{"href":"https:\/\/jundiai.sp.gov.br\/noticias\/wp-json\/wp\/v2\/posts\/352691","targetHints":{"allow":["GET"]}}],"collection":[{"href":"https:\/\/jundiai.sp.gov.br\/noticias\/wp-json\/wp\/v2\/posts"}],"about":[{"href":"https:\/\/jundiai.sp.gov.br\/noticias\/wp-json\/wp\/v2\/types\/post"}],"author":[{"embeddable":true,"href":"https:\/\/jundiai.sp.gov.br\/noticias\/wp-json\/wp\/v2\/users\/69"}],"replies":[{"embeddable":true,"href":"https:\/\/jundiai.sp.gov.br\/noticias\/wp-json\/wp\/v2\/comments?post=352691"}],"version-history":[{"count":5,"href":"https:\/\/jundiai.sp.gov.br\/noticias\/wp-json\/wp\/v2\/posts\/352691\/revisions"}],"predecessor-version":[{"id":352799,"href":"https:\/\/jundiai.sp.gov.br\/noticias\/wp-json\/wp\/v2\/posts\/352691\/revisions\/352799"}],"wp:featuredmedia":[{"embeddable":true,"href":"https:\/\/jundiai.sp.gov.br\/noticias\/wp-json\/wp\/v2\/media\/352714"}],"wp:attachment":[{"href":"https:\/\/jundiai.sp.gov.br\/noticias\/wp-json\/wp\/v2\/media?parent=352691"}],"wp:term":[{"taxonomy":"category","embeddable":true,"href":"https:\/\/jundiai.sp.gov.br\/noticias\/wp-json\/wp\/v2\/categories?post=352691"},{"taxonomy":"post_tag","embeddable":true,"href":"https:\/\/jundiai.sp.gov.br\/noticias\/wp-json\/wp\/v2\/tags?post=352691"},{"taxonomy":"ods","embeddable":true,"href":"https:\/\/jundiai.sp.gov.br\/noticias\/wp-json\/wp\/v2\/ods?post=352691"}],"curies":[{"name":"wp","href":"https:\/\/api.w.org\/{rel}","templated":true}]}}