{"id":352729,"date":"2025-02-03T11:42:55","date_gmt":"2025-02-03T14:42:55","guid":{"rendered":"https:\/\/jundiai.sp.gov.br\/noticias\/?p=352729"},"modified":"2025-02-03T11:42:55","modified_gmt":"2025-02-03T14:42:55","slug":"volta-as-aulas-da-rede-municipal-de-ensino-sera-nesta-semana","status":"publish","type":"post","link":"https:\/\/jundiai.sp.gov.br\/noticias\/2025\/02\/03\/volta-as-aulas-da-rede-municipal-de-ensino-sera-nesta-semana\/","title":{"rendered":"Volta \u00e0s aulas da rede municipal de ensino ser\u00e1 nesta semana"},"content":{"rendered":"\n<p>A volta \u00e0s aulas da rede municipal de ensino est\u00e1 marcada para o dia 06 de fevereiro (quinta-feira). Nesta data, retornam \u00e0 escola os estudantes de todos os segmentos vinculados \u00e0 Unidade de Gest\u00e3o de Educa\u00e7\u00e3o (UGE), que s\u00e3o: Educa\u00e7\u00e3o Infantil 1 (crian\u00e7as de at\u00e9 tr\u00eas anos), Educa\u00e7\u00e3o Infantil 2 (G4 e G5), Ensino Fundamental 1 (do 1\u00ba ao 5\u00ba ano) e Educa\u00e7\u00e3o de Jovens e Adultos (EJA).<\/p>\n\n\n\n<p>Tanto na quinta (06) quanto na sexta-feira (07) est\u00e1 prevista a adapta\u00e7\u00e3o das turmas, com dura\u00e7\u00e3o de metade da carga hor\u00e1ria. Os hor\u00e1rios regulares passam a valer na semana seguinte, a partir do dia 10 de fevereiro.<\/p>\n\n\n\n<p>A programa\u00e7\u00e3o de volta \u00e0s aulas tem no in\u00edcio, entretanto, nesta segunda-feira (03), com o retorno dos educadores do per\u00edodo de f\u00e9rias. Hoje e a ter\u00e7a-feira (04) s\u00e3o reservados para o planejamento escolar das equipes docentes.<\/p>\n\n\n\n<p>J\u00e1 na quarta-feira (05), cada uma das unidades escolares realiza, em hor\u00e1rios previamente divulgados aos pais e respons\u00e1veis das crian\u00e7as matriculadas, a primeira reuni\u00e3o do ano, para acolhimento \u00e0s fam\u00edlias e apresenta\u00e7\u00e3o dos educadores e do planejamento previsto para o ano letivo.<\/p>\n\n\n\n<figure class=\"wp-block-image size-large\"><img loading=\"lazy\" decoding=\"async\" width=\"1280\" height=\"854\" src=\"https:\/\/jundiai.sp.gov.br\/noticias\/wp-content\/uploads\/sites\/32\/2025\/01\/volta-as-aulas-emeb-marly-de-marco-mendes-pereira_fm_-84-1280x854.jpg\" alt=\"\" class=\"wp-image-352731\" srcset=\"https:\/\/jundiai.sp.gov.br\/noticias\/wp-content\/uploads\/sites\/32\/2025\/01\/volta-as-aulas-emeb-marly-de-marco-mendes-pereira_fm_-84-1280x854.jpg 1280w, https:\/\/jundiai.sp.gov.br\/noticias\/wp-content\/uploads\/sites\/32\/2025\/01\/volta-as-aulas-emeb-marly-de-marco-mendes-pereira_fm_-84-300x200.jpg 300w, https:\/\/jundiai.sp.gov.br\/noticias\/wp-content\/uploads\/sites\/32\/2025\/01\/volta-as-aulas-emeb-marly-de-marco-mendes-pereira_fm_-84-768x512.jpg 768w, https:\/\/jundiai.sp.gov.br\/noticias\/wp-content\/uploads\/sites\/32\/2025\/01\/volta-as-aulas-emeb-marly-de-marco-mendes-pereira_fm_-84-1536x1024.jpg 1536w, https:\/\/jundiai.sp.gov.br\/noticias\/wp-content\/uploads\/sites\/32\/2025\/01\/volta-as-aulas-emeb-marly-de-marco-mendes-pereira_fm_-84-450x300.jpg 450w, https:\/\/jundiai.sp.gov.br\/noticias\/wp-content\/uploads\/sites\/32\/2025\/01\/volta-as-aulas-emeb-marly-de-marco-mendes-pereira_fm_-84.jpg 1900w\" sizes=\"auto, (max-width: 1280px) 100vw, 1280px\" \/><figcaption class=\"wp-element-caption\">Tanto na quinta (06) quanto na sexta-feira (07) est\u00e1 prevista a adapta\u00e7\u00e3o das turmas, com dura\u00e7\u00e3o de metade da carga hor\u00e1ria<\/figcaption><\/figure>\n\n\n\n<p>\u201cTemos nos empenhado para que esta seja uma volta \u00e0s aulas especial para toda a rede municipal. Os desafios s\u00e3o muitos, por conta dos recursos previstos, mas garantimos que n\u00e3o haver\u00e1 preju\u00edzos aos estudantes e que, junto com os educadores e as fam\u00edlias, eles encontrar\u00e3o um servi\u00e7o de qualidade ao longo de todo o ano letivo\u201d, comentou a gestora de Educa\u00e7\u00e3o, Priscila Costa.<\/p>\n\n\n\n<p>Para 2025, os estudantes do Ensino Fundamental contar\u00e3o com o material \u201cCurr\u00edculo em A\u00e7\u00e3o\u201d, viabilizado pelo Governo do Estado de S\u00e3o Paulo. Ser\u00e3o utilizados tr\u00eas livros por estudante, em kits bimestrais, um de L\u00edngua Portuguesa, outro de Matem\u00e1tica e um de Ci\u00eancias, Geografia, Hist\u00f3ria e L\u00edngua Inglesa. O material tamb\u00e9m viabiliza plataforma de forma\u00e7\u00e3o para os educadores.<\/p>\n\n\n\n<p>Para o in\u00edcio do ano letivo, o or\u00e7amento previsto tamb\u00e9m compreende a distribui\u00e7\u00e3o de duas camisetas do uniforme por estudante. \u201cPrevemos tamb\u00e9m ajustes para, ainda neste semestre, ampliar essa oferta\u201d, acrescentou Priscila.<\/p>\n\n\n\n<p>Est\u00e1 previsto, tamb\u00e9m, que os estudantes recebam da UGE materiais de uso individual ou coletivo para fins pedag\u00f3gicos. Fazem parte dos materiais: apontador, borracha, caderno, caneta, cola, l\u00e1pis e l\u00e1pis de cor, r\u00e9gua, tinta, giz de cera, massa de modelar, tesoura, conforme o segmento de que o estudante faz parte.<\/p>\n\n\n\n<p><strong>Assessoria de Imprensa<br>Fotos: Arquivo PMJ<\/strong><\/p>\n","protected":false},"excerpt":{"rendered":"<p>A volta \u00e0s aulas da rede municipal de ensino est\u00e1 marcada para o dia 06 de fevereiro (quinta-feira). Nesta data, retornam \u00e0 escola os estudantes de todos os segmentos vinculados \u00e0 Unidade de Gest\u00e3o de Educa\u00e7\u00e3o (UGE), que s\u00e3o: Educa\u00e7\u00e3o Infantil 1 (crian\u00e7as de at\u00e9 tr\u00eas anos), Educa\u00e7\u00e3o Infantil 2 (G4 e G5), Ensino Fundamental [&hellip;]<\/p>\n","protected":false},"author":14,"featured_media":352733,"comment_status":"closed","ping_status":"0","sticky":false,"template":"","format":"standard","meta":{"footnotes":""},"categories":[2],"tags":[6,630],"ods":[],"class_list":["post-352729","post","type-post","status-publish","format-standard","has-post-thumbnail","hentry","category-noticias","tag-educacao","tag-emeb"],"_links":{"self":[{"href":"https:\/\/jundiai.sp.gov.br\/noticias\/wp-json\/wp\/v2\/posts\/352729","targetHints":{"allow":["GET"]}}],"collection":[{"href":"https:\/\/jundiai.sp.gov.br\/noticias\/wp-json\/wp\/v2\/posts"}],"about":[{"href":"https:\/\/jundiai.sp.gov.br\/noticias\/wp-json\/wp\/v2\/types\/post"}],"author":[{"embeddable":true,"href":"https:\/\/jundiai.sp.gov.br\/noticias\/wp-json\/wp\/v2\/users\/14"}],"replies":[{"embeddable":true,"href":"https:\/\/jundiai.sp.gov.br\/noticias\/wp-json\/wp\/v2\/comments?post=352729"}],"version-history":[{"count":3,"href":"https:\/\/jundiai.sp.gov.br\/noticias\/wp-json\/wp\/v2\/posts\/352729\/revisions"}],"predecessor-version":[{"id":352794,"href":"https:\/\/jundiai.sp.gov.br\/noticias\/wp-json\/wp\/v2\/posts\/352729\/revisions\/352794"}],"wp:featuredmedia":[{"embeddable":true,"href":"https:\/\/jundiai.sp.gov.br\/noticias\/wp-json\/wp\/v2\/media\/352733"}],"wp:attachment":[{"href":"https:\/\/jundiai.sp.gov.br\/noticias\/wp-json\/wp\/v2\/media?parent=352729"}],"wp:term":[{"taxonomy":"category","embeddable":true,"href":"https:\/\/jundiai.sp.gov.br\/noticias\/wp-json\/wp\/v2\/categories?post=352729"},{"taxonomy":"post_tag","embeddable":true,"href":"https:\/\/jundiai.sp.gov.br\/noticias\/wp-json\/wp\/v2\/tags?post=352729"},{"taxonomy":"ods","embeddable":true,"href":"https:\/\/jundiai.sp.gov.br\/noticias\/wp-json\/wp\/v2\/ods?post=352729"}],"curies":[{"name":"wp","href":"https:\/\/api.w.org\/{rel}","templated":true}]}}