{"id":352797,"date":"2025-02-03T17:00:00","date_gmt":"2025-02-03T20:00:00","guid":{"rendered":"https:\/\/jundiai.sp.gov.br\/noticias\/?p=352797"},"modified":"2025-02-03T17:10:59","modified_gmt":"2025-02-03T20:10:59","slug":"jundiai-empreendedora-inicia-a-semana-com-mais-de-25-mil-vagas-de-emprego","status":"publish","type":"post","link":"https:\/\/jundiai.sp.gov.br\/noticias\/2025\/02\/03\/jundiai-empreendedora-inicia-a-semana-com-mais-de-25-mil-vagas-de-emprego\/","title":{"rendered":"Jundia\u00ed Empreendedora inicia a semana com mais de 2,5 mil vagas de emprego"},"content":{"rendered":"\n<p>O Portal Jundia\u00ed Empreendedora come\u00e7a a semana oferecendo mais de 2,5 mil vagas de emprego na cidade. Dentre essas oportunidades, cerca de 100 vagas s\u00e3o destinadas especificamente para pessoas com defici\u00eancia (PCD).<\/p>\n\n\n\n<p>No m\u00eas de janeiro de 2024, o Portal disponibilizou 2.157 vagas. J\u00e1 em janeiro deste ano, esse n\u00famero subiu para 2.721, representando um aumento de 26,1%. Os setores que mais contrataram foram abastecimento de linha de produ\u00e7\u00e3o, auxiliar de limpeza, atendimento de telemarketing e log\u00edstica, correspondendo a mais de 35% das vagas ofertadas.<\/p>\n\n\n\n<figure class=\"wp-block-image size-full\"><img loading=\"lazy\" decoding=\"async\" width=\"1280\" height=\"853\" src=\"https:\/\/jundiai.sp.gov.br\/noticias\/wp-content\/uploads\/sites\/32\/2023\/01\/jundiai-empreendedora-carteia-de-trabalho_fm_-18.jpg\" alt=\"\" class=\"wp-image-310013\" srcset=\"https:\/\/jundiai.sp.gov.br\/noticias\/wp-content\/uploads\/sites\/32\/2023\/01\/jundiai-empreendedora-carteia-de-trabalho_fm_-18.jpg 1280w, https:\/\/jundiai.sp.gov.br\/noticias\/wp-content\/uploads\/sites\/32\/2023\/01\/jundiai-empreendedora-carteia-de-trabalho_fm_-18-300x200.jpg 300w, https:\/\/jundiai.sp.gov.br\/noticias\/wp-content\/uploads\/sites\/32\/2023\/01\/jundiai-empreendedora-carteia-de-trabalho_fm_-18-768x512.jpg 768w, https:\/\/jundiai.sp.gov.br\/noticias\/wp-content\/uploads\/sites\/32\/2023\/01\/jundiai-empreendedora-carteia-de-trabalho_fm_-18-450x300.jpg 450w\" sizes=\"auto, (max-width: 1280px) 100vw, 1280px\" \/><figcaption class=\"wp-element-caption\">As vagas est\u00e3o dispon\u00edveis no Portal ou em atendimento presencial.<\/figcaption><\/figure>\n\n\n\n<p>&#8220;O Portal Jundia\u00ed Empreendedora apresenta crescimento cont\u00ednuo no total de vagas oferecidas, o que  reflete nosso compromisso com a gera\u00e7\u00e3o de emprego e o desenvolvimento econ\u00f4mico, sempre oferecendo novas oportunidades para a popula\u00e7\u00e3o\u201d, afirmou o gestor de Desenvolvimento Econ\u00f4mico, Ci\u00eancia e Tecnologia, Humberto Cereser.<\/p>\n\n\n\n<p><strong>Como se cadastrar?<\/strong><br>Para se candidatar \u00e0s vagas, basta acessar o <a href=\"https:\/\/negocios.jundiai.sp.gov.br\/\">Portal Jundia\u00ed Empreendedora<\/a> e clicar na se\u00e7\u00e3o \u201cServi\u00e7o ao Cidad\u00e3o\u201d. Neste espa\u00e7o est\u00e3o dispon\u00edveis todas as informa\u00e7\u00f5es sobre as empresas contratantes e o n\u00famero de vagas dispon\u00edveis para cada fun\u00e7\u00e3o. Para se candidatar, clicar em \u201cCadastrar Curr\u00edculo\u201d.<\/p>\n\n\n\n<p>\u201cO Portal \u00e9 uma ferramenta facilitadora e essencial para quem busca recoloca\u00e7\u00e3o no mercado, atrav\u00e9s dela \u00e9 poss\u00edvel a conex\u00e3o entre empregadores e candidatos de maneira eficiente\u201d, destacou a diretora do departamento de fomento ao com\u00e9rcio e servi\u00e7o, Maria Aparecida Gibrail.<\/p>\n\n\n\n<p>Para mais informa\u00e7\u00f5es, al\u00e9m do acesso on-line, \u00e9 poss\u00edvel agendar atendimento presencial no espa\u00e7o do Portal Jundia\u00ed Empreendedora \u2013&nbsp;<strong><a href=\"https:\/\/negocios.jundiai.sp.gov.br\/\">CLIQUE AQUI<\/a><\/strong>, localizado no Maxi Shopping (Piso G3).<\/p>\n\n\n\n<p><strong>Assessoria de Imprensa<br>Foto: Fot\u00f3grafo PMJ<\/strong><\/p>\n","protected":false},"excerpt":{"rendered":"<p>O Portal Jundia\u00ed Empreendedora come\u00e7a a semana oferecendo mais de 2,5 mil vagas de emprego na cidade. Dentre essas oportunidades, cerca de 100 vagas s\u00e3o destinadas especificamente para pessoas com defici\u00eancia (PCD). No m\u00eas de janeiro de 2024, o Portal disponibilizou 2.157 vagas. J\u00e1 em janeiro deste ano, esse n\u00famero subiu para 2.721, representando um [&hellip;]<\/p>\n","protected":false},"author":69,"featured_media":351818,"comment_status":"closed","ping_status":"0","sticky":false,"template":"","format":"standard","meta":{"footnotes":""},"categories":[4620,2],"tags":[365,3496,3431,1527],"ods":[],"class_list":["post-352797","post","type-post","status-publish","format-standard","has-post-thumbnail","hentry","category-destaques","category-noticias","tag-desenvolvimento-economico-ciencia-e-tecnologia","tag-emprego-e-renda","tag-espaco-jundiai-empreendedora","tag-jundiai-empreendedora"],"_links":{"self":[{"href":"https:\/\/jundiai.sp.gov.br\/noticias\/wp-json\/wp\/v2\/posts\/352797","targetHints":{"allow":["GET"]}}],"collection":[{"href":"https:\/\/jundiai.sp.gov.br\/noticias\/wp-json\/wp\/v2\/posts"}],"about":[{"href":"https:\/\/jundiai.sp.gov.br\/noticias\/wp-json\/wp\/v2\/types\/post"}],"author":[{"embeddable":true,"href":"https:\/\/jundiai.sp.gov.br\/noticias\/wp-json\/wp\/v2\/users\/69"}],"replies":[{"embeddable":true,"href":"https:\/\/jundiai.sp.gov.br\/noticias\/wp-json\/wp\/v2\/comments?post=352797"}],"version-history":[{"count":1,"href":"https:\/\/jundiai.sp.gov.br\/noticias\/wp-json\/wp\/v2\/posts\/352797\/revisions"}],"predecessor-version":[{"id":352817,"href":"https:\/\/jundiai.sp.gov.br\/noticias\/wp-json\/wp\/v2\/posts\/352797\/revisions\/352817"}],"wp:featuredmedia":[{"embeddable":true,"href":"https:\/\/jundiai.sp.gov.br\/noticias\/wp-json\/wp\/v2\/media\/351818"}],"wp:attachment":[{"href":"https:\/\/jundiai.sp.gov.br\/noticias\/wp-json\/wp\/v2\/media?parent=352797"}],"wp:term":[{"taxonomy":"category","embeddable":true,"href":"https:\/\/jundiai.sp.gov.br\/noticias\/wp-json\/wp\/v2\/categories?post=352797"},{"taxonomy":"post_tag","embeddable":true,"href":"https:\/\/jundiai.sp.gov.br\/noticias\/wp-json\/wp\/v2\/tags?post=352797"},{"taxonomy":"ods","embeddable":true,"href":"https:\/\/jundiai.sp.gov.br\/noticias\/wp-json\/wp\/v2\/ods?post=352797"}],"curies":[{"name":"wp","href":"https:\/\/api.w.org\/{rel}","templated":true}]}}