{"id":352831,"date":"2025-02-03T18:43:30","date_gmt":"2025-02-03T21:43:30","guid":{"rendered":"https:\/\/jundiai.sp.gov.br\/noticias\/?p=352831"},"modified":"2025-02-03T18:43:30","modified_gmt":"2025-02-03T21:43:30","slug":"prefeitura-e-camara-se-reunem-para-alinhar-acoes-e-prioridades-para-jundiai","status":"publish","type":"post","link":"https:\/\/jundiai.sp.gov.br\/noticias\/2025\/02\/03\/prefeitura-e-camara-se-reunem-para-alinhar-acoes-e-prioridades-para-jundiai\/","title":{"rendered":"Prefeitura e C\u00e2mara se re\u00fanem para alinhar a\u00e7\u00f5es e prioridades para Jundia\u00ed"},"content":{"rendered":"\n<p>A Prefeitura de Jundia\u00ed realizou, nesta segunda-feira (3), uma reuni\u00e3o com os 19 vereadores para fortalecer o alinhamento entre os poderes Executivo e Legislativo. O encontro teve como objetivo discutir temas essenciais para a cidade, garantindo um trabalho em harmonia para atender \u00e0s necessidades da popula\u00e7\u00e3o.<\/p>\n\n\n\n<figure class=\"wp-block-gallery has-nested-images columns-default is-cropped wp-block-gallery-1 is-layout-flex wp-block-gallery-is-layout-flex\">\n<figure class=\"wp-block-image size-large\"><img loading=\"lazy\" decoding=\"async\" width=\"1280\" height=\"852\" data-id=\"352836\" src=\"https:\/\/jundiai.sp.gov.br\/noticias\/wp-content\/uploads\/sites\/32\/2025\/02\/reuniao-prefeito-com-vereadores-1-1280x852.jpg\" alt=\"\" class=\"wp-image-352836\" srcset=\"https:\/\/jundiai.sp.gov.br\/noticias\/wp-content\/uploads\/sites\/32\/2025\/02\/reuniao-prefeito-com-vereadores-1-1280x852.jpg 1280w, https:\/\/jundiai.sp.gov.br\/noticias\/wp-content\/uploads\/sites\/32\/2025\/02\/reuniao-prefeito-com-vereadores-1-300x200.jpg 300w, https:\/\/jundiai.sp.gov.br\/noticias\/wp-content\/uploads\/sites\/32\/2025\/02\/reuniao-prefeito-com-vereadores-1-768x511.jpg 768w, https:\/\/jundiai.sp.gov.br\/noticias\/wp-content\/uploads\/sites\/32\/2025\/02\/reuniao-prefeito-com-vereadores-1-1536x1022.jpg 1536w, https:\/\/jundiai.sp.gov.br\/noticias\/wp-content\/uploads\/sites\/32\/2025\/02\/reuniao-prefeito-com-vereadores-1-450x300.jpg 450w, https:\/\/jundiai.sp.gov.br\/noticias\/wp-content\/uploads\/sites\/32\/2025\/02\/reuniao-prefeito-com-vereadores-1.jpg 1900w\" sizes=\"auto, (max-width: 1280px) 100vw, 1280px\" \/><\/figure>\n\n\n\n<figure class=\"wp-block-image size-large\"><img loading=\"lazy\" decoding=\"async\" width=\"1280\" height=\"839\" data-id=\"352837\" src=\"https:\/\/jundiai.sp.gov.br\/noticias\/wp-content\/uploads\/sites\/32\/2025\/02\/reuniao-prefeito-com-vereadores-2-1280x839.jpg\" alt=\"\" class=\"wp-image-352837\" srcset=\"https:\/\/jundiai.sp.gov.br\/noticias\/wp-content\/uploads\/sites\/32\/2025\/02\/reuniao-prefeito-com-vereadores-2-1280x839.jpg 1280w, https:\/\/jundiai.sp.gov.br\/noticias\/wp-content\/uploads\/sites\/32\/2025\/02\/reuniao-prefeito-com-vereadores-2-300x197.jpg 300w, https:\/\/jundiai.sp.gov.br\/noticias\/wp-content\/uploads\/sites\/32\/2025\/02\/reuniao-prefeito-com-vereadores-2-768x504.jpg 768w, https:\/\/jundiai.sp.gov.br\/noticias\/wp-content\/uploads\/sites\/32\/2025\/02\/reuniao-prefeito-com-vereadores-2-1536x1007.jpg 1536w, https:\/\/jundiai.sp.gov.br\/noticias\/wp-content\/uploads\/sites\/32\/2025\/02\/reuniao-prefeito-com-vereadores-2.jpg 1900w\" sizes=\"auto, (max-width: 1280px) 100vw, 1280px\" \/><\/figure>\n<figcaption class=\"blocks-gallery-caption wp-element-caption\">Prefeitura e C\u00e2mara alinham a\u00e7\u00f5es durante reuni\u00e3o nesta segunda-feira, (3)<\/figcaption><\/figure>\n\n\n\n<p>Durante a reuni\u00e3o, o prefeito Gustavo Martinelli destacou a import\u00e2ncia da uni\u00e3o dos poderes para segurar que as pol\u00edticas p\u00fablicas avancem de maneira coordenada e eficiente. \u201cNosso compromisso \u00e9 com o bem-estar da popula\u00e7\u00e3o e o desenvolvimento da cidade. A C\u00e2mara dos Vereadores se colocou \u00e0 disposi\u00e7\u00e3o para que as a\u00e7\u00f5es do poder p\u00fablico cheguem com efici\u00eancia aos cidad\u00e3os\u201d, afirmou o chefe do executivo.<\/p>\n\n\n\n<p>Durante o encontro, temas como sa\u00fade, zeladoria, a\u00e7\u00f5es da Defesa Civil com rela\u00e7\u00e3o as chuvas e revis\u00e3o de contratos foram abordados.<\/p>\n\n\n\n<p>O presidente da C\u00e2mara dos Vereadores, Edicarlos Vieira, destacou a import\u00e2ncia do di\u00e1logo com a prefeitura e ressaltou estar otimista com a harmonia entre os poderes municipais. \u201cNosso compromisso \u00e9 garantir que a C\u00e2mara Municipal atue de forma transparente e sempre em di\u00e1logo com a popula\u00e7\u00e3o. Temos desafios importantes pela frente, mas estamos otimistas porque teremos muitas coisas boas para este ano\u201d.<\/p>\n\n\n\n<p>O vereador Juninho Adilson, l\u00edder de governo na C\u00e2mara, tamb\u00e9m comentou sobre a reuni\u00e3o desta segunda-feira. \u201cEstamos em sintonia com a administra\u00e7\u00e3o, sempre buscando a transpar\u00eancia na gest\u00e3o e na aplica\u00e7\u00e3o dos recursos\u201d.<\/p>\n\n\n\n<p>O encontro refor\u00e7ou o compromisso da administra\u00e7\u00e3o municipal com uma gest\u00e3o participativa, transparente e eficiente.<\/p>\n\n\n\n<p><strong>Assessoria de Imprensa<\/strong><br><strong>Fotos: Fot\u00f3grafos PMJ<\/strong><\/p>\n\n\n\n<p><\/p>\n","protected":false},"excerpt":{"rendered":"<p>A Prefeitura de Jundia\u00ed realizou, nesta segunda-feira (3), uma reuni\u00e3o com os 19 vereadores para fortalecer o alinhamento entre os poderes Executivo e Legislativo. O encontro teve como objetivo discutir temas essenciais para a cidade, garantindo um trabalho em harmonia para atender \u00e0s necessidades da popula\u00e7\u00e3o. Durante a reuni\u00e3o, o prefeito Gustavo Martinelli destacou a [&hellip;]<\/p>\n","protected":false},"author":123,"featured_media":352836,"comment_status":"closed","ping_status":"0","sticky":false,"template":"","format":"standard","meta":{"footnotes":""},"categories":[2],"tags":[428,1316,1062],"ods":[],"class_list":["post-352831","post","type-post","status-publish","format-standard","has-post-thumbnail","hentry","category-noticias","tag-camara-municipal","tag-prefeitura","tag-reuniao"],"_links":{"self":[{"href":"https:\/\/jundiai.sp.gov.br\/noticias\/wp-json\/wp\/v2\/posts\/352831","targetHints":{"allow":["GET"]}}],"collection":[{"href":"https:\/\/jundiai.sp.gov.br\/noticias\/wp-json\/wp\/v2\/posts"}],"about":[{"href":"https:\/\/jundiai.sp.gov.br\/noticias\/wp-json\/wp\/v2\/types\/post"}],"author":[{"embeddable":true,"href":"https:\/\/jundiai.sp.gov.br\/noticias\/wp-json\/wp\/v2\/users\/123"}],"replies":[{"embeddable":true,"href":"https:\/\/jundiai.sp.gov.br\/noticias\/wp-json\/wp\/v2\/comments?post=352831"}],"version-history":[{"count":2,"href":"https:\/\/jundiai.sp.gov.br\/noticias\/wp-json\/wp\/v2\/posts\/352831\/revisions"}],"predecessor-version":[{"id":352838,"href":"https:\/\/jundiai.sp.gov.br\/noticias\/wp-json\/wp\/v2\/posts\/352831\/revisions\/352838"}],"wp:featuredmedia":[{"embeddable":true,"href":"https:\/\/jundiai.sp.gov.br\/noticias\/wp-json\/wp\/v2\/media\/352836"}],"wp:attachment":[{"href":"https:\/\/jundiai.sp.gov.br\/noticias\/wp-json\/wp\/v2\/media?parent=352831"}],"wp:term":[{"taxonomy":"category","embeddable":true,"href":"https:\/\/jundiai.sp.gov.br\/noticias\/wp-json\/wp\/v2\/categories?post=352831"},{"taxonomy":"post_tag","embeddable":true,"href":"https:\/\/jundiai.sp.gov.br\/noticias\/wp-json\/wp\/v2\/tags?post=352831"},{"taxonomy":"ods","embeddable":true,"href":"https:\/\/jundiai.sp.gov.br\/noticias\/wp-json\/wp\/v2\/ods?post=352831"}],"curies":[{"name":"wp","href":"https:\/\/api.w.org\/{rel}","templated":true}]}}