{"id":352913,"date":"2025-02-05T17:10:00","date_gmt":"2025-02-05T20:10:00","guid":{"rendered":"https:\/\/jundiai.sp.gov.br\/noticias\/?p=352913"},"modified":"2025-02-05T16:51:07","modified_gmt":"2025-02-05T19:51:07","slug":"volta-as-aulas-escolas-da-rede-municipal-recebem-as-familias-para-inicio-do-ano-letivo","status":"publish","type":"post","link":"https:\/\/jundiai.sp.gov.br\/noticias\/2025\/02\/05\/volta-as-aulas-escolas-da-rede-municipal-recebem-as-familias-para-inicio-do-ano-letivo\/","title":{"rendered":"Volta \u00e0s aulas: escolas da rede municipal recebem as fam\u00edlias para in\u00edcio do ano letivo"},"content":{"rendered":"\n<p>Ao longo desta quarta-feira (05), todas as unidades escolares vinculadas \u00e0 Unidade de Gest\u00e3o de Educa\u00e7\u00e3o (UGC) realizam a primeira reuni\u00e3o com os pais e respons\u00e1veis dos estudantes. <\/p>\n\n\n\n<p>As aulas do Leonardo Mansi Guimar\u00e3es, de tr\u00eas anos, come\u00e7am somente nesta quinta (06), mas a curiosidade de conhecer a nova escola e a nova professora foi maior e ele fez quest\u00e3o de acompanhar a m\u00e3e, a psic\u00f3loga Fernanda, na reuni\u00e3o de pais. Matriculado no G4 da Emeb Professora Helena Meirelles Maia Torres, na vila Helena, Leonardo j\u00e1 explorou as ambi\u00eancias da nova escola e compartilhou suas primeiras impress\u00f5es.<\/p>\n\n\n\n<p>\u201cEste \u00e9 o meu primeiro dia na escola nova e eu vim aqui para aprender. Foi muito legal, j\u00e1 conheci at\u00e9 a nova sala de aula\u201d, comentou o pequeno, que faz quest\u00e3o de frisar que seu anivers\u00e1rio est\u00e1 pr\u00f3ximo: no dia 22, ele far\u00e1 quatro anos.<\/p>\n\n\n\n<p>Na Emeb da Vila Helena, a gestora da pasta, Priscila Costa, acompanhou a agenda com as fam\u00edlias, juntamente com a diretora do Departamento de Educa\u00e7\u00e3o Infantil, Ellen Rozante, e da supervisora respons\u00e1vel pela escola, Elaine Zillo.<\/p>\n\n\n\n<figure class=\"wp-block-image size-large\"><img loading=\"lazy\" decoding=\"async\" width=\"1280\" height=\"854\" src=\"https:\/\/jundiai.sp.gov.br\/noticias\/wp-content\/uploads\/sites\/32\/2025\/02\/visita_as_escolas_reuniao_de_pais-3-1280x854.jpg\" alt=\"\" class=\"wp-image-352918\" srcset=\"https:\/\/jundiai.sp.gov.br\/noticias\/wp-content\/uploads\/sites\/32\/2025\/02\/visita_as_escolas_reuniao_de_pais-3-1280x854.jpg 1280w, https:\/\/jundiai.sp.gov.br\/noticias\/wp-content\/uploads\/sites\/32\/2025\/02\/visita_as_escolas_reuniao_de_pais-3-300x200.jpg 300w, https:\/\/jundiai.sp.gov.br\/noticias\/wp-content\/uploads\/sites\/32\/2025\/02\/visita_as_escolas_reuniao_de_pais-3-768x512.jpg 768w, https:\/\/jundiai.sp.gov.br\/noticias\/wp-content\/uploads\/sites\/32\/2025\/02\/visita_as_escolas_reuniao_de_pais-3-1536x1024.jpg 1536w, https:\/\/jundiai.sp.gov.br\/noticias\/wp-content\/uploads\/sites\/32\/2025\/02\/visita_as_escolas_reuniao_de_pais-3-450x300.jpg 450w, https:\/\/jundiai.sp.gov.br\/noticias\/wp-content\/uploads\/sites\/32\/2025\/02\/visita_as_escolas_reuniao_de_pais-3.jpg 1900w\" sizes=\"auto, (max-width: 1280px) 100vw, 1280px\" \/><figcaption class=\"wp-element-caption\">Leonardo fez quest\u00e3o de acompanhar a m\u00e3e na reuni\u00e3o e j\u00e1 se entrosou com a nova professora <\/figcaption><\/figure>\n\n\n\n<p>Ap\u00f3s a apresenta\u00e7\u00e3o da equipe pela diretora da unidade escolar, Luzia Antonio, e das principais orienta\u00e7\u00f5es para o ano letivo, Priscila deu as boas-vindas \u00e0s fam\u00edlias e refor\u00e7ou o compromisso do governo do prefeito Gustavo Martinelli pela humaniza\u00e7\u00e3o, di\u00e1logo e transpar\u00eancia na gest\u00e3o.<\/p>\n\n\n\n<p>\u201cEsta \u00e9 uma manh\u00e3 t\u00e3o desejada, de recome\u00e7o para novos sonhos. Por isso quisemos estar aqui para desejar um ano letivo de muitas aprendizagens e alegrias, refor\u00e7ando nosso compromisso em avan\u00e7ar na qualidade do servi\u00e7o prestado e em caminhar junto com voc\u00eas\u201d, comentou Priscila.<\/p>\n\n\n\n<p>Al\u00e9m da Emeb Helena, a gestora e demais representantes da UGE tamb\u00e9m participaram das reuni\u00f5es nas seguintes escolas: Emeb Antonino Messina (Jardim Bonfiglioli), Emeb Professor J\u00e2nio da Silva Quadros (Vila Nambi) e na Emeb Anna Rita Alves Ludke (Vila Alvorada).<\/p>\n\n\n\n<figure class=\"wp-block-image size-large\"><img loading=\"lazy\" decoding=\"async\" width=\"1280\" height=\"854\" src=\"https:\/\/jundiai.sp.gov.br\/noticias\/wp-content\/uploads\/sites\/32\/2025\/02\/visita_as_escolas_reuniao_de_pais-23-1280x854.jpg\" alt=\"\" class=\"wp-image-352919\" srcset=\"https:\/\/jundiai.sp.gov.br\/noticias\/wp-content\/uploads\/sites\/32\/2025\/02\/visita_as_escolas_reuniao_de_pais-23-1280x854.jpg 1280w, https:\/\/jundiai.sp.gov.br\/noticias\/wp-content\/uploads\/sites\/32\/2025\/02\/visita_as_escolas_reuniao_de_pais-23-300x200.jpg 300w, https:\/\/jundiai.sp.gov.br\/noticias\/wp-content\/uploads\/sites\/32\/2025\/02\/visita_as_escolas_reuniao_de_pais-23-768x512.jpg 768w, https:\/\/jundiai.sp.gov.br\/noticias\/wp-content\/uploads\/sites\/32\/2025\/02\/visita_as_escolas_reuniao_de_pais-23-1536x1024.jpg 1536w, https:\/\/jundiai.sp.gov.br\/noticias\/wp-content\/uploads\/sites\/32\/2025\/02\/visita_as_escolas_reuniao_de_pais-23-450x300.jpg 450w, https:\/\/jundiai.sp.gov.br\/noticias\/wp-content\/uploads\/sites\/32\/2025\/02\/visita_as_escolas_reuniao_de_pais-23.jpg 1900w\" sizes=\"auto, (max-width: 1280px) 100vw, 1280px\" \/><figcaption class=\"wp-element-caption\">Na Emeb Helena, Priscila conversou com as fam\u00edlias e deu as boas-vindas ao novo ano letivo <\/figcaption><\/figure>\n\n\n\n<p><strong>Volta \u00e0s aulas<\/strong><br>A volta \u00e0s aulas da rede municipal de ensino ser\u00e1 nesta quinta-feira (06), com os estudantes de todos os segmentos vinculados \u00e0 UGE, que s\u00e3o Educa\u00e7\u00e3o Infantil 1 (crian\u00e7as de at\u00e9 tr\u00eas anos), Educa\u00e7\u00e3o Infantil 2 (G4 e G5), Ensino Fundamental 1 (do 1\u00ba ao 5\u00ba ano) e Educa\u00e7\u00e3o de Jovens e Adultos (EJA).<\/p>\n\n\n\n<p>Tanto na quinta (06) quanto na sexta-feira (07) est\u00e1 prevista a adapta\u00e7\u00e3o das turmas, com dura\u00e7\u00e3o de metade da carga hor\u00e1ria. Os hor\u00e1rios regulares passam a valer na semana seguinte, a partir da segunda-feira (10).<\/p>\n\n\n\n<p><strong>Assessoria de Imprensa<br>Fotos: Fot\u00f3grafos PMJ <\/strong><\/p>\n","protected":false},"excerpt":{"rendered":"<p>Ao longo desta quarta-feira (05), todas as unidades escolares vinculadas \u00e0 Unidade de Gest\u00e3o de Educa\u00e7\u00e3o (UGC) realizam a primeira reuni\u00e3o com os pais e respons\u00e1veis dos estudantes. As aulas do Leonardo Mansi Guimar\u00e3es, de tr\u00eas anos, come\u00e7am somente nesta quinta (06), mas a curiosidade de conhecer a nova escola e a nova professora foi [&hellip;]<\/p>\n","protected":false},"author":14,"featured_media":352920,"comment_status":"closed","ping_status":"0","sticky":false,"template":"","format":"standard","meta":{"footnotes":""},"categories":[4620,2],"tags":[6,630,4804],"ods":[],"class_list":["post-352913","post","type-post","status-publish","format-standard","has-post-thumbnail","hentry","category-destaques","category-noticias","tag-educacao","tag-emeb","tag-emeb-professora-helena-meirelles-maia-torres"],"_links":{"self":[{"href":"https:\/\/jundiai.sp.gov.br\/noticias\/wp-json\/wp\/v2\/posts\/352913","targetHints":{"allow":["GET"]}}],"collection":[{"href":"https:\/\/jundiai.sp.gov.br\/noticias\/wp-json\/wp\/v2\/posts"}],"about":[{"href":"https:\/\/jundiai.sp.gov.br\/noticias\/wp-json\/wp\/v2\/types\/post"}],"author":[{"embeddable":true,"href":"https:\/\/jundiai.sp.gov.br\/noticias\/wp-json\/wp\/v2\/users\/14"}],"replies":[{"embeddable":true,"href":"https:\/\/jundiai.sp.gov.br\/noticias\/wp-json\/wp\/v2\/comments?post=352913"}],"version-history":[{"count":3,"href":"https:\/\/jundiai.sp.gov.br\/noticias\/wp-json\/wp\/v2\/posts\/352913\/revisions"}],"predecessor-version":[{"id":352943,"href":"https:\/\/jundiai.sp.gov.br\/noticias\/wp-json\/wp\/v2\/posts\/352913\/revisions\/352943"}],"wp:featuredmedia":[{"embeddable":true,"href":"https:\/\/jundiai.sp.gov.br\/noticias\/wp-json\/wp\/v2\/media\/352920"}],"wp:attachment":[{"href":"https:\/\/jundiai.sp.gov.br\/noticias\/wp-json\/wp\/v2\/media?parent=352913"}],"wp:term":[{"taxonomy":"category","embeddable":true,"href":"https:\/\/jundiai.sp.gov.br\/noticias\/wp-json\/wp\/v2\/categories?post=352913"},{"taxonomy":"post_tag","embeddable":true,"href":"https:\/\/jundiai.sp.gov.br\/noticias\/wp-json\/wp\/v2\/tags?post=352913"},{"taxonomy":"ods","embeddable":true,"href":"https:\/\/jundiai.sp.gov.br\/noticias\/wp-json\/wp\/v2\/ods?post=352913"}],"curies":[{"name":"wp","href":"https:\/\/api.w.org\/{rel}","templated":true}]}}