{"id":353021,"date":"2025-02-07T12:02:56","date_gmt":"2025-02-07T15:02:56","guid":{"rendered":"https:\/\/jundiai.sp.gov.br\/noticias\/?p=353021"},"modified":"2025-02-07T12:02:56","modified_gmt":"2025-02-07T15:02:56","slug":"seguranca-municipal-fortalece-parceria-com-a-oab-jundiai","status":"publish","type":"post","link":"https:\/\/jundiai.sp.gov.br\/noticias\/2025\/02\/07\/seguranca-municipal-fortalece-parceria-com-a-oab-jundiai\/","title":{"rendered":"Seguran\u00e7a Municipal fortalece parceria com a OAB Jundia\u00ed"},"content":{"rendered":"\n<p>O gestor da Unidade de Seguran\u00e7a Municipal (UGSM), Guilherme Balbino Rigo, recebeu na sede da Guarda Municipal de Jundia\u00ed, localizada no Complexo Fepasa, representantes da 33\u00aa Subse\u00e7\u00e3o da Ordem dos Advogados do Brasil (OAB) de Jundia\u00ed. O encontro teve como objetivo fortalecer a parceria entre as institui\u00e7\u00f5es, promovendo a troca de experi\u00eancias e ampliando o di\u00e1logo. <\/p>\n\n\n\n<p>\u201cEssa iniciativa busca aprimorar o relacionamento entre a Guarda Municipal e a OAB Jundia\u00ed, refor\u00e7ando nosso compromisso com a seguran\u00e7a p\u00fablica e os direitos da popula\u00e7\u00e3o\u201d, destacou Rigo.<\/p>\n\n\n\n<p>O presidente da OAB, Daniel Martinelli, esteve acompanhado dos membros da diretoria Roberta Azzoni e do presidente da Comiss\u00e3o de Prerrogativas, Jo\u00e3o Roveri, durante a visita \u00e0s instala\u00e7\u00f5es do Centro Integrado de Emerg\u00eancia e Seguran\u00e7a (CIES), na Vila Rami. No local, que j\u00e1 abriga setores da Guarda Municipal, tamb\u00e9m foram apresentadas as futuras instala\u00e7\u00f5es administrativas e operacionais da UGSM. \u201cA estrutura \u00e9 moderna e excepcional. A Guarda Municipal merece um espa\u00e7o como esse para fortalecer ainda mais seu trabalho\u201d, destacou Martinelli.<\/p>\n\n\n\n<figure class=\"wp-block-image size-large\"><img loading=\"lazy\" decoding=\"async\" width=\"1214\" height=\"960\" src=\"https:\/\/jundiai.sp.gov.br\/noticias\/wp-content\/uploads\/sites\/32\/2025\/02\/01-1214x960.jpg\" alt=\"\" class=\"wp-image-353022\" srcset=\"https:\/\/jundiai.sp.gov.br\/noticias\/wp-content\/uploads\/sites\/32\/2025\/02\/01-1214x960.jpg 1214w, https:\/\/jundiai.sp.gov.br\/noticias\/wp-content\/uploads\/sites\/32\/2025\/02\/01-300x237.jpg 300w, https:\/\/jundiai.sp.gov.br\/noticias\/wp-content\/uploads\/sites\/32\/2025\/02\/01-768x607.jpg 768w, https:\/\/jundiai.sp.gov.br\/noticias\/wp-content\/uploads\/sites\/32\/2025\/02\/01-1536x1214.jpg 1536w, https:\/\/jundiai.sp.gov.br\/noticias\/wp-content\/uploads\/sites\/32\/2025\/02\/01.jpg 1900w\" sizes=\"auto, (max-width: 1214px) 100vw, 1214px\" \/><figcaption class=\"wp-element-caption\"><strong>Seguran\u00e7a Municipal recebe visita institucional da OAB Jundia\u00ed<\/strong><\/figcaption><\/figure>\n\n\n\n<p><strong>Foco no combate \u00e0 viol\u00eancia dom\u00e9stica<\/strong><br>A Patrulha Guardi\u00e3 Maria da Penha, programa voltado ao enfrentamento da viol\u00eancia dom\u00e9stica, foi um dos destaques do encontro. Com cerca de 240 medidas protetivas ativas, o programa foi detalhado pela subinspetora Adriana Camargo, coordenadora da iniciativa. \u201cA OAB Jundia\u00ed est\u00e1 \u00e0 disposi\u00e7\u00e3o para colaborar com o programa e apoiar as v\u00edtimas de viol\u00eancia dom\u00e9stica. Estamos comprometidos com esse trabalho conjunto\u201d, afirmou o presidente da OAB.<\/p>\n\n\n\n<p><strong>Avan\u00e7os e moderniza\u00e7\u00e3o<\/strong><br>A Guarda Municipal de Jundia\u00ed segue em processo de transi\u00e7\u00e3o para o novo espa\u00e7o no CIES. Enquanto os setores operacional e o Centro de Controle Operacional permanecem na Avenida Uni\u00e3o dos Ferrovi\u00e1rios, \u00e1reas administrativas, educacionais e o programa Guardi\u00e3 Maria da Penha j\u00e1 est\u00e3o instalados no novo complexo, ampliando a capacidade de atendimento e opera\u00e7\u00e3o da corpora\u00e7\u00e3o.<\/p>\n\n\n\n<p><strong>Assessoria de Imprensa<br>Foto: Fot\u00f3grafo PMJ<\/strong><\/p>\n","protected":false},"excerpt":{"rendered":"<p>O gestor da Unidade de Seguran\u00e7a Municipal (UGSM), Guilherme Balbino Rigo, recebeu na sede da Guarda Municipal de Jundia\u00ed, localizada no Complexo Fepasa, representantes da 33\u00aa Subse\u00e7\u00e3o da Ordem dos Advogados do Brasil (OAB) de Jundia\u00ed. O encontro teve como objetivo fortalecer a parceria entre as institui\u00e7\u00f5es, promovendo a troca de experi\u00eancias e ampliando o [&hellip;]<\/p>\n","protected":false},"author":121,"featured_media":353022,"comment_status":"closed","ping_status":"0","sticky":false,"template":"","format":"standard","meta":{"footnotes":""},"categories":[4620,2],"tags":[4808,2818],"ods":[],"class_list":["post-353021","post","type-post","status-publish","format-standard","has-post-thumbnail","hentry","category-destaques","category-noticias","tag-oab-jundiai","tag-seguranca-publica"],"_links":{"self":[{"href":"https:\/\/jundiai.sp.gov.br\/noticias\/wp-json\/wp\/v2\/posts\/353021","targetHints":{"allow":["GET"]}}],"collection":[{"href":"https:\/\/jundiai.sp.gov.br\/noticias\/wp-json\/wp\/v2\/posts"}],"about":[{"href":"https:\/\/jundiai.sp.gov.br\/noticias\/wp-json\/wp\/v2\/types\/post"}],"author":[{"embeddable":true,"href":"https:\/\/jundiai.sp.gov.br\/noticias\/wp-json\/wp\/v2\/users\/121"}],"replies":[{"embeddable":true,"href":"https:\/\/jundiai.sp.gov.br\/noticias\/wp-json\/wp\/v2\/comments?post=353021"}],"version-history":[{"count":1,"href":"https:\/\/jundiai.sp.gov.br\/noticias\/wp-json\/wp\/v2\/posts\/353021\/revisions"}],"predecessor-version":[{"id":353025,"href":"https:\/\/jundiai.sp.gov.br\/noticias\/wp-json\/wp\/v2\/posts\/353021\/revisions\/353025"}],"wp:featuredmedia":[{"embeddable":true,"href":"https:\/\/jundiai.sp.gov.br\/noticias\/wp-json\/wp\/v2\/media\/353022"}],"wp:attachment":[{"href":"https:\/\/jundiai.sp.gov.br\/noticias\/wp-json\/wp\/v2\/media?parent=353021"}],"wp:term":[{"taxonomy":"category","embeddable":true,"href":"https:\/\/jundiai.sp.gov.br\/noticias\/wp-json\/wp\/v2\/categories?post=353021"},{"taxonomy":"post_tag","embeddable":true,"href":"https:\/\/jundiai.sp.gov.br\/noticias\/wp-json\/wp\/v2\/tags?post=353021"},{"taxonomy":"ods","embeddable":true,"href":"https:\/\/jundiai.sp.gov.br\/noticias\/wp-json\/wp\/v2\/ods?post=353021"}],"curies":[{"name":"wp","href":"https:\/\/api.w.org\/{rel}","templated":true}]}}