{"id":353024,"date":"2025-02-07T15:15:00","date_gmt":"2025-02-07T18:15:00","guid":{"rendered":"https:\/\/jundiai.sp.gov.br\/noticias\/?p=353024"},"modified":"2025-02-07T12:38:44","modified_gmt":"2025-02-07T15:38:44","slug":"sala-gloria-rocha-e-fabrica-das-infancias-japy-tem-apresentacoes-gratuitas-no-fim-de-semana","status":"publish","type":"post","link":"https:\/\/jundiai.sp.gov.br\/noticias\/2025\/02\/07\/sala-gloria-rocha-e-fabrica-das-infancias-japy-tem-apresentacoes-gratuitas-no-fim-de-semana\/","title":{"rendered":"Sala Gl\u00f3ria Rocha e F\u00e1brica das Inf\u00e2ncias Japy t\u00eam apresenta\u00e7\u00f5es gratuitas no fim de semana"},"content":{"rendered":"\n<p>Al\u00e9m da programa\u00e7\u00e3o gratuita para todos os p\u00fablicos na <a href=\"https:\/\/jundiai.sp.gov.br\/noticias\/2025\/02\/06\/festa-da-uva-e-expo-vinhos-chega-ao-seu-terceiro-final-de-semana-com-programacao-para-todos-os-publicos\/\" target=\"_blank\" rel=\"noreferrer noopener\">40\u00aa Festa da Uva e 11\u00aa Expo Vinhos<\/a>, a Unidade de Gest\u00e3o de Cultura (UGC) tamb\u00e9m preparou uma s\u00e9rie de atra\u00e7\u00f5es gratuitas voltadas ao p\u00fablico infantojuvenil durante o final de semana.<\/p>\n\n\n\n<p>Na F\u00e1brica das Inf\u00e2ncias Japy (rua Lacerda Franco, 175 \u2013 vila Arens), est\u00e3o programadas duas oficinas gratuitas, sempre a partir das 10h30. Neste s\u00e1bado (08) tem <a href=\"https:\/\/cultura.jundiai.sp.gov.br\/agenda-cultural\/oficina-cultural-vem-brincar-comigo-com-sueli-patelli\/\" target=\"_blank\" rel=\"noreferrer noopener\">Vem Brincar Comigo<\/a>, em que Sueli Patelli prop\u00f5e uma viagem interativa ao mundo das brincadeiras e jogos. J\u00e1 no domingo (09) \u00e9 a vez da oficina <a href=\"https:\/\/cultura.jundiai.sp.gov.br\/agenda-cultural\/oficina-tekhton-e-as-formas-do-universo-com-a-trupe-pling-de-circo\/\" target=\"_blank\" rel=\"noreferrer noopener\">T\u00e9khton e as formas do Universo<\/a>, em que a Trupe Pling! de Circo prop\u00f5e um quebra-cabe\u00e7as com as diversas formas do universo.<\/p>\n\n\n\n<p>J\u00e1 na Sala Gl\u00f3ria Rocha do Centro das Artes Prefeito Pedro F\u00e1varo (rua Bar\u00e3o de Jundia\u00ed, 1093 \u2013 Centro), a Cia. Jovem de Dan\u00e7a faz duas apresenta\u00e7\u00f5es neste s\u00e1bado (08). \u00c0s 16h, tem <a href=\"https:\/\/cultura.jundiai.sp.gov.br\/agenda-cultural\/folia-dos-bichos-com-a-cia-jovem-de-danca-de-jundiai-3\/\" target=\"_blank\" rel=\"noreferrer noopener\">Folia dos Bichos<\/a>, espet\u00e1culo que mistura a alegria do Carnaval brasileiro com a uma celebra\u00e7\u00e3o vibrante da diversidade, da descoberta e do crescimento. J\u00e1 \u00e0s 20h, tamb\u00e9m na Sala Gl\u00f3ria Rocha, a Cia. apresenta um <a href=\"https:\/\/cultura.jundiai.sp.gov.br\/agenda-cultural\/programa-triplo-de-coreografias-com-a-cia-jovem-de-danca-de-jundiai-3\/\" target=\"_blank\" rel=\"noreferrer noopener\">programa triplo, com \u201cSuite Quebrakovsky\u201d, \u201cJ\u2019ai pens\u00e9\u201d e \u201cAquilo que guardo\u201d<\/a>, coreografias voltadas ao p\u00fablico jovem e adulto.<\/p>\n\n\n\n<figure class=\"wp-block-gallery has-nested-images columns-default is-cropped wp-block-gallery-1 is-layout-flex wp-block-gallery-is-layout-flex\">\n<figure class=\"wp-block-image size-large\"><img loading=\"lazy\" decoding=\"async\" width=\"1280\" height=\"854\" data-id=\"353029\" src=\"https:\/\/jundiai.sp.gov.br\/noticias\/wp-content\/uploads\/sites\/32\/2025\/02\/sala-gloria-rocha-novo-espetaculo-folia-dos-bichos-da-cia-jovem-de-danca_fm_-373-1280x854.jpg\" alt=\"\" class=\"wp-image-353029\" srcset=\"https:\/\/jundiai.sp.gov.br\/noticias\/wp-content\/uploads\/sites\/32\/2025\/02\/sala-gloria-rocha-novo-espetaculo-folia-dos-bichos-da-cia-jovem-de-danca_fm_-373-1280x854.jpg 1280w, https:\/\/jundiai.sp.gov.br\/noticias\/wp-content\/uploads\/sites\/32\/2025\/02\/sala-gloria-rocha-novo-espetaculo-folia-dos-bichos-da-cia-jovem-de-danca_fm_-373-300x200.jpg 300w, https:\/\/jundiai.sp.gov.br\/noticias\/wp-content\/uploads\/sites\/32\/2025\/02\/sala-gloria-rocha-novo-espetaculo-folia-dos-bichos-da-cia-jovem-de-danca_fm_-373-768x512.jpg 768w, https:\/\/jundiai.sp.gov.br\/noticias\/wp-content\/uploads\/sites\/32\/2025\/02\/sala-gloria-rocha-novo-espetaculo-folia-dos-bichos-da-cia-jovem-de-danca_fm_-373-1536x1024.jpg 1536w, https:\/\/jundiai.sp.gov.br\/noticias\/wp-content\/uploads\/sites\/32\/2025\/02\/sala-gloria-rocha-novo-espetaculo-folia-dos-bichos-da-cia-jovem-de-danca_fm_-373-450x300.jpg 450w, https:\/\/jundiai.sp.gov.br\/noticias\/wp-content\/uploads\/sites\/32\/2025\/02\/sala-gloria-rocha-novo-espetaculo-folia-dos-bichos-da-cia-jovem-de-danca_fm_-373.jpg 1900w\" sizes=\"auto, (max-width: 1280px) 100vw, 1280px\" \/><figcaption class=\"wp-element-caption\">&#8220;Folia dos Bichos&#8221;<\/figcaption><\/figure>\n\n\n\n<figure class=\"wp-block-image size-large\"><img loading=\"lazy\" decoding=\"async\" width=\"1280\" height=\"720\" data-id=\"353028\" src=\"https:\/\/jundiai.sp.gov.br\/noticias\/wp-content\/uploads\/sites\/32\/2025\/02\/aquilo_que_guardo_cia_jovem_de_danca-15-1280x720.jpg\" alt=\"\" class=\"wp-image-353028\" srcset=\"https:\/\/jundiai.sp.gov.br\/noticias\/wp-content\/uploads\/sites\/32\/2025\/02\/aquilo_que_guardo_cia_jovem_de_danca-15-1280x720.jpg 1280w, https:\/\/jundiai.sp.gov.br\/noticias\/wp-content\/uploads\/sites\/32\/2025\/02\/aquilo_que_guardo_cia_jovem_de_danca-15-300x169.jpg 300w, https:\/\/jundiai.sp.gov.br\/noticias\/wp-content\/uploads\/sites\/32\/2025\/02\/aquilo_que_guardo_cia_jovem_de_danca-15-768x432.jpg 768w, https:\/\/jundiai.sp.gov.br\/noticias\/wp-content\/uploads\/sites\/32\/2025\/02\/aquilo_que_guardo_cia_jovem_de_danca-15-1536x864.jpg 1536w, https:\/\/jundiai.sp.gov.br\/noticias\/wp-content\/uploads\/sites\/32\/2025\/02\/aquilo_que_guardo_cia_jovem_de_danca-15.jpg 1777w\" sizes=\"auto, (max-width: 1280px) 100vw, 1280px\" \/><figcaption class=\"wp-element-caption\">\u201cAquilo que guardo\u201d<\/figcaption><\/figure>\n<\/figure>\n\n\n\n<p>E no domingo (09), quem sobe ao palco da Sala Gl\u00f3ria Rocha \u00e9 a Companhia de Teatro de Jundia\u00ed, com a apresenta\u00e7\u00e3o de <a href=\"https:\/\/cultura.jundiai.sp.gov.br\/agenda-cultural\/r-i-p-uma-historia-de-amor-com-a-companhia-de-teatro-de-jundiai-4\/\" target=\"_blank\" rel=\"noreferrer noopener\">R.I.P. \u2013 Uma hist\u00f3ria de amor<\/a>. Com in\u00edcio \u00e0s 19h, o espet\u00e1culo<\/p>\n\n\n\n<p>Para os espet\u00e1culos na Sala Gl\u00f3ria Rocha, os ingressos gratuitos podem ser retirados na bilheteria e totens eletr\u00f4nicos do Centro das Artes ou pela internet, por meio da plataforma Sympla e na <a href=\"https:\/\/cultura.jundiai.sp.gov.br\/agenda-cultural\/\" target=\"_blank\" rel=\"noreferrer noopener\">Agenda Cultural<\/a>.<\/p>\n\n\n\n<p><strong>Mais corpos art\u00edsticos<\/strong><br>A Cia. Jovem de Dan\u00e7a apresenta &#8220;Folia dos Bichos&#8221; e seu programa triplo de coreografias por mais duas semanas na Sala Gl\u00f3ria Rocha, nos dias 15 e 22.<\/p>\n\n\n\n<p>J\u00e1 a Companhia de Teatro apresenta mais duas sess\u00f5es, mas dos espet\u00e1culos \u201cRobin Hood\u201d. As apresenta\u00e7\u00f5es s\u00e3o nas quintas-feiras \u2013 dias 13 e 20 -, a partir das 16h, na Sala Josette Feres do Centro das Artes.<\/p>\n\n\n\n<figure class=\"wp-block-gallery has-nested-images columns-default is-cropped wp-block-gallery-2 is-layout-flex wp-block-gallery-is-layout-flex\">\n<figure class=\"wp-block-image size-large\"><img loading=\"lazy\" decoding=\"async\" width=\"1280\" height=\"854\" data-id=\"353031\" src=\"https:\/\/jundiai.sp.gov.br\/noticias\/wp-content\/uploads\/sites\/32\/2025\/02\/gloria_rocha_espetaculo_rip_ws-476-1-1280x854.jpg\" alt=\"\" class=\"wp-image-353031\" srcset=\"https:\/\/jundiai.sp.gov.br\/noticias\/wp-content\/uploads\/sites\/32\/2025\/02\/gloria_rocha_espetaculo_rip_ws-476-1-1280x854.jpg 1280w, https:\/\/jundiai.sp.gov.br\/noticias\/wp-content\/uploads\/sites\/32\/2025\/02\/gloria_rocha_espetaculo_rip_ws-476-1-300x200.jpg 300w, https:\/\/jundiai.sp.gov.br\/noticias\/wp-content\/uploads\/sites\/32\/2025\/02\/gloria_rocha_espetaculo_rip_ws-476-1-768x512.jpg 768w, https:\/\/jundiai.sp.gov.br\/noticias\/wp-content\/uploads\/sites\/32\/2025\/02\/gloria_rocha_espetaculo_rip_ws-476-1-1536x1024.jpg 1536w, https:\/\/jundiai.sp.gov.br\/noticias\/wp-content\/uploads\/sites\/32\/2025\/02\/gloria_rocha_espetaculo_rip_ws-476-1-450x300.jpg 450w, https:\/\/jundiai.sp.gov.br\/noticias\/wp-content\/uploads\/sites\/32\/2025\/02\/gloria_rocha_espetaculo_rip_ws-476-1.jpg 1900w\" sizes=\"auto, (max-width: 1280px) 100vw, 1280px\" \/><figcaption class=\"wp-element-caption\">&#8220;R.I.P. \u2013 Uma hist\u00f3ria de amor&#8221;<\/figcaption><\/figure>\n\n\n\n<figure class=\"wp-block-image size-large\"><img loading=\"lazy\" decoding=\"async\" width=\"1200\" height=\"800\" data-id=\"353030\" src=\"https:\/\/jundiai.sp.gov.br\/noticias\/wp-content\/uploads\/sites\/32\/2025\/02\/visc_programacao_ferias_hobin_hood_espetaculo-16-1200x800-1.jpg\" alt=\"\" class=\"wp-image-353030\" srcset=\"https:\/\/jundiai.sp.gov.br\/noticias\/wp-content\/uploads\/sites\/32\/2025\/02\/visc_programacao_ferias_hobin_hood_espetaculo-16-1200x800-1.jpg 1200w, https:\/\/jundiai.sp.gov.br\/noticias\/wp-content\/uploads\/sites\/32\/2025\/02\/visc_programacao_ferias_hobin_hood_espetaculo-16-1200x800-1-300x200.jpg 300w, https:\/\/jundiai.sp.gov.br\/noticias\/wp-content\/uploads\/sites\/32\/2025\/02\/visc_programacao_ferias_hobin_hood_espetaculo-16-1200x800-1-768x512.jpg 768w, https:\/\/jundiai.sp.gov.br\/noticias\/wp-content\/uploads\/sites\/32\/2025\/02\/visc_programacao_ferias_hobin_hood_espetaculo-16-1200x800-1-450x300.jpg 450w\" sizes=\"auto, (max-width: 1200px) 100vw, 1200px\" \/><figcaption class=\"wp-element-caption\">&#8220;Robin Hood&#8221; <\/figcaption><\/figure>\n<\/figure>\n\n\n\n<p>A Orquestra Municipal de Jundia\u00ed (OMJ) tamb\u00e9m preparou dois concertos gratuitos na Sala Gl\u00f3ria Rocha, como abertura da pr\u00e9-temporada 2025. O primeiro deles ser\u00e1 nesta sexta-feira (14), \u00e0s 16h, e outro no domingo (16), a partir das 18h.<\/p>\n\n\n\n<p>Os detalhes da programa\u00e7\u00e3o podem ser conferidos na <a href=\"https:\/\/cultura.jundiai.sp.gov.br\/agenda-cultural\/\" target=\"_blank\" rel=\"noreferrer noopener\">Agenda Cultural<\/a>. <\/p>\n\n\n\n<figure class=\"wp-block-image size-large\"><img loading=\"lazy\" decoding=\"async\" width=\"1280\" height=\"854\" src=\"https:\/\/jundiai.sp.gov.br\/noticias\/wp-content\/uploads\/sites\/32\/2025\/02\/40_festa_da_uva_11_expo_vinhos_2025-32-1280x854.jpg\" alt=\"\" class=\"wp-image-353033\" srcset=\"https:\/\/jundiai.sp.gov.br\/noticias\/wp-content\/uploads\/sites\/32\/2025\/02\/40_festa_da_uva_11_expo_vinhos_2025-32-1280x854.jpg 1280w, https:\/\/jundiai.sp.gov.br\/noticias\/wp-content\/uploads\/sites\/32\/2025\/02\/40_festa_da_uva_11_expo_vinhos_2025-32-300x200.jpg 300w, https:\/\/jundiai.sp.gov.br\/noticias\/wp-content\/uploads\/sites\/32\/2025\/02\/40_festa_da_uva_11_expo_vinhos_2025-32-768x512.jpg 768w, https:\/\/jundiai.sp.gov.br\/noticias\/wp-content\/uploads\/sites\/32\/2025\/02\/40_festa_da_uva_11_expo_vinhos_2025-32-1536x1024.jpg 1536w, https:\/\/jundiai.sp.gov.br\/noticias\/wp-content\/uploads\/sites\/32\/2025\/02\/40_festa_da_uva_11_expo_vinhos_2025-32-450x300.jpg 450w, https:\/\/jundiai.sp.gov.br\/noticias\/wp-content\/uploads\/sites\/32\/2025\/02\/40_festa_da_uva_11_expo_vinhos_2025-32.jpg 1900w\" sizes=\"auto, (max-width: 1280px) 100vw, 1280px\" \/><figcaption class=\"wp-element-caption\">Programa\u00e7\u00e3o da Festa da Uva traz atra\u00e7\u00f5es e espa\u00e7os dedicados \u00e0 crian\u00e7ada<\/figcaption><\/figure>\n\n\n\n<p><strong>Assessoria de Imprensa<br>Fotos: Arquivo PMJ<\/strong> <\/p>\n","protected":false},"excerpt":{"rendered":"<p>Al\u00e9m da programa\u00e7\u00e3o gratuita para todos os p\u00fablicos na 40\u00aa Festa da Uva e 11\u00aa Expo Vinhos, a Unidade de Gest\u00e3o de Cultura (UGC) tamb\u00e9m preparou uma s\u00e9rie de atra\u00e7\u00f5es gratuitas voltadas ao p\u00fablico infantojuvenil durante o final de semana. Na F\u00e1brica das Inf\u00e2ncias Japy (rua Lacerda Franco, 175 \u2013 vila Arens), est\u00e3o programadas duas [&hellip;]<\/p>\n","protected":false},"author":14,"featured_media":353027,"comment_status":"closed","ping_status":"0","sticky":false,"template":"","format":"standard","meta":{"footnotes":""},"categories":[4620,2],"tags":[718,1130,812,29,2251,307,2225],"ods":[],"class_list":["post-353024","post","type-post","status-publish","format-standard","has-post-thumbnail","hentry","category-destaques","category-noticias","tag-centro-das-artes-prefeito-pedro-favaro","tag-cia-jovem-de-danca","tag-companhia-de-teatro-de-jundiai","tag-cultura","tag-fabrica-das-infancias-japy","tag-orquestra-municipal-de-jundiai","tag-sala-gloria-rocha"],"_links":{"self":[{"href":"https:\/\/jundiai.sp.gov.br\/noticias\/wp-json\/wp\/v2\/posts\/353024","targetHints":{"allow":["GET"]}}],"collection":[{"href":"https:\/\/jundiai.sp.gov.br\/noticias\/wp-json\/wp\/v2\/posts"}],"about":[{"href":"https:\/\/jundiai.sp.gov.br\/noticias\/wp-json\/wp\/v2\/types\/post"}],"author":[{"embeddable":true,"href":"https:\/\/jundiai.sp.gov.br\/noticias\/wp-json\/wp\/v2\/users\/14"}],"replies":[{"embeddable":true,"href":"https:\/\/jundiai.sp.gov.br\/noticias\/wp-json\/wp\/v2\/comments?post=353024"}],"version-history":[{"count":3,"href":"https:\/\/jundiai.sp.gov.br\/noticias\/wp-json\/wp\/v2\/posts\/353024\/revisions"}],"predecessor-version":[{"id":353034,"href":"https:\/\/jundiai.sp.gov.br\/noticias\/wp-json\/wp\/v2\/posts\/353024\/revisions\/353034"}],"wp:featuredmedia":[{"embeddable":true,"href":"https:\/\/jundiai.sp.gov.br\/noticias\/wp-json\/wp\/v2\/media\/353027"}],"wp:attachment":[{"href":"https:\/\/jundiai.sp.gov.br\/noticias\/wp-json\/wp\/v2\/media?parent=353024"}],"wp:term":[{"taxonomy":"category","embeddable":true,"href":"https:\/\/jundiai.sp.gov.br\/noticias\/wp-json\/wp\/v2\/categories?post=353024"},{"taxonomy":"post_tag","embeddable":true,"href":"https:\/\/jundiai.sp.gov.br\/noticias\/wp-json\/wp\/v2\/tags?post=353024"},{"taxonomy":"ods","embeddable":true,"href":"https:\/\/jundiai.sp.gov.br\/noticias\/wp-json\/wp\/v2\/ods?post=353024"}],"curies":[{"name":"wp","href":"https:\/\/api.w.org\/{rel}","templated":true}]}}