{"id":353189,"date":"2025-02-11T16:00:00","date_gmt":"2025-02-11T19:00:00","guid":{"rendered":"https:\/\/jundiai.sp.gov.br\/noticias\/?p=353189"},"modified":"2025-02-10T18:28:59","modified_gmt":"2025-02-10T21:28:59","slug":"cia-jovem-de-danca-e-coral-municipal-fazem-apresentacao-especial-na-festa-da-uva","status":"publish","type":"post","link":"https:\/\/jundiai.sp.gov.br\/noticias\/2025\/02\/11\/cia-jovem-de-danca-e-coral-municipal-fazem-apresentacao-especial-na-festa-da-uva\/","title":{"rendered":"Cia. Jovem de Dan\u00e7a e Coral Municipal fazem apresenta\u00e7\u00e3o especial na Festa da Uva"},"content":{"rendered":"\n<p>A programa\u00e7\u00e3o deste domingo (16), \u00faltimo dia da <a href=\"https:\/\/festadauva.jundiai.sp.gov.br\/\" target=\"_blank\" rel=\"noreferrer noopener\">40\u00aa Festa da Uva e 11\u00aa Expo Vinhos<\/a>, contar\u00e1 com as participa\u00e7\u00f5es especiais da Cia. Jovem de Dan\u00e7a e do Coral Municipal de Jundia\u00ed. Marcadas para o Palco Interno \u2013 Uva Niagara Rosada de Jundiahy, as apresenta\u00e7\u00f5es dos corpos art\u00edsticos municipais ligados \u00e0 Unidade de Gest\u00e3o de Cultura (UGC) levar\u00e3o trechos dos espet\u00e1culos especiais dos grupos para o p\u00fablico da Festa que \u00e9 a verdadeira \u201cPaix\u00e3o de Jundia\u00ed\u201d.<\/p>\n\n\n\n<p>A primeira apresenta\u00e7\u00e3o \u00e9 \u00e0s 11h \u00e9 a <a href=\"https:\/\/cultura.jundiai.sp.gov.br\/agenda-cultural\/40a-festa-da-uva-e-11a-expo-vinhos-cia-jovem-de-danca-apresenta-aquilo-que-guardo\/\" target=\"_blank\" rel=\"noreferrer noopener\">Cia. Jovem de Dan\u00e7a, com \u201cAquilo que guardo\u201d<\/a>, coreografia de Sarah Raquel que mergulha no universo po\u00e9tico da cantora Elis Regina. A voz potente da \u201cPimentinha\u201d, como era conhecida, une-se aos movimentos contempor\u00e2neos marcados pela subjetividade e convida o p\u00fablico a uma experi\u00eancia com diversas sensa\u00e7\u00f5es e emo\u00e7\u00f5es. O grupo tem dire\u00e7\u00e3o art\u00edstica de Alex Soares.<\/p>\n\n\n\n<figure class=\"wp-block-image size-large\"><img loading=\"lazy\" decoding=\"async\" width=\"1280\" height=\"720\" src=\"https:\/\/jundiai.sp.gov.br\/noticias\/wp-content\/uploads\/sites\/32\/2025\/02\/aquilo_que_guardo_cia_jovem_de_danca-17-1280x720.jpg\" alt=\"\" class=\"wp-image-353196\" srcset=\"https:\/\/jundiai.sp.gov.br\/noticias\/wp-content\/uploads\/sites\/32\/2025\/02\/aquilo_que_guardo_cia_jovem_de_danca-17-1280x720.jpg 1280w, https:\/\/jundiai.sp.gov.br\/noticias\/wp-content\/uploads\/sites\/32\/2025\/02\/aquilo_que_guardo_cia_jovem_de_danca-17-300x169.jpg 300w, https:\/\/jundiai.sp.gov.br\/noticias\/wp-content\/uploads\/sites\/32\/2025\/02\/aquilo_que_guardo_cia_jovem_de_danca-17-768x432.jpg 768w, https:\/\/jundiai.sp.gov.br\/noticias\/wp-content\/uploads\/sites\/32\/2025\/02\/aquilo_que_guardo_cia_jovem_de_danca-17-1536x864.jpg 1536w, https:\/\/jundiai.sp.gov.br\/noticias\/wp-content\/uploads\/sites\/32\/2025\/02\/aquilo_que_guardo_cia_jovem_de_danca-17.jpg 1777w\" sizes=\"auto, (max-width: 1280px) 100vw, 1280px\" \/><figcaption class=\"wp-element-caption\">Cia. Jovem de Dan\u00e7a apresenta &#8220;Aquilo que guardo\u201d, coreografia que mergulha no universo po\u00e9tico da cantora Elis Regina<\/figcaption><\/figure>\n\n\n\n<p>Em seguida, \u00e0s 11h30, quem sobe ao palco \u00e9 o <a href=\"https:\/\/cultura.jundiai.sp.gov.br\/agenda-cultural\/40a-festa-da-uva-e-11a-expo-vinhos-coral-municipal-apresenta-trechos-de-cinco-atos-de-amor\/\" target=\"_blank\" rel=\"noreferrer noopener\">Coral Municipal, com trechos de \u201cCinco Atos de Amor\u201d<\/a>, espet\u00e1culo emocionante que celebra o amor em suas diferentes formas e nuances. Por meio de uma experiencia musical repleta de sentimentos, o coro trar\u00e1 \u00e0 vida can\u00e7\u00f5es cl\u00e1ssicas e contempor\u00e2neas que exploram o amor em seu mais puro sentido, levando o p\u00fablico a refletir sobre as facetas deste sentimento universal e tocar os cora\u00e7\u00f5es atrav\u00e9s das harmonias. A dire\u00e7\u00e3o art\u00edstica e reg\u00eancia do Coral s\u00e3o de Vast\u00ed Atique e a pianista assistente \u00e9 Cintia Campos.<\/p>\n\n\n\n<p>O \u00faltimo final de semana da Festa ser\u00e1 nesta sexta-feira (14), das 18h \u00e0s 22h; s\u00e1bado (15), das 10h \u00e0s 22h; e no domingo (16), das 10h \u00e0s 21h. O Parque da Uva fica na avenida Jundia\u00ed, s\/n \u2013 Anhangaba\u00fa. A entrada \u00e9 gratuita, com ingresso volunt\u00e1rio de alimento n\u00e3o perec\u00edvel para o Fundo Social de Solidariedade (Funss).<\/p>\n\n\n\n<figure class=\"wp-block-image size-large\"><img loading=\"lazy\" decoding=\"async\" width=\"1280\" height=\"854\" src=\"https:\/\/jundiai.sp.gov.br\/noticias\/wp-content\/uploads\/sites\/32\/2025\/02\/coral-municipal-no-centro-das-artes-_-cinco-atos-de-amor-_ws-338-1280x854.jpg\" alt=\"\" class=\"wp-image-353197\" srcset=\"https:\/\/jundiai.sp.gov.br\/noticias\/wp-content\/uploads\/sites\/32\/2025\/02\/coral-municipal-no-centro-das-artes-_-cinco-atos-de-amor-_ws-338-1280x854.jpg 1280w, https:\/\/jundiai.sp.gov.br\/noticias\/wp-content\/uploads\/sites\/32\/2025\/02\/coral-municipal-no-centro-das-artes-_-cinco-atos-de-amor-_ws-338-300x200.jpg 300w, https:\/\/jundiai.sp.gov.br\/noticias\/wp-content\/uploads\/sites\/32\/2025\/02\/coral-municipal-no-centro-das-artes-_-cinco-atos-de-amor-_ws-338-768x512.jpg 768w, https:\/\/jundiai.sp.gov.br\/noticias\/wp-content\/uploads\/sites\/32\/2025\/02\/coral-municipal-no-centro-das-artes-_-cinco-atos-de-amor-_ws-338-1536x1024.jpg 1536w, https:\/\/jundiai.sp.gov.br\/noticias\/wp-content\/uploads\/sites\/32\/2025\/02\/coral-municipal-no-centro-das-artes-_-cinco-atos-de-amor-_ws-338-450x300.jpg 450w, https:\/\/jundiai.sp.gov.br\/noticias\/wp-content\/uploads\/sites\/32\/2025\/02\/coral-municipal-no-centro-das-artes-_-cinco-atos-de-amor-_ws-338.jpg 1900w\" sizes=\"auto, (max-width: 1280px) 100vw, 1280px\" \/><figcaption class=\"wp-element-caption\">A partir das 11h30\u00e9 a vez de &#8220;Cinco Atos de Amor&#8221;, com o Coral Municipal <\/figcaption><\/figure>\n\n\n\n<p><strong>Mais corpos art\u00edsticos<\/strong><br>Al\u00e9m das apresenta\u00e7\u00f5es na Festa da Uva, os corpos art\u00edsticos municipais est\u00e3o com diversas apresenta\u00e7\u00f5es j\u00e1 agendadas para o per\u00edodo.<\/p>\n\n\n\n<p>A <a href=\"https:\/\/cultura.jundiai.sp.gov.br\/eventos\/tag\/cia-jovem-de-danca\/\" target=\"_blank\" rel=\"noreferrer noopener\">Cia. Jovem de Dan\u00e7a<\/a> segue com sua turn\u00ea de f\u00e9rias na Sala Gl\u00f3ria Rocha do Centro das Artes Prefeito Pedro F\u00e1varo (rua Bar\u00e3o de Jundia\u00ed, 1093 \u2013 Centro) nos s\u00e1bados 15 e 22 de fevereiro. \u00c0s 16h, o grupo apresenta \u201cFolia dos Bichos\u201d para o p\u00fablico infantojuvenil, e \u00e0s 20h, o grupo traz um programa triplo de coreografias para os p\u00fablicos jovem e adulto, com as coreografias \u201cSuite Quebrakovsky\u201d, \u201cJ\u2019ai pens\u00e9\u201d e \u201cAquilo que guardo\u201d.<\/p>\n\n\n\n<p>J\u00e1 o <a href=\"https:\/\/cultura.jundiai.sp.gov.br\/eventos\/tag\/coral-municipal-de-jundiai\/\" target=\"_blank\" rel=\"noreferrer noopener\">Coral Municipal de Jundia\u00ed<\/a> apresenta \u201cCinco Atos de Amor\u201d na ter\u00e7a-feira (25), \u00e0s 20h, tamb\u00e9m na Sala Gl\u00f3ria Rocha.<\/p>\n\n\n\n<p>A <a href=\"https:\/\/cultura.jundiai.sp.gov.br\/eventos\/tag\/cia-de-teatro-de-jundiai\/\" target=\"_blank\" rel=\"noreferrer noopener\">Companhia de Teatro de Jundia\u00ed<\/a> tamb\u00e9m prossegue com suas apresenta\u00e7\u00f5es de f\u00e9rias na Sala Josette Feres do Centro das Artes. O grupo apresenta \u201cRobin Hood\u201d, a partir das 16h, nas quintas-feiras 13 e 20 de fevereiro.<\/p>\n\n\n\n<p>E a <a href=\"https:\/\/cultura.jundiai.sp.gov.br\/eventos\/tag\/orquestra-municipal-de-jundiai-omj\/\" target=\"_blank\" rel=\"noreferrer noopener\">Orquestra Municipal de Jundia\u00ed (OMJ)<\/a> realiza dois concertos da sua pr\u00e9-temporada 2025. As apresenta\u00e7\u00f5es na Sala Gl\u00f3ria Rocha ser\u00e3o nesta sexta-feira (14), \u00e0s 16h, e neste domingo (16), \u00e0s 18h.<\/p>\n\n\n\n<p>Os detalhes de todas as atra\u00e7\u00f5es podem ser conferidos na <a href=\"https:\/\/cultura.jundiai.sp.gov.br\/agenda-cultural\/\" target=\"_blank\" rel=\"noreferrer noopener\">Agenda Cultural<\/a>.<\/p>\n\n\n\n<figure class=\"wp-block-image size-large\"><img loading=\"lazy\" decoding=\"async\" width=\"1280\" height=\"854\" src=\"https:\/\/jundiai.sp.gov.br\/noticias\/wp-content\/uploads\/sites\/32\/2025\/02\/40_festa_da_uva_11_expo_vinhos_2025-79-1-1280x854.jpg\" alt=\"\" class=\"wp-image-353199\" srcset=\"https:\/\/jundiai.sp.gov.br\/noticias\/wp-content\/uploads\/sites\/32\/2025\/02\/40_festa_da_uva_11_expo_vinhos_2025-79-1-1280x854.jpg 1280w, https:\/\/jundiai.sp.gov.br\/noticias\/wp-content\/uploads\/sites\/32\/2025\/02\/40_festa_da_uva_11_expo_vinhos_2025-79-1-300x200.jpg 300w, https:\/\/jundiai.sp.gov.br\/noticias\/wp-content\/uploads\/sites\/32\/2025\/02\/40_festa_da_uva_11_expo_vinhos_2025-79-1-768x512.jpg 768w, https:\/\/jundiai.sp.gov.br\/noticias\/wp-content\/uploads\/sites\/32\/2025\/02\/40_festa_da_uva_11_expo_vinhos_2025-79-1-1536x1024.jpg 1536w, https:\/\/jundiai.sp.gov.br\/noticias\/wp-content\/uploads\/sites\/32\/2025\/02\/40_festa_da_uva_11_expo_vinhos_2025-79-1-450x300.jpg 450w, https:\/\/jundiai.sp.gov.br\/noticias\/wp-content\/uploads\/sites\/32\/2025\/02\/40_festa_da_uva_11_expo_vinhos_2025-79-1.jpg 1900w\" sizes=\"auto, (max-width: 1280px) 100vw, 1280px\" \/><figcaption class=\"wp-element-caption\">Apresenta\u00e7\u00f5es dos corpos art\u00edsticos na Festa ser\u00e3o no Palco Uva Niagara Rosada de Jundiahy <\/figcaption><\/figure>\n\n\n\n<p><strong>Assessoria de Imprensa<br>Fotos: Fot\u00f3grafos PMJ<\/strong><\/p>\n","protected":false},"excerpt":{"rendered":"<p>A programa\u00e7\u00e3o deste domingo (16), \u00faltimo dia da 40\u00aa Festa da Uva e 11\u00aa Expo Vinhos, contar\u00e1 com as participa\u00e7\u00f5es especiais da Cia. Jovem de Dan\u00e7a e do Coral Municipal de Jundia\u00ed. Marcadas para o Palco Interno \u2013 Uva Niagara Rosada de Jundiahy, as apresenta\u00e7\u00f5es dos corpos art\u00edsticos municipais ligados \u00e0 Unidade de Gest\u00e3o de [&hellip;]<\/p>\n","protected":false},"author":14,"featured_media":353198,"comment_status":"closed","ping_status":"0","sticky":false,"template":"","format":"standard","meta":{"footnotes":""},"categories":[4620,2],"tags":[4751,974,1130,275,29,1315],"ods":[],"class_list":["post-353189","post","type-post","status-publish","format-standard","has-post-thumbnail","hentry","category-destaques","category-noticias","tag-40a-festa-da-uva-e-11a-expo-vinhos","tag-agronegocio-abastecimento-e-turismo","tag-cia-jovem-de-danca","tag-coral-municipal-de-jundiai","tag-cultura","tag-turismo"],"_links":{"self":[{"href":"https:\/\/jundiai.sp.gov.br\/noticias\/wp-json\/wp\/v2\/posts\/353189","targetHints":{"allow":["GET"]}}],"collection":[{"href":"https:\/\/jundiai.sp.gov.br\/noticias\/wp-json\/wp\/v2\/posts"}],"about":[{"href":"https:\/\/jundiai.sp.gov.br\/noticias\/wp-json\/wp\/v2\/types\/post"}],"author":[{"embeddable":true,"href":"https:\/\/jundiai.sp.gov.br\/noticias\/wp-json\/wp\/v2\/users\/14"}],"replies":[{"embeddable":true,"href":"https:\/\/jundiai.sp.gov.br\/noticias\/wp-json\/wp\/v2\/comments?post=353189"}],"version-history":[{"count":3,"href":"https:\/\/jundiai.sp.gov.br\/noticias\/wp-json\/wp\/v2\/posts\/353189\/revisions"}],"predecessor-version":[{"id":353200,"href":"https:\/\/jundiai.sp.gov.br\/noticias\/wp-json\/wp\/v2\/posts\/353189\/revisions\/353200"}],"wp:featuredmedia":[{"embeddable":true,"href":"https:\/\/jundiai.sp.gov.br\/noticias\/wp-json\/wp\/v2\/media\/353198"}],"wp:attachment":[{"href":"https:\/\/jundiai.sp.gov.br\/noticias\/wp-json\/wp\/v2\/media?parent=353189"}],"wp:term":[{"taxonomy":"category","embeddable":true,"href":"https:\/\/jundiai.sp.gov.br\/noticias\/wp-json\/wp\/v2\/categories?post=353189"},{"taxonomy":"post_tag","embeddable":true,"href":"https:\/\/jundiai.sp.gov.br\/noticias\/wp-json\/wp\/v2\/tags?post=353189"},{"taxonomy":"ods","embeddable":true,"href":"https:\/\/jundiai.sp.gov.br\/noticias\/wp-json\/wp\/v2\/ods?post=353189"}],"curies":[{"name":"wp","href":"https:\/\/api.w.org\/{rel}","templated":true}]}}