{"id":353375,"date":"2025-02-13T14:00:00","date_gmt":"2025-02-13T17:00:00","guid":{"rendered":"https:\/\/jundiai.sp.gov.br\/noticias\/?p=353375"},"modified":"2025-02-13T10:19:09","modified_gmt":"2025-02-13T13:19:09","slug":"prefeitura-de-jundiai-reforca-acoes-de-seguranca-publica","status":"publish","type":"post","link":"https:\/\/jundiai.sp.gov.br\/noticias\/2025\/02\/13\/prefeitura-de-jundiai-reforca-acoes-de-seguranca-publica\/","title":{"rendered":"Prefeitura de Jundia\u00ed refor\u00e7a a\u00e7\u00f5es de seguran\u00e7a p\u00fablica"},"content":{"rendered":"\n<p>O prefeito Gustavo Martinelli, acompanhado do gestor de Seguran\u00e7a Municipal, Guilherme Rigo, e do Comandante da Guarda Municipal de Jundia\u00ed, C\u00e1ssio Nicola, realizou uma visita t\u00e9cnica aos bairros do Vianelo, Jardim Pitangueiras, Vila Argos e Vila Arens. Durante a agenda, foram ouvidas as principais demandas dos comerciantes e moradores, com foco na seguran\u00e7a e na mobilidade urbana da regi\u00e3o.<\/p>\n\n\n\n<figure class=\"wp-block-image size-large\"><img loading=\"lazy\" decoding=\"async\" width=\"1280\" height=\"852\" src=\"https:\/\/jundiai.sp.gov.br\/noticias\/wp-content\/uploads\/sites\/32\/2025\/02\/dtp_5867-1280x852.jpg\" alt=\"\" class=\"wp-image-353394\" srcset=\"https:\/\/jundiai.sp.gov.br\/noticias\/wp-content\/uploads\/sites\/32\/2025\/02\/dtp_5867-1280x852.jpg 1280w, https:\/\/jundiai.sp.gov.br\/noticias\/wp-content\/uploads\/sites\/32\/2025\/02\/dtp_5867-300x200.jpg 300w, https:\/\/jundiai.sp.gov.br\/noticias\/wp-content\/uploads\/sites\/32\/2025\/02\/dtp_5867-768x511.jpg 768w, https:\/\/jundiai.sp.gov.br\/noticias\/wp-content\/uploads\/sites\/32\/2025\/02\/dtp_5867-1536x1022.jpg 1536w, https:\/\/jundiai.sp.gov.br\/noticias\/wp-content\/uploads\/sites\/32\/2025\/02\/dtp_5867-450x300.jpg 450w, https:\/\/jundiai.sp.gov.br\/noticias\/wp-content\/uploads\/sites\/32\/2025\/02\/dtp_5867.jpg 1900w\" sizes=\"auto, (max-width: 1280px) 100vw, 1280px\" \/><figcaption class=\"wp-element-caption\">O objetivo foi entender as principais demandas dos comerciantes e moradores<\/figcaption><\/figure>\n\n\n\n<p>A iniciativa refor\u00e7a o compromisso da administra\u00e7\u00e3o municipal com a seguran\u00e7a p\u00fablica, promovendo o di\u00e1logo direto com a popula\u00e7\u00e3o e avaliando a\u00e7\u00f5es para aprimorar o patrulhamento comunit\u00e1rio. Os comerciantes destacaram a import\u00e2ncia de medidas voltadas \u00e0 seguran\u00e7a, al\u00e9m da necessidade de refor\u00e7o na fiscaliza\u00e7\u00e3o do tr\u00e2nsito em pontos estrat\u00e9gicos.<\/p>\n\n\n\n<p>Durante a visita, o prefeito tamb\u00e9m acompanhou as obras de melhoria no cruzamento da Rua Pitangueiras com a Avenida Odil Campos de Saes, que visam aumentar a fluidez vi\u00e1ria e a seguran\u00e7a para pedestres e motoristas. &#8220;Nosso objetivo \u00e9 intensificar o patrulhamento comunit\u00e1rio e promover uma Guarda Municipal ainda mais presente, garantindo mais tranquilidade para a popula\u00e7\u00e3o. Mesmo diante dos desafios or\u00e7ament\u00e1rios, estamos estruturando projetos estrat\u00e9gicos que ser\u00e3o implementados nos pr\u00f3ximos meses&#8221;, afirmou o prefeito.<\/p>\n\n\n\n<p>O Comandante da Guarda Municipal, C\u00e1ssio Nicola, anunciou que, a partir do pr\u00f3ximo m\u00eas, ser\u00e1 iniciado um patrulhamento direcionado nos bairros do Vianelo, Vila Argos e Vila Arens, com refor\u00e7o no policiamento ostensivo. &#8220;J\u00e1 estamos organizando o remanejamento de viaturas, motocicletas e bicicletas para a regi\u00e3o, al\u00e9m de fortalecer o trabalho conjunto com a equipe da Assist\u00eancia Social para o acolhimento de pessoas em situa\u00e7\u00e3o de vulnerabilidade&#8221;, explicou Nicola.<\/p>\n\n\n\n<div class=\"wp-block-columns is-layout-flex wp-container-core-columns-is-layout-9d6595d7 wp-block-columns-is-layout-flex\">\n<div class=\"wp-block-column is-layout-flow wp-block-column-is-layout-flow\">\n<figure class=\"wp-block-image size-large\"><img loading=\"lazy\" decoding=\"async\" width=\"1280\" height=\"852\" src=\"https:\/\/jundiai.sp.gov.br\/noticias\/wp-content\/uploads\/sites\/32\/2025\/02\/dtp_5898-1280x852.jpg\" alt=\"\" class=\"wp-image-353395\" srcset=\"https:\/\/jundiai.sp.gov.br\/noticias\/wp-content\/uploads\/sites\/32\/2025\/02\/dtp_5898-1280x852.jpg 1280w, https:\/\/jundiai.sp.gov.br\/noticias\/wp-content\/uploads\/sites\/32\/2025\/02\/dtp_5898-300x200.jpg 300w, https:\/\/jundiai.sp.gov.br\/noticias\/wp-content\/uploads\/sites\/32\/2025\/02\/dtp_5898-768x511.jpg 768w, https:\/\/jundiai.sp.gov.br\/noticias\/wp-content\/uploads\/sites\/32\/2025\/02\/dtp_5898-1536x1022.jpg 1536w, https:\/\/jundiai.sp.gov.br\/noticias\/wp-content\/uploads\/sites\/32\/2025\/02\/dtp_5898-450x300.jpg 450w, https:\/\/jundiai.sp.gov.br\/noticias\/wp-content\/uploads\/sites\/32\/2025\/02\/dtp_5898.jpg 1900w\" sizes=\"auto, (max-width: 1280px) 100vw, 1280px\" \/><\/figure>\n<\/div>\n\n\n\n<div class=\"wp-block-column is-layout-flow wp-block-column-is-layout-flow\">\n<figure class=\"wp-block-image size-large\"><img loading=\"lazy\" decoding=\"async\" width=\"1280\" height=\"852\" src=\"https:\/\/jundiai.sp.gov.br\/noticias\/wp-content\/uploads\/sites\/32\/2025\/02\/dtp_5880-1280x852.jpg\" alt=\"\" class=\"wp-image-353396\" srcset=\"https:\/\/jundiai.sp.gov.br\/noticias\/wp-content\/uploads\/sites\/32\/2025\/02\/dtp_5880-1280x852.jpg 1280w, https:\/\/jundiai.sp.gov.br\/noticias\/wp-content\/uploads\/sites\/32\/2025\/02\/dtp_5880-300x200.jpg 300w, https:\/\/jundiai.sp.gov.br\/noticias\/wp-content\/uploads\/sites\/32\/2025\/02\/dtp_5880-768x511.jpg 768w, https:\/\/jundiai.sp.gov.br\/noticias\/wp-content\/uploads\/sites\/32\/2025\/02\/dtp_5880-1536x1022.jpg 1536w, https:\/\/jundiai.sp.gov.br\/noticias\/wp-content\/uploads\/sites\/32\/2025\/02\/dtp_5880-450x300.jpg 450w, https:\/\/jundiai.sp.gov.br\/noticias\/wp-content\/uploads\/sites\/32\/2025\/02\/dtp_5880.jpg 1900w\" sizes=\"auto, (max-width: 1280px) 100vw, 1280px\" \/><\/figure>\n<\/div>\n<\/div>\n\n\n\n<p>O Gestor de Seguran\u00e7a, Guilherme Rigo, destacou ainda que est\u00e3o em andamento atualiza\u00e7\u00f5es legislativas voltadas \u00e0 amplia\u00e7\u00e3o da atua\u00e7\u00e3o da Guarda Municipal. &#8220;Estamos trabalhando para garantir mais autonomia \u00e0 corpora\u00e7\u00e3o e aprimorar os servi\u00e7os prestados \u00e0 popula\u00e7\u00e3o. Algumas demandas ainda esbarram em restri\u00e7\u00f5es legais, e a atualiza\u00e7\u00e3o da legisla\u00e7\u00e3o permitir\u00e1 maior efici\u00eancia nas opera\u00e7\u00f5es&#8221;, finalizou.<\/p>\n\n\n\n<p><strong>Assessoria de Imprensa<br>Foto: Fot\u00f3grafo PMJ<\/strong><\/p>\n\n\n\n<p><\/p>\n","protected":false},"excerpt":{"rendered":"<p>O prefeito Gustavo Martinelli, acompanhado do gestor de Seguran\u00e7a Municipal, Guilherme Rigo, e do Comandante da Guarda Municipal de Jundia\u00ed, C\u00e1ssio Nicola, realizou uma visita t\u00e9cnica aos bairros do Vianelo, Jardim Pitangueiras, Vila Argos e Vila Arens. Durante a agenda, foram ouvidas as principais demandas dos comerciantes e moradores, com foco na seguran\u00e7a e na [&hellip;]<\/p>\n","protected":false},"author":121,"featured_media":353395,"comment_status":"closed","ping_status":"0","sticky":false,"template":"","format":"standard","meta":{"footnotes":""},"categories":[2],"tags":[2632,4773,27,3178,2963],"ods":[],"class_list":["post-353375","post","type-post","status-publish","format-standard","has-post-thumbnail","hentry","category-noticias","tag-guarda-municipal-de-jundiai","tag-seguranca-publica-2","tag-transito","tag-vianelo","tag-vila-arens"],"_links":{"self":[{"href":"https:\/\/jundiai.sp.gov.br\/noticias\/wp-json\/wp\/v2\/posts\/353375","targetHints":{"allow":["GET"]}}],"collection":[{"href":"https:\/\/jundiai.sp.gov.br\/noticias\/wp-json\/wp\/v2\/posts"}],"about":[{"href":"https:\/\/jundiai.sp.gov.br\/noticias\/wp-json\/wp\/v2\/types\/post"}],"author":[{"embeddable":true,"href":"https:\/\/jundiai.sp.gov.br\/noticias\/wp-json\/wp\/v2\/users\/121"}],"replies":[{"embeddable":true,"href":"https:\/\/jundiai.sp.gov.br\/noticias\/wp-json\/wp\/v2\/comments?post=353375"}],"version-history":[{"count":3,"href":"https:\/\/jundiai.sp.gov.br\/noticias\/wp-json\/wp\/v2\/posts\/353375\/revisions"}],"predecessor-version":[{"id":353438,"href":"https:\/\/jundiai.sp.gov.br\/noticias\/wp-json\/wp\/v2\/posts\/353375\/revisions\/353438"}],"wp:featuredmedia":[{"embeddable":true,"href":"https:\/\/jundiai.sp.gov.br\/noticias\/wp-json\/wp\/v2\/media\/353395"}],"wp:attachment":[{"href":"https:\/\/jundiai.sp.gov.br\/noticias\/wp-json\/wp\/v2\/media?parent=353375"}],"wp:term":[{"taxonomy":"category","embeddable":true,"href":"https:\/\/jundiai.sp.gov.br\/noticias\/wp-json\/wp\/v2\/categories?post=353375"},{"taxonomy":"post_tag","embeddable":true,"href":"https:\/\/jundiai.sp.gov.br\/noticias\/wp-json\/wp\/v2\/tags?post=353375"},{"taxonomy":"ods","embeddable":true,"href":"https:\/\/jundiai.sp.gov.br\/noticias\/wp-json\/wp\/v2\/ods?post=353375"}],"curies":[{"name":"wp","href":"https:\/\/api.w.org\/{rel}","templated":true}]}}