{"id":353588,"date":"2025-02-19T08:30:00","date_gmt":"2025-02-19T11:30:00","guid":{"rendered":"https:\/\/jundiai.sp.gov.br\/noticias\/?p=353588"},"modified":"2025-02-21T11:37:10","modified_gmt":"2025-02-21T14:37:10","slug":"divulgada-a-1a-chamada-da-lista-de-espera-para-vagas-remanescentes-da-natacao-infantil-e-adulto","status":"publish","type":"post","link":"https:\/\/jundiai.sp.gov.br\/noticias\/2025\/02\/19\/divulgada-a-1a-chamada-da-lista-de-espera-para-vagas-remanescentes-da-natacao-infantil-e-adulto\/","title":{"rendered":"Prefeitura de Jundia\u00ed divulga a primeira chamada da lista de espera para vagas remanescentes de nata\u00e7\u00e3o infantil e adulta"},"content":{"rendered":"\n<p>A Prefeitura de Jundia\u00ed, por meio da Unidade de Gest\u00e3o de Esporte e Lazer (UGEL), divulgou a 1\u00aa chamada da lista de espera dos candidatos sorteados para as vagas remanescentes da nata\u00e7\u00e3o infantil e adulto.<\/p>\n\n\n\n<figure class=\"wp-block-image size-full\"><img loading=\"lazy\" decoding=\"async\" width=\"1280\" height=\"854\" src=\"https:\/\/jundiai.sp.gov.br\/noticias\/wp-content\/uploads\/sites\/32\/2025\/02\/jogos-infantis-natacao_c_-121-17-02.jpg\" alt=\"\" class=\"wp-image-353589\" srcset=\"https:\/\/jundiai.sp.gov.br\/noticias\/wp-content\/uploads\/sites\/32\/2025\/02\/jogos-infantis-natacao_c_-121-17-02.jpg 1280w, https:\/\/jundiai.sp.gov.br\/noticias\/wp-content\/uploads\/sites\/32\/2025\/02\/jogos-infantis-natacao_c_-121-17-02-300x200.jpg 300w, https:\/\/jundiai.sp.gov.br\/noticias\/wp-content\/uploads\/sites\/32\/2025\/02\/jogos-infantis-natacao_c_-121-17-02-768x512.jpg 768w, https:\/\/jundiai.sp.gov.br\/noticias\/wp-content\/uploads\/sites\/32\/2025\/02\/jogos-infantis-natacao_c_-121-17-02-450x300.jpg 450w\" sizes=\"auto, (max-width: 1280px) 100vw, 1280px\" \/><figcaption class=\"wp-element-caption\">Divulgada a 1\u00aa chamada da lista de espera para nata\u00e7\u00e3o de jovens e adultos<\/figcaption><\/figure>\n\n\n\n<p>Confira a rela\u00e7\u00e3o completa dos contemplados clicando <a href=\"https:\/\/imprensaoficial.jundiai.sp.gov.br\/edicao-5593\" data-type=\"link\" data-id=\"https:\/\/imprensaoficial.jundiai.sp.gov.br\/edicao-5593\" target=\"_blank\" rel=\"noreferrer noopener\">aqui<\/a>.<\/p>\n\n\n\n<p><strong>Datas das matr\u00edculas:<\/strong> 05\/03\/2025 (quarta-feira) e\/ou 06\/03\/2025 (quinta-feira).<br><strong>Hor\u00e1rios:<\/strong> 7h30 \u00e0s 11h30 e das 13h30 \u00e0s 15h30.<br><strong>Local:<\/strong> Complexo Aqu\u00e1tico Devanir Wanderlei Penteado J\u00fanior &#8211; do CECE Dr. Nicolino de Luca \u2013 Bol\u00e3o: Rua Rodrigo Soares de Oliveira S\/N Bairro Anhangaba\u00fa \u2013 Jundia\u00ed\/SP,<br><strong>Contato: <\/strong>(11) 4589-6937.<br><br><strong>Documentos necess\u00e1rios:<\/strong><br>&#8211; C\u00f3pia do R.G;<br>&#8211; C\u00f3pia do comprovante de resid\u00eancia em nome do candidato ou respons\u00e1vel &#8211; comprovantes oficiais ou contrato de aluguel, com firma reconhecida.<br>&#8211; Atestado m\u00e9dico dermatol\u00f3gico recente, com a possibilidade da solicita\u00e7\u00e3o de atestado de aptid\u00e3o f\u00edsica conforme resultado do teste PAR-Q, que comp\u00f5em a ficha de cadastro;<br>&#8211; 01 Foto 3&#215;4 recente;<br>&#8211; Preenchimento da ficha de cadastro fornecido no local. O n\u00e3o comparecimento no dia da matr\u00edcula ou a documenta\u00e7\u00e3o incompleta acarretar\u00e1 automaticamente na perda da vaga do candidato.<br><em>Ps: N\u00e3o haver\u00e1 troca de inscri\u00e7\u00f5es sorteadas.<\/em><br><em><br><\/em>Para garantir a seguran\u00e7a e a qualidade do atendimento, candidatos que apresentarem comprometimento f\u00edsico, visual ou mental, ou possu\u00edrem alguma s\u00edndrome ou defici\u00eancia que impossibilite a pr\u00e1tica segura da nata\u00e7\u00e3o no DEEP ser\u00e3o encaminhados ao Departamento de Esporte Adaptado, que oferece atendimento especializado e conta com procedimentos espec\u00edficos para cada caso.<br><br><strong>Assessoria de Imprensa<br>Fotos: Divulga\u00e7\u00e3o<\/strong><\/p>\n","protected":false},"excerpt":{"rendered":"<p>A Prefeitura de Jundia\u00ed, por meio da Unidade de Gest\u00e3o de Esporte e Lazer (UGEL), divulgou a 1\u00aa chamada da lista de espera dos candidatos sorteados para as vagas remanescentes da nata\u00e7\u00e3o infantil e adulto. Confira a rela\u00e7\u00e3o completa dos contemplados clicando aqui. Datas das matr\u00edculas: 05\/03\/2025 (quarta-feira) e\/ou 06\/03\/2025 (quinta-feira).Hor\u00e1rios: 7h30 \u00e0s 11h30 e [&hellip;]<\/p>\n","protected":false},"author":123,"featured_media":353589,"comment_status":"closed","ping_status":"0","sticky":false,"template":"","format":"standard","meta":{"footnotes":""},"categories":[2],"tags":[35,92,1290],"ods":[],"class_list":["post-353588","post","type-post","status-publish","format-standard","has-post-thumbnail","hentry","category-noticias","tag-esporte-e-lazer","tag-natacao","tag-unidade-de-gestao-de-esporte-e-lazer-ugel"],"_links":{"self":[{"href":"https:\/\/jundiai.sp.gov.br\/noticias\/wp-json\/wp\/v2\/posts\/353588","targetHints":{"allow":["GET"]}}],"collection":[{"href":"https:\/\/jundiai.sp.gov.br\/noticias\/wp-json\/wp\/v2\/posts"}],"about":[{"href":"https:\/\/jundiai.sp.gov.br\/noticias\/wp-json\/wp\/v2\/types\/post"}],"author":[{"embeddable":true,"href":"https:\/\/jundiai.sp.gov.br\/noticias\/wp-json\/wp\/v2\/users\/123"}],"replies":[{"embeddable":true,"href":"https:\/\/jundiai.sp.gov.br\/noticias\/wp-json\/wp\/v2\/comments?post=353588"}],"version-history":[{"count":4,"href":"https:\/\/jundiai.sp.gov.br\/noticias\/wp-json\/wp\/v2\/posts\/353588\/revisions"}],"predecessor-version":[{"id":353725,"href":"https:\/\/jundiai.sp.gov.br\/noticias\/wp-json\/wp\/v2\/posts\/353588\/revisions\/353725"}],"wp:featuredmedia":[{"embeddable":true,"href":"https:\/\/jundiai.sp.gov.br\/noticias\/wp-json\/wp\/v2\/media\/353589"}],"wp:attachment":[{"href":"https:\/\/jundiai.sp.gov.br\/noticias\/wp-json\/wp\/v2\/media?parent=353588"}],"wp:term":[{"taxonomy":"category","embeddable":true,"href":"https:\/\/jundiai.sp.gov.br\/noticias\/wp-json\/wp\/v2\/categories?post=353588"},{"taxonomy":"post_tag","embeddable":true,"href":"https:\/\/jundiai.sp.gov.br\/noticias\/wp-json\/wp\/v2\/tags?post=353588"},{"taxonomy":"ods","embeddable":true,"href":"https:\/\/jundiai.sp.gov.br\/noticias\/wp-json\/wp\/v2\/ods?post=353588"}],"curies":[{"name":"wp","href":"https:\/\/api.w.org\/{rel}","templated":true}]}}