{"id":353795,"date":"2025-02-19T18:46:47","date_gmt":"2025-02-19T21:46:47","guid":{"rendered":"https:\/\/jundiai.sp.gov.br\/noticias\/?p=353795"},"modified":"2025-02-19T18:46:47","modified_gmt":"2025-02-19T21:46:47","slug":"programa-da-prefeitura-de-jundiai-promove-encontro-entre-criancas-e-campeas-mundiais-de-beach-tennis","status":"publish","type":"post","link":"https:\/\/jundiai.sp.gov.br\/noticias\/2025\/02\/19\/programa-da-prefeitura-de-jundiai-promove-encontro-entre-criancas-e-campeas-mundiais-de-beach-tennis\/","title":{"rendered":"Programa da Prefeitura de Jundia\u00ed promove encontro entre crian\u00e7as e campe\u00e3s mundiais de Beach Tennis"},"content":{"rendered":"\n<p>O Programa P\u00fablico Esportivo Praia T\u00eanis, desenvolvido pela Prefeitura de Jundia\u00ed por meio da Unidade de Gest\u00e3o de Esporte e Lazer (UGEL), recebeu nesta quarta-feira (19) a visita da dupla campe\u00e3 mundial de Beach Tennis feminino, formada pela brasileira Rafaella Miiller e pela venezuelana Patty Diaz. O encontro marcou a abertura da temporada 2025 do programa e proporcionou uma experi\u00eancia enriquecedora para as crian\u00e7as participantes.<\/p>\n\n\n\n<figure class=\"wp-block-gallery has-nested-images columns-default is-cropped wp-block-gallery-1 is-layout-flex wp-block-gallery-is-layout-flex\">\n<figure class=\"wp-block-image size-large\"><img loading=\"lazy\" decoding=\"async\" width=\"1280\" height=\"854\" data-id=\"353796\" src=\"https:\/\/jundiai.sp.gov.br\/noticias\/wp-content\/uploads\/sites\/32\/2025\/02\/praia_tenis_dupla_n1_mundo_das_criancas-23-19-02-1280x854.jpg\" alt=\"\" class=\"wp-image-353796\" srcset=\"https:\/\/jundiai.sp.gov.br\/noticias\/wp-content\/uploads\/sites\/32\/2025\/02\/praia_tenis_dupla_n1_mundo_das_criancas-23-19-02-1280x854.jpg 1280w, https:\/\/jundiai.sp.gov.br\/noticias\/wp-content\/uploads\/sites\/32\/2025\/02\/praia_tenis_dupla_n1_mundo_das_criancas-23-19-02-300x200.jpg 300w, https:\/\/jundiai.sp.gov.br\/noticias\/wp-content\/uploads\/sites\/32\/2025\/02\/praia_tenis_dupla_n1_mundo_das_criancas-23-19-02-768x512.jpg 768w, https:\/\/jundiai.sp.gov.br\/noticias\/wp-content\/uploads\/sites\/32\/2025\/02\/praia_tenis_dupla_n1_mundo_das_criancas-23-19-02-1536x1024.jpg 1536w, https:\/\/jundiai.sp.gov.br\/noticias\/wp-content\/uploads\/sites\/32\/2025\/02\/praia_tenis_dupla_n1_mundo_das_criancas-23-19-02-450x300.jpg 450w, https:\/\/jundiai.sp.gov.br\/noticias\/wp-content\/uploads\/sites\/32\/2025\/02\/praia_tenis_dupla_n1_mundo_das_criancas-23-19-02.jpg 1900w\" sizes=\"auto, (max-width: 1280px) 100vw, 1280px\" \/><\/figure>\n\n\n\n<figure class=\"wp-block-image size-large\"><img loading=\"lazy\" decoding=\"async\" width=\"1280\" height=\"854\" data-id=\"353797\" src=\"https:\/\/jundiai.sp.gov.br\/noticias\/wp-content\/uploads\/sites\/32\/2025\/02\/praia_tenis_dupla_n1_mundo_das_criancas-95-19-02-1280x854.jpg\" alt=\"\" class=\"wp-image-353797\" srcset=\"https:\/\/jundiai.sp.gov.br\/noticias\/wp-content\/uploads\/sites\/32\/2025\/02\/praia_tenis_dupla_n1_mundo_das_criancas-95-19-02-1280x854.jpg 1280w, https:\/\/jundiai.sp.gov.br\/noticias\/wp-content\/uploads\/sites\/32\/2025\/02\/praia_tenis_dupla_n1_mundo_das_criancas-95-19-02-300x200.jpg 300w, https:\/\/jundiai.sp.gov.br\/noticias\/wp-content\/uploads\/sites\/32\/2025\/02\/praia_tenis_dupla_n1_mundo_das_criancas-95-19-02-768x512.jpg 768w, https:\/\/jundiai.sp.gov.br\/noticias\/wp-content\/uploads\/sites\/32\/2025\/02\/praia_tenis_dupla_n1_mundo_das_criancas-95-19-02-1536x1024.jpg 1536w, https:\/\/jundiai.sp.gov.br\/noticias\/wp-content\/uploads\/sites\/32\/2025\/02\/praia_tenis_dupla_n1_mundo_das_criancas-95-19-02-450x300.jpg 450w, https:\/\/jundiai.sp.gov.br\/noticias\/wp-content\/uploads\/sites\/32\/2025\/02\/praia_tenis_dupla_n1_mundo_das_criancas-95-19-02.jpg 1900w\" sizes=\"auto, (max-width: 1280px) 100vw, 1280px\" \/><\/figure>\n<figcaption class=\"blocks-gallery-caption wp-element-caption\">Dupla campe\u00e3 mundial de Beach Tennis durante encontro com crian\u00e7as do Programa P\u00fablico Praia T\u00eanis<\/figcaption><\/figure>\n\n\n\n<p>Durante a visita, as atletas compartilharam experi\u00eancias e refor\u00e7aram a import\u00e2ncia da pr\u00e1tica esportiva para o desenvolvimento pessoal e social. \u201cProgramas como esse s\u00e3o fundamentais para incentivar o esporte e proporcionar oportunidades para crian\u00e7as e jovens\u201d, destacou Rafaella Miiller.<\/p>\n\n\n\n<p>A venezuelana Patty Diaz ressaltou a import\u00e2ncia da troca de experi\u00eancias com os jovens atletas. \u201cFaz tempo que estamos no esporte, vivenciando uma rotina intensa de competi\u00e7\u00f5es e desafios. Estar aqui, junto \u00e0s crian\u00e7as, nos permite lembrar da nossa trajet\u00f3ria e do que o esporte nos proporcionou. \u00c9 um momento de aprendizado e gratid\u00e3o\u201d, afirmou.<\/p>\n\n\n\n<p>A iniciativa refor\u00e7a o compromisso da Prefeitura de Jundia\u00ed com a democratiza\u00e7\u00e3o do acesso ao esporte. O Programa P\u00fablico Esportivo Praia T\u00eanis oferece aulas gratuitas para todas as idades e j\u00e1 formou mais de 800 praticantes.<\/p>\n\n\n\n<p>\u201cO esporte \u00e9 uma ferramenta essencial de transforma\u00e7\u00e3o social. Trazer atletas de reconhecimento internacional para interagir com as crian\u00e7as amplia horizontes e fortalece o interesse pela modalidade\u201d, explicou o treinador da categoria sub-12 do programa, Felipe Cunha.<\/p>\n\n\n\n<p>A gestora da UGEL, Rita Orsi, tamb\u00e9m destacou a relev\u00e2ncia dos programas esportivos municipais. \u201cO Praia T\u00eanis \u00e9 um projeto inovador que tem despertado grande interesse. A cada seis meses, novas vagas s\u00e3o disponibilizadas, permitindo que mais pessoas tenham acesso ao esporte e seus benef\u00edcios\u201d, concluiu.<\/p>\n\n\n\n<figure class=\"wp-block-image size-large\"><img loading=\"lazy\" decoding=\"async\" width=\"1280\" height=\"862\" src=\"https:\/\/jundiai.sp.gov.br\/noticias\/wp-content\/uploads\/sites\/32\/2025\/02\/praia_tenis_dupla_n1_mundo_das_criancas-33-19-02-1280x862.jpg\" alt=\"\" class=\"wp-image-353800\" srcset=\"https:\/\/jundiai.sp.gov.br\/noticias\/wp-content\/uploads\/sites\/32\/2025\/02\/praia_tenis_dupla_n1_mundo_das_criancas-33-19-02-1280x862.jpg 1280w, https:\/\/jundiai.sp.gov.br\/noticias\/wp-content\/uploads\/sites\/32\/2025\/02\/praia_tenis_dupla_n1_mundo_das_criancas-33-19-02-300x202.jpg 300w, https:\/\/jundiai.sp.gov.br\/noticias\/wp-content\/uploads\/sites\/32\/2025\/02\/praia_tenis_dupla_n1_mundo_das_criancas-33-19-02-768x517.jpg 768w, https:\/\/jundiai.sp.gov.br\/noticias\/wp-content\/uploads\/sites\/32\/2025\/02\/praia_tenis_dupla_n1_mundo_das_criancas-33-19-02-1536x1035.jpg 1536w, https:\/\/jundiai.sp.gov.br\/noticias\/wp-content\/uploads\/sites\/32\/2025\/02\/praia_tenis_dupla_n1_mundo_das_criancas-33-19-02.jpg 1900w\" sizes=\"auto, (max-width: 1280px) 100vw, 1280px\" \/><figcaption class=\"wp-element-caption\">Segundo a gestora da UGEL a ades\u00e3o ao Beach Tennis tem sido cada vez mais<\/figcaption><\/figure>\n\n\n\n<p>A Unidade de Gest\u00e3o de Esporte e Lazer informa que, em breve, ser\u00e3o abertas inscri\u00e7\u00f5es para novas turmas em 2025, ampliando o acesso \u00e0 pr\u00e1tica esportiva na cidade.<br><br><strong>Assessoria de Imprensa<\/strong><br><strong>Fotos: Fot\u00f3grafos PMJ<\/strong><\/p>\n","protected":false},"excerpt":{"rendered":"<p>O Programa P\u00fablico Esportivo Praia T\u00eanis, desenvolvido pela Prefeitura de Jundia\u00ed por meio da Unidade de Gest\u00e3o de Esporte e Lazer (UGEL), recebeu nesta quarta-feira (19) a visita da dupla campe\u00e3 mundial de Beach Tennis feminino, formada pela brasileira Rafaella Miiller e pela venezuelana Patty Diaz. O encontro marcou a abertura da temporada 2025 do [&hellip;]<\/p>\n","protected":false},"author":123,"featured_media":353797,"comment_status":"closed","ping_status":"0","sticky":false,"template":"","format":"standard","meta":{"footnotes":""},"categories":[2],"tags":[2887,1290],"ods":[],"class_list":["post-353795","post","type-post","status-publish","format-standard","has-post-thumbnail","hentry","category-noticias","tag-beach-tennis","tag-unidade-de-gestao-de-esporte-e-lazer-ugel"],"_links":{"self":[{"href":"https:\/\/jundiai.sp.gov.br\/noticias\/wp-json\/wp\/v2\/posts\/353795","targetHints":{"allow":["GET"]}}],"collection":[{"href":"https:\/\/jundiai.sp.gov.br\/noticias\/wp-json\/wp\/v2\/posts"}],"about":[{"href":"https:\/\/jundiai.sp.gov.br\/noticias\/wp-json\/wp\/v2\/types\/post"}],"author":[{"embeddable":true,"href":"https:\/\/jundiai.sp.gov.br\/noticias\/wp-json\/wp\/v2\/users\/123"}],"replies":[{"embeddable":true,"href":"https:\/\/jundiai.sp.gov.br\/noticias\/wp-json\/wp\/v2\/comments?post=353795"}],"version-history":[{"count":3,"href":"https:\/\/jundiai.sp.gov.br\/noticias\/wp-json\/wp\/v2\/posts\/353795\/revisions"}],"predecessor-version":[{"id":353809,"href":"https:\/\/jundiai.sp.gov.br\/noticias\/wp-json\/wp\/v2\/posts\/353795\/revisions\/353809"}],"wp:featuredmedia":[{"embeddable":true,"href":"https:\/\/jundiai.sp.gov.br\/noticias\/wp-json\/wp\/v2\/media\/353797"}],"wp:attachment":[{"href":"https:\/\/jundiai.sp.gov.br\/noticias\/wp-json\/wp\/v2\/media?parent=353795"}],"wp:term":[{"taxonomy":"category","embeddable":true,"href":"https:\/\/jundiai.sp.gov.br\/noticias\/wp-json\/wp\/v2\/categories?post=353795"},{"taxonomy":"post_tag","embeddable":true,"href":"https:\/\/jundiai.sp.gov.br\/noticias\/wp-json\/wp\/v2\/tags?post=353795"},{"taxonomy":"ods","embeddable":true,"href":"https:\/\/jundiai.sp.gov.br\/noticias\/wp-json\/wp\/v2\/ods?post=353795"}],"curies":[{"name":"wp","href":"https:\/\/api.w.org\/{rel}","templated":true}]}}