{"id":353939,"date":"2025-02-24T09:30:00","date_gmt":"2025-02-24T12:30:00","guid":{"rendered":"https:\/\/jundiai.sp.gov.br\/noticias\/?p=353939"},"modified":"2025-02-21T19:01:19","modified_gmt":"2025-02-21T22:01:19","slug":"jundiai-empreendedora-oferece-oportunidades-para-assistidos-da-missao-belem","status":"publish","type":"post","link":"https:\/\/jundiai.sp.gov.br\/noticias\/2025\/02\/24\/jundiai-empreendedora-oferece-oportunidades-para-assistidos-da-missao-belem\/","title":{"rendered":"Jundia\u00ed Empreendedora oferece oportunidades para assistidos da Miss\u00e3o Bel\u00e9m"},"content":{"rendered":"\n<p>O jantar beneficente promovido pela chef Sandra Romansini, em parceria com o Rotary Club Jundia\u00ed Conex\u00e3o, ganhou um novo refor\u00e7o para ampliar seu impacto social. Al\u00e9m da arrecada\u00e7\u00e3o de recursos destinados \u00e0 Miss\u00e3o Bel\u00e9m, organiza\u00e7\u00e3o que acolhe pessoas em situa\u00e7\u00e3o de vulnerabilidade, a iniciativa contar\u00e1 agora com a oferta de cursos e treinamentos do Portal Jundia\u00ed Empreendedora, visando a qualifica\u00e7\u00e3o profissional dos assistidos e sua reinser\u00e7\u00e3o no mercado de trabalho.<\/p>\n\n\n\n<figure class=\"wp-block-image size-large\"><img loading=\"lazy\" decoding=\"async\" width=\"1280\" height=\"854\" src=\"https:\/\/jundiai.sp.gov.br\/noticias\/wp-content\/uploads\/sites\/32\/2025\/02\/jantar_rotary_club_jundiai_empreendedora-8-1280x854.jpg\" alt=\"\" class=\"wp-image-353949\" srcset=\"https:\/\/jundiai.sp.gov.br\/noticias\/wp-content\/uploads\/sites\/32\/2025\/02\/jantar_rotary_club_jundiai_empreendedora-8-1280x854.jpg 1280w, https:\/\/jundiai.sp.gov.br\/noticias\/wp-content\/uploads\/sites\/32\/2025\/02\/jantar_rotary_club_jundiai_empreendedora-8-300x200.jpg 300w, https:\/\/jundiai.sp.gov.br\/noticias\/wp-content\/uploads\/sites\/32\/2025\/02\/jantar_rotary_club_jundiai_empreendedora-8-768x512.jpg 768w, https:\/\/jundiai.sp.gov.br\/noticias\/wp-content\/uploads\/sites\/32\/2025\/02\/jantar_rotary_club_jundiai_empreendedora-8-1536x1024.jpg 1536w, https:\/\/jundiai.sp.gov.br\/noticias\/wp-content\/uploads\/sites\/32\/2025\/02\/jantar_rotary_club_jundiai_empreendedora-8-450x300.jpg 450w, https:\/\/jundiai.sp.gov.br\/noticias\/wp-content\/uploads\/sites\/32\/2025\/02\/jantar_rotary_club_jundiai_empreendedora-8.jpg 1900w\" sizes=\"auto, (max-width: 1280px) 100vw, 1280px\" \/><figcaption class=\"wp-element-caption\">O prefeito e a primeira dama foram recepcionados pelos organizadores do evento <\/figcaption><\/figure>\n\n\n\n<p>&#8220;A parceria com a Miss\u00e3o Bel\u00e9m \u00e9 fundamental, pois o portal disponibiliza entre 2 a 3 mil vagas de emprego, e h\u00e1 dificuldade em encontrar m\u00e3o de obra qualificada. Queremos preparar essas pessoas para que possam reconstruir suas vidas com dignidade e autonomia&#8221;, destacou Maria Aparecida Gibrail, diretora do Departamento de Fomento ao Com\u00e9rcio e Servi\u00e7o da Unidade de Gest\u00e3o de Desenvolvimento Econ\u00f4mico, Ci\u00eancia e Tecnologia.<\/p>\n\n\n\n<p>O prefeito Gustavo Martinelli e a primeira-dama Ellen Martinelli participaram do evento e ressaltaram a import\u00e2ncia da qualifica\u00e7\u00e3o profissional para transformar realidades. &#8220;A Prefeitura de Jundia\u00ed seguir\u00e1 buscando formas de fortalecer iniciativas como essa, garantindo oportunidades concretas para quem precisa de um recome\u00e7o&#8221;, afirmou o prefeito. O Fundo Social de Solidariedade tamb\u00e9m poder\u00e1 colaborar com cursos de capacita\u00e7\u00e3o, ampliando o acesso a novas possibilidades de emprego e gera\u00e7\u00e3o de renda.<\/p>\n\n\n\n<p>A a\u00e7\u00e3o refor\u00e7a a import\u00e2ncia da uni\u00e3o entre o setor p\u00fablico, a sociedade civil e a iniciativa privada na promo\u00e7\u00e3o da inclus\u00e3o social. Com acesso \u00e0 qualifica\u00e7\u00e3o e ao mercado de trabalho, os assistidos pela Miss\u00e3o Bel\u00e9m ter\u00e3o mais condi\u00e7\u00f5es de reconstruir suas trajet\u00f3rias com dignidade e independ\u00eancia.<\/p>\n\n\n\n<p><strong>Assessoria de Imprensa<br>Foto: Fot\u00f3grafo PMJ<\/strong><\/p>\n","protected":false},"excerpt":{"rendered":"<p>O jantar beneficente promovido pela chef Sandra Romansini, em parceria com o Rotary Club Jundia\u00ed Conex\u00e3o, ganhou um novo refor\u00e7o para ampliar seu impacto social. Al\u00e9m da arrecada\u00e7\u00e3o de recursos destinados \u00e0 Miss\u00e3o Bel\u00e9m, organiza\u00e7\u00e3o que acolhe pessoas em situa\u00e7\u00e3o de vulnerabilidade, a iniciativa contar\u00e1 agora com a oferta de cursos e treinamentos do Portal [&hellip;]<\/p>\n","protected":false},"author":69,"featured_media":353949,"comment_status":"closed","ping_status":"0","sticky":false,"template":"","format":"standard","meta":{"footnotes":""},"categories":[2],"tags":[1527,4637,4841,3585,4796],"ods":[],"class_list":["post-353939","post","type-post","status-publish","format-standard","has-post-thumbnail","hentry","category-noticias","tag-jundiai-empreendedora","tag-mercado-de-trabalho","tag-missao-belem","tag-qualificacao","tag-vagas-de-emprego"],"_links":{"self":[{"href":"https:\/\/jundiai.sp.gov.br\/noticias\/wp-json\/wp\/v2\/posts\/353939","targetHints":{"allow":["GET"]}}],"collection":[{"href":"https:\/\/jundiai.sp.gov.br\/noticias\/wp-json\/wp\/v2\/posts"}],"about":[{"href":"https:\/\/jundiai.sp.gov.br\/noticias\/wp-json\/wp\/v2\/types\/post"}],"author":[{"embeddable":true,"href":"https:\/\/jundiai.sp.gov.br\/noticias\/wp-json\/wp\/v2\/users\/69"}],"replies":[{"embeddable":true,"href":"https:\/\/jundiai.sp.gov.br\/noticias\/wp-json\/wp\/v2\/comments?post=353939"}],"version-history":[{"count":3,"href":"https:\/\/jundiai.sp.gov.br\/noticias\/wp-json\/wp\/v2\/posts\/353939\/revisions"}],"predecessor-version":[{"id":353955,"href":"https:\/\/jundiai.sp.gov.br\/noticias\/wp-json\/wp\/v2\/posts\/353939\/revisions\/353955"}],"wp:featuredmedia":[{"embeddable":true,"href":"https:\/\/jundiai.sp.gov.br\/noticias\/wp-json\/wp\/v2\/media\/353949"}],"wp:attachment":[{"href":"https:\/\/jundiai.sp.gov.br\/noticias\/wp-json\/wp\/v2\/media?parent=353939"}],"wp:term":[{"taxonomy":"category","embeddable":true,"href":"https:\/\/jundiai.sp.gov.br\/noticias\/wp-json\/wp\/v2\/categories?post=353939"},{"taxonomy":"post_tag","embeddable":true,"href":"https:\/\/jundiai.sp.gov.br\/noticias\/wp-json\/wp\/v2\/tags?post=353939"},{"taxonomy":"ods","embeddable":true,"href":"https:\/\/jundiai.sp.gov.br\/noticias\/wp-json\/wp\/v2\/ods?post=353939"}],"curies":[{"name":"wp","href":"https:\/\/api.w.org\/{rel}","templated":true}]}}