{"id":354102,"date":"2025-02-27T12:15:38","date_gmt":"2025-02-27T15:15:38","guid":{"rendered":"https:\/\/jundiai.sp.gov.br\/noticias\/?p=354102"},"modified":"2025-02-27T12:15:38","modified_gmt":"2025-02-27T15:15:38","slug":"covid-19-doses-pediatricas-estao-disponiveis-em-quatro-servicos-de-saude","status":"publish","type":"post","link":"https:\/\/jundiai.sp.gov.br\/noticias\/2025\/02\/27\/covid-19-doses-pediatricas-estao-disponiveis-em-quatro-servicos-de-saude\/","title":{"rendered":"Covid-19: doses pedi\u00e1tricas est\u00e3o dispon\u00edveis em quatro servi\u00e7os de sa\u00fade"},"content":{"rendered":"\n<p>A Unidade de Gest\u00e3o de Promo\u00e7\u00e3o da Sa\u00fade (UGPS) informa que, a partir de sexta-feira (28), as doses da vacina contra a Covid-19, para crian\u00e7as de 6 meses a menores de 5 anos, ser\u00e3o disponibilizadas em quatro servi\u00e7os de sa\u00fade:<\/p>\n\n\n\n<ul class=\"wp-block-list\">\n<li>Cl\u00ednica da Fam\u00edlia Hortol\u00e2ndia (rua Campinas, 58);<\/li>\n\n\n\n<li>Unidade B\u00e1sica de Sa\u00fade (UBS) Tamoio (rua Orestes Barbosa, s\/n\u00ba);<\/li>\n\n\n\n<li>Cl\u00ednica da Fam\u00edlia Novo Horizonte I (avenida Presb\u00edtero Manoel Ant\u00f4nio Dias Filho);<\/li>\n\n\n\n<li>UBS Agapeama (rua Luis Carpi, 238).<\/li>\n<\/ul>\n\n\n\n<figure class=\"wp-block-image size-large\"><img loading=\"lazy\" decoding=\"async\" width=\"1280\" height=\"868\" src=\"https:\/\/jundiai.sp.gov.br\/noticias\/wp-content\/uploads\/sites\/32\/2024\/04\/emeb-professor-joao-fernandes-neto-cecap-campanha-de-multivacinacao-em-escolas_fm_-8-1280x868.jpg\" alt=\"\" class=\"wp-image-342358\" srcset=\"https:\/\/jundiai.sp.gov.br\/noticias\/wp-content\/uploads\/sites\/32\/2024\/04\/emeb-professor-joao-fernandes-neto-cecap-campanha-de-multivacinacao-em-escolas_fm_-8-1280x868.jpg 1280w, https:\/\/jundiai.sp.gov.br\/noticias\/wp-content\/uploads\/sites\/32\/2024\/04\/emeb-professor-joao-fernandes-neto-cecap-campanha-de-multivacinacao-em-escolas_fm_-8-300x204.jpg 300w, https:\/\/jundiai.sp.gov.br\/noticias\/wp-content\/uploads\/sites\/32\/2024\/04\/emeb-professor-joao-fernandes-neto-cecap-campanha-de-multivacinacao-em-escolas_fm_-8-768x521.jpg 768w, https:\/\/jundiai.sp.gov.br\/noticias\/wp-content\/uploads\/sites\/32\/2024\/04\/emeb-professor-joao-fernandes-neto-cecap-campanha-de-multivacinacao-em-escolas_fm_-8-1536x1042.jpg 1536w, https:\/\/jundiai.sp.gov.br\/noticias\/wp-content\/uploads\/sites\/32\/2024\/04\/emeb-professor-joao-fernandes-neto-cecap-campanha-de-multivacinacao-em-escolas_fm_-8.jpg 1900w\" sizes=\"auto, (max-width: 1280px) 100vw, 1280px\" \/><figcaption class=\"wp-element-caption\">Jundia\u00ed recebeu 890 doses pedi\u00e1tricas<\/figcaption><\/figure>\n\n\n\n<p>A aplica\u00e7\u00e3o do imunizante ocorre, de segunda a sexta-feira, no hor\u00e1rio das salas de vacina\u00e7\u00e3o de cada equipamento. Al\u00e9m da carteirinha de vacina\u00e7\u00e3o, \u00e9 necess\u00e1rio apresentar o CPF da crian\u00e7a.<\/p>\n\n\n\n<p>O Munic\u00edpio recebeu 890 doses da Secretaria Estadual de Sa\u00fade (SES) para essa faixa et\u00e1ria.<\/p>\n\n\n\n<p><strong>Demais p\u00fablicos<\/strong><br>Para os demais p\u00fablicos &#8211; pessoas de 5 a 11 anos e popula\u00e7\u00e3o a partir de 12 anos pertencente aos grupos priorit\u00e1rios \u2013, a UGPS aguarda o encaminhamento de novo lote pela SES para retomar a aplica\u00e7\u00e3o. As \u00faltimas doses foram aplicadas nesta quinta-feira (26). T\u00e3o logo Jundia\u00ed receba o imunizante, ser\u00e1 feita a divulga\u00e7\u00e3o nos canais oficiais da Prefeitura.<\/p>\n\n\n\n<p><strong>Casos<\/strong><br>Neste ano (at\u00e9 o momento), a cidade est\u00e1 com 49 casos confirmados de Covid-19, com tr\u00eas mortes &#8211; redu\u00e7\u00e3o de aproximadamente 94,9%, em compara\u00e7\u00e3o com o mesmo per\u00edodo do ano passado, quando o Munic\u00edpio registrou 970 casos confirmados, com sete \u00f3bitos. Em 2024, o ano inteiro, foram 1.380 ocorr\u00eancias da doen\u00e7a, com 25 \u00f3bitos.<br><br><strong>Assessoria de Imprensa<br>Foto: Arquivo PMJ <\/strong><\/p>\n","protected":false},"excerpt":{"rendered":"<p>A Unidade de Gest\u00e3o de Promo\u00e7\u00e3o da Sa\u00fade (UGPS) informa que, a partir de sexta-feira (28), as doses da vacina contra a Covid-19, para crian\u00e7as de 6 meses a menores de 5 anos, ser\u00e3o disponibilizadas em quatro servi\u00e7os de sa\u00fade: A aplica\u00e7\u00e3o do imunizante ocorre, de segunda a sexta-feira, no hor\u00e1rio das salas de vacina\u00e7\u00e3o [&hellip;]<\/p>\n","protected":false},"author":50,"featured_media":354107,"comment_status":"closed","ping_status":"0","sticky":false,"template":"","format":"standard","meta":{"footnotes":""},"categories":[2],"tags":[1500,981],"ods":[],"class_list":["post-354102","post","type-post","status-publish","format-standard","has-post-thumbnail","hentry","category-noticias","tag-coronavirus","tag-promocao-da-saude"],"_links":{"self":[{"href":"https:\/\/jundiai.sp.gov.br\/noticias\/wp-json\/wp\/v2\/posts\/354102","targetHints":{"allow":["GET"]}}],"collection":[{"href":"https:\/\/jundiai.sp.gov.br\/noticias\/wp-json\/wp\/v2\/posts"}],"about":[{"href":"https:\/\/jundiai.sp.gov.br\/noticias\/wp-json\/wp\/v2\/types\/post"}],"author":[{"embeddable":true,"href":"https:\/\/jundiai.sp.gov.br\/noticias\/wp-json\/wp\/v2\/users\/50"}],"replies":[{"embeddable":true,"href":"https:\/\/jundiai.sp.gov.br\/noticias\/wp-json\/wp\/v2\/comments?post=354102"}],"version-history":[{"count":5,"href":"https:\/\/jundiai.sp.gov.br\/noticias\/wp-json\/wp\/v2\/posts\/354102\/revisions"}],"predecessor-version":[{"id":354111,"href":"https:\/\/jundiai.sp.gov.br\/noticias\/wp-json\/wp\/v2\/posts\/354102\/revisions\/354111"}],"wp:featuredmedia":[{"embeddable":true,"href":"https:\/\/jundiai.sp.gov.br\/noticias\/wp-json\/wp\/v2\/media\/354107"}],"wp:attachment":[{"href":"https:\/\/jundiai.sp.gov.br\/noticias\/wp-json\/wp\/v2\/media?parent=354102"}],"wp:term":[{"taxonomy":"category","embeddable":true,"href":"https:\/\/jundiai.sp.gov.br\/noticias\/wp-json\/wp\/v2\/categories?post=354102"},{"taxonomy":"post_tag","embeddable":true,"href":"https:\/\/jundiai.sp.gov.br\/noticias\/wp-json\/wp\/v2\/tags?post=354102"},{"taxonomy":"ods","embeddable":true,"href":"https:\/\/jundiai.sp.gov.br\/noticias\/wp-json\/wp\/v2\/ods?post=354102"}],"curies":[{"name":"wp","href":"https:\/\/api.w.org\/{rel}","templated":true}]}}