{"id":354319,"date":"2025-03-06T08:10:00","date_gmt":"2025-03-06T11:10:00","guid":{"rendered":"https:\/\/jundiai.sp.gov.br\/noticias\/?p=354319"},"modified":"2025-03-05T17:23:44","modified_gmt":"2025-03-05T20:23:44","slug":"defesa-civil-estadual-emite-alerta-para-altas-temperaturas-em-jundiai","status":"publish","type":"post","link":"https:\/\/jundiai.sp.gov.br\/noticias\/2025\/03\/06\/defesa-civil-estadual-emite-alerta-para-altas-temperaturas-em-jundiai\/","title":{"rendered":"Defesa Civil Estadual emite alerta para altas temperaturas em Jundia\u00ed"},"content":{"rendered":"\n<p>A Defesa Civil do Estado de S\u00e3o Paulo emitiu um alerta para a eleva\u00e7\u00e3o das temperaturas nos pr\u00f3ximos dias, incluindo Jundia\u00ed e toda a Regi\u00e3o Metropolitana (RMJ). A previs\u00e3o indica que, entre esta quinta-feira (6) e domingo (9), as m\u00e1ximas podem chegar a 33\u00b0C na cidade, enquanto em outras \u00e1reas do estado os term\u00f4metros podem marcar at\u00e9 37\u00b0C.<\/p>\n\n\n\n<figure class=\"wp-block-image size-large\"><img loading=\"lazy\" decoding=\"async\" width=\"1280\" height=\"854\" src=\"https:\/\/jundiai.sp.gov.br\/noticias\/wp-content\/uploads\/sites\/32\/2025\/03\/calor-umidade-do-ar-pessoas-bebendo-agua_fm_-7-1280x854.jpg\" alt=\"\" class=\"wp-image-354320\" srcset=\"https:\/\/jundiai.sp.gov.br\/noticias\/wp-content\/uploads\/sites\/32\/2025\/03\/calor-umidade-do-ar-pessoas-bebendo-agua_fm_-7-1280x854.jpg 1280w, https:\/\/jundiai.sp.gov.br\/noticias\/wp-content\/uploads\/sites\/32\/2025\/03\/calor-umidade-do-ar-pessoas-bebendo-agua_fm_-7-300x200.jpg 300w, https:\/\/jundiai.sp.gov.br\/noticias\/wp-content\/uploads\/sites\/32\/2025\/03\/calor-umidade-do-ar-pessoas-bebendo-agua_fm_-7-768x512.jpg 768w, https:\/\/jundiai.sp.gov.br\/noticias\/wp-content\/uploads\/sites\/32\/2025\/03\/calor-umidade-do-ar-pessoas-bebendo-agua_fm_-7-1536x1024.jpg 1536w, https:\/\/jundiai.sp.gov.br\/noticias\/wp-content\/uploads\/sites\/32\/2025\/03\/calor-umidade-do-ar-pessoas-bebendo-agua_fm_-7-450x300.jpg 450w, https:\/\/jundiai.sp.gov.br\/noticias\/wp-content\/uploads\/sites\/32\/2025\/03\/calor-umidade-do-ar-pessoas-bebendo-agua_fm_-7.jpg 1900w\" sizes=\"auto, (max-width: 1280px) 100vw, 1280px\" \/><figcaption class=\"wp-element-caption\">Defesa Civil emite alerta para altas temperaturas em todo Estado de S\u00e3o Paulo<\/figcaption><\/figure>\n\n\n\n<p>Embora n\u00e3o haja previs\u00e3o de tempestades, a Defesa Civil refor\u00e7a a import\u00e2ncia de cuidados para minimizar os impactos do calor intenso, especialmente para grupos mais vulner\u00e1veis, como crian\u00e7as, idosos e animais de estima\u00e7\u00e3o.<\/p>\n\n\n\n<p><strong>Confira as principais orienta\u00e7\u00f5es:<\/strong><br>&#8211; Beber bastante \u00e1gua ao longo do dia;<br>&#8211; Evitar exposi\u00e7\u00e3o ao sol entre 10h e 16h;<br>&#8211; Usar roupas leves e aplicar protetor solar;<br>&#8211; Manter os ambientes bem ventilados.<br>&#8211; Redobrar os cuidados com crian\u00e7as, idosos e pets.<\/p>\n\n\n\n<p>A Defesa Civil e a Prefeitura de Jundia\u00ed seguem monitorando as condi\u00e7\u00f5es clim\u00e1ticas. Para mais informa\u00e7\u00f5es ou emerg\u00eancias, a popula\u00e7\u00e3o pode acionar a Defesa Civil pelo telefone 199.<\/p>\n\n\n\n<p><strong>Assessoria de Imprensa<\/strong><br><strong>Fotos: Divulga\u00e7\u00e3o<\/strong><\/p>\n","protected":false},"excerpt":{"rendered":"<p>A Defesa Civil do Estado de S\u00e3o Paulo emitiu um alerta para a eleva\u00e7\u00e3o das temperaturas nos pr\u00f3ximos dias, incluindo Jundia\u00ed e toda a Regi\u00e3o Metropolitana (RMJ). A previs\u00e3o indica que, entre esta quinta-feira (6) e domingo (9), as m\u00e1ximas podem chegar a 33\u00b0C na cidade, enquanto em outras \u00e1reas do estado os term\u00f4metros podem [&hellip;]<\/p>\n","protected":false},"author":123,"featured_media":354320,"comment_status":"closed","ping_status":"0","sticky":false,"template":"","format":"standard","meta":{"footnotes":""},"categories":[4620,2],"tags":[4856,34,2183,2452,3258],"ods":[],"class_list":["post-354319","post","type-post","status-publish","format-standard","has-post-thumbnail","hentry","category-destaques","category-noticias","tag-calor","tag-defesa-civil","tag-regiao-metropolitana-de-jundiai","tag-rmj","tag-temperatura"],"_links":{"self":[{"href":"https:\/\/jundiai.sp.gov.br\/noticias\/wp-json\/wp\/v2\/posts\/354319","targetHints":{"allow":["GET"]}}],"collection":[{"href":"https:\/\/jundiai.sp.gov.br\/noticias\/wp-json\/wp\/v2\/posts"}],"about":[{"href":"https:\/\/jundiai.sp.gov.br\/noticias\/wp-json\/wp\/v2\/types\/post"}],"author":[{"embeddable":true,"href":"https:\/\/jundiai.sp.gov.br\/noticias\/wp-json\/wp\/v2\/users\/123"}],"replies":[{"embeddable":true,"href":"https:\/\/jundiai.sp.gov.br\/noticias\/wp-json\/wp\/v2\/comments?post=354319"}],"version-history":[{"count":3,"href":"https:\/\/jundiai.sp.gov.br\/noticias\/wp-json\/wp\/v2\/posts\/354319\/revisions"}],"predecessor-version":[{"id":354324,"href":"https:\/\/jundiai.sp.gov.br\/noticias\/wp-json\/wp\/v2\/posts\/354319\/revisions\/354324"}],"wp:featuredmedia":[{"embeddable":true,"href":"https:\/\/jundiai.sp.gov.br\/noticias\/wp-json\/wp\/v2\/media\/354320"}],"wp:attachment":[{"href":"https:\/\/jundiai.sp.gov.br\/noticias\/wp-json\/wp\/v2\/media?parent=354319"}],"wp:term":[{"taxonomy":"category","embeddable":true,"href":"https:\/\/jundiai.sp.gov.br\/noticias\/wp-json\/wp\/v2\/categories?post=354319"},{"taxonomy":"post_tag","embeddable":true,"href":"https:\/\/jundiai.sp.gov.br\/noticias\/wp-json\/wp\/v2\/tags?post=354319"},{"taxonomy":"ods","embeddable":true,"href":"https:\/\/jundiai.sp.gov.br\/noticias\/wp-json\/wp\/v2\/ods?post=354319"}],"curies":[{"name":"wp","href":"https:\/\/api.w.org\/{rel}","templated":true}]}}