{"id":354479,"date":"2025-03-09T14:23:36","date_gmt":"2025-03-09T17:23:36","guid":{"rendered":"https:\/\/jundiai.sp.gov.br\/noticias\/?p=354479"},"modified":"2025-03-17T11:30:03","modified_gmt":"2025-03-17T14:30:03","slug":"feira-da-vila-arens-recebe-evento-em-homenagem-as-mulheres-feirantes-de-jundiai","status":"publish","type":"post","link":"https:\/\/jundiai.sp.gov.br\/noticias\/2025\/03\/09\/feira-da-vila-arens-recebe-evento-em-homenagem-as-mulheres-feirantes-de-jundiai\/","title":{"rendered":"Feira da Vila Arens recebe evento em homenagem \u00e0s mulheres feirantes de Jundia\u00ed"},"content":{"rendered":"\n<p>A manh\u00e3 deste domingo (09) foi marcada por um evento especial na Feira da Vila Arens, onde feirantes e produtoras rurais de Jundia\u00ed foram homenageadas pelo seu trabalho essencial no abastecimento da cidade. Com apresenta\u00e7\u00f5es musicais, palestras e um momento dedicado \u00e0 valoriza\u00e7\u00e3o dessas profissionais, a a\u00e7\u00e3o destacou a import\u00e2ncia da mulher no agroneg\u00f3cio e na feira livre.<\/p>\n\n\n\n<figure class=\"wp-block-image size-large\"><img loading=\"lazy\" decoding=\"async\" width=\"1280\" height=\"854\" src=\"https:\/\/jundiai.sp.gov.br\/noticias\/wp-content\/uploads\/sites\/32\/2025\/03\/mulheres_feriantes-95-1280x854.jpeg\" alt=\"\" class=\"wp-image-354480\" srcset=\"https:\/\/jundiai.sp.gov.br\/noticias\/wp-content\/uploads\/sites\/32\/2025\/03\/mulheres_feriantes-95-1280x854.jpeg 1280w, https:\/\/jundiai.sp.gov.br\/noticias\/wp-content\/uploads\/sites\/32\/2025\/03\/mulheres_feriantes-95-300x200.jpeg 300w, https:\/\/jundiai.sp.gov.br\/noticias\/wp-content\/uploads\/sites\/32\/2025\/03\/mulheres_feriantes-95-768x512.jpeg 768w, https:\/\/jundiai.sp.gov.br\/noticias\/wp-content\/uploads\/sites\/32\/2025\/03\/mulheres_feriantes-95-1536x1024.jpeg 1536w, https:\/\/jundiai.sp.gov.br\/noticias\/wp-content\/uploads\/sites\/32\/2025\/03\/mulheres_feriantes-95-450x300.jpeg 450w, https:\/\/jundiai.sp.gov.br\/noticias\/wp-content\/uploads\/sites\/32\/2025\/03\/mulheres_feriantes-95.jpeg 1900w\" sizes=\"auto, (max-width: 1280px) 100vw, 1280px\" \/><\/figure>\n\n\n\n<p>A iniciativa foi promovida pela Prefeitura de Jundia\u00ed, por meio da Unidade de Gest\u00e3o de Agroneg\u00f3cio, Abastecimento e Turismo (UGAAT), e contou com a presen\u00e7a do prefeito Gustavo Martinelli, da primeira-dama Ellen Martinelli, do vice-prefeito Ricardo Benassi, al\u00e9m de vereadores, gestores municipais e representantes da comunidade.<\/p>\n\n\n\n<p>A gestora da UGAAT, Marcela Moro, ressaltou a import\u00e2ncia da valoriza\u00e7\u00e3o das mulheres que atuam diariamente na produ\u00e7\u00e3o e comercializa\u00e7\u00e3o de alimentos frescos. \u201cNossa proposta foi falar com essas mulheres e valorizar o trabalho que elas fazem, tanto no agroneg\u00f3cio quanto no abastecimento. S\u00e3o profissionais que acordam de madrugada, que garantem alimentos de qualidade na mesa da popula\u00e7\u00e3o. Queremos mostrar que a mulher pode estar onde quiser e que ela precisa ser valorizada em todos os setores de atua\u00e7\u00e3o. A presen\u00e7a feminina na sociedade \u00e9 cada vez mais forte, e como poder p\u00fablico, precisamos estar pr\u00f3ximos dessas mulheres, fortalecendo suas jornadas e contribuindo para uma sociedade mais inclusiva.\u201d<\/p>\n\n\n\n<p>Durante o evento, o prefeito Gustavo Martinelli destacou a relev\u00e2ncia do trabalho das feirantes e produtoras rurais para o desenvolvimento da cidade: \u201cA feira livre \u00e9 um patrim\u00f4nio de Jundia\u00ed, e por tr\u00e1s de cada banca h\u00e1 uma hist\u00f3ria de dedica\u00e7\u00e3o, de esfor\u00e7o e de amor ao que se faz. Hoje, homenageamos essas mulheres que, com seu trabalho, garantem o acesso da popula\u00e7\u00e3o a alimentos frescos e de qualidade, movimentam a economia local e fazem da feira um espa\u00e7o vivo e acolhedor. No agroneg\u00f3cio, as mulheres tamb\u00e9m t\u00eam um papel fundamental, sendo protagonistas da produ\u00e7\u00e3o que abastece nossa cidade. Nosso compromisso \u00e9 seguir apoiando e incentivando essas profissionais, promovendo a\u00e7\u00f5es que reforcem seu protagonismo e garantam cada vez mais oportunidades.\u201d<\/p>\n\n\n\n<div class=\"wp-block-columns is-layout-flex wp-container-core-columns-is-layout-9d6595d7 wp-block-columns-is-layout-flex\">\n<div class=\"wp-block-column is-layout-flow wp-block-column-is-layout-flow\">\n<figure class=\"wp-block-image size-large\"><img loading=\"lazy\" decoding=\"async\" width=\"1280\" height=\"854\" src=\"https:\/\/jundiai.sp.gov.br\/noticias\/wp-content\/uploads\/sites\/32\/2025\/03\/mulheres_feriantes-167-1-1280x854.jpeg\" alt=\"\" class=\"wp-image-354484\" srcset=\"https:\/\/jundiai.sp.gov.br\/noticias\/wp-content\/uploads\/sites\/32\/2025\/03\/mulheres_feriantes-167-1-1280x854.jpeg 1280w, https:\/\/jundiai.sp.gov.br\/noticias\/wp-content\/uploads\/sites\/32\/2025\/03\/mulheres_feriantes-167-1-300x200.jpeg 300w, https:\/\/jundiai.sp.gov.br\/noticias\/wp-content\/uploads\/sites\/32\/2025\/03\/mulheres_feriantes-167-1-768x512.jpeg 768w, https:\/\/jundiai.sp.gov.br\/noticias\/wp-content\/uploads\/sites\/32\/2025\/03\/mulheres_feriantes-167-1-1536x1024.jpeg 1536w, https:\/\/jundiai.sp.gov.br\/noticias\/wp-content\/uploads\/sites\/32\/2025\/03\/mulheres_feriantes-167-1-450x300.jpeg 450w, https:\/\/jundiai.sp.gov.br\/noticias\/wp-content\/uploads\/sites\/32\/2025\/03\/mulheres_feriantes-167-1.jpeg 1900w\" sizes=\"auto, (max-width: 1280px) 100vw, 1280px\" \/><\/figure>\n<\/div>\n\n\n\n<div class=\"wp-block-column is-layout-flow wp-block-column-is-layout-flow\">\n<figure class=\"wp-block-image size-large\"><img loading=\"lazy\" decoding=\"async\" width=\"1280\" height=\"854\" src=\"https:\/\/jundiai.sp.gov.br\/noticias\/wp-content\/uploads\/sites\/32\/2025\/03\/mulheres_feriantes-156-1-1280x854.jpeg\" alt=\"\" class=\"wp-image-354485\" srcset=\"https:\/\/jundiai.sp.gov.br\/noticias\/wp-content\/uploads\/sites\/32\/2025\/03\/mulheres_feriantes-156-1-1280x854.jpeg 1280w, https:\/\/jundiai.sp.gov.br\/noticias\/wp-content\/uploads\/sites\/32\/2025\/03\/mulheres_feriantes-156-1-300x200.jpeg 300w, https:\/\/jundiai.sp.gov.br\/noticias\/wp-content\/uploads\/sites\/32\/2025\/03\/mulheres_feriantes-156-1-768x512.jpeg 768w, https:\/\/jundiai.sp.gov.br\/noticias\/wp-content\/uploads\/sites\/32\/2025\/03\/mulheres_feriantes-156-1-1536x1024.jpeg 1536w, https:\/\/jundiai.sp.gov.br\/noticias\/wp-content\/uploads\/sites\/32\/2025\/03\/mulheres_feriantes-156-1-450x300.jpeg 450w, https:\/\/jundiai.sp.gov.br\/noticias\/wp-content\/uploads\/sites\/32\/2025\/03\/mulheres_feriantes-156-1.jpeg 1900w\" sizes=\"auto, (max-width: 1280px) 100vw, 1280px\" \/><\/figure>\n<\/div>\n\n\n\n<div class=\"wp-block-column is-layout-flow wp-block-column-is-layout-flow\">\n<figure class=\"wp-block-image size-large\"><img loading=\"lazy\" decoding=\"async\" width=\"1280\" height=\"854\" src=\"https:\/\/jundiai.sp.gov.br\/noticias\/wp-content\/uploads\/sites\/32\/2025\/03\/mulheres_feriantes-66-1280x854.jpeg\" alt=\"\" class=\"wp-image-354482\" srcset=\"https:\/\/jundiai.sp.gov.br\/noticias\/wp-content\/uploads\/sites\/32\/2025\/03\/mulheres_feriantes-66-1280x854.jpeg 1280w, https:\/\/jundiai.sp.gov.br\/noticias\/wp-content\/uploads\/sites\/32\/2025\/03\/mulheres_feriantes-66-300x200.jpeg 300w, https:\/\/jundiai.sp.gov.br\/noticias\/wp-content\/uploads\/sites\/32\/2025\/03\/mulheres_feriantes-66-768x512.jpeg 768w, https:\/\/jundiai.sp.gov.br\/noticias\/wp-content\/uploads\/sites\/32\/2025\/03\/mulheres_feriantes-66-1536x1024.jpeg 1536w, https:\/\/jundiai.sp.gov.br\/noticias\/wp-content\/uploads\/sites\/32\/2025\/03\/mulheres_feriantes-66-450x300.jpeg 450w, https:\/\/jundiai.sp.gov.br\/noticias\/wp-content\/uploads\/sites\/32\/2025\/03\/mulheres_feriantes-66.jpeg 1900w\" sizes=\"auto, (max-width: 1280px) 100vw, 1280px\" \/><\/figure>\n<\/div>\n<\/div>\n\n\n\n<p>A homenagem foi recebida com emo\u00e7\u00e3o pelas feirantes, que refor\u00e7aram a import\u00e2ncia do reconhecimento<\/p>\n\n\n\n<p>A feirante Maria Aparecida dos Santos, que atua h\u00e1 mais de 20 anos na feira, falou sobre o significado desse momento: \u201cSer feirante \u00e9 um trabalho de muita dedica\u00e7\u00e3o. Acordamos de madrugada, enfrentamos sol e chuva, mas fazemos tudo com carinho, porque sabemos que estamos levando alimentos saud\u00e1veis para as fam\u00edlias. Ser lembrada e valorizada dessa forma nos d\u00e1 ainda mais for\u00e7a para continuar.\u201d<\/p>\n\n\n\n<p>J\u00e1 a produtora rural Ana Paula Ribeiro, que cultiva hortali\u00e7as na regi\u00e3o, tamb\u00e9m expressou sua gratid\u00e3o: \u201cMuitas vezes, o trabalho no campo e na feira passa despercebido. Mas \u00e9 essencial para a vida de todos. Essa homenagem mostra que estamos no caminho certo e que nosso esfor\u00e7o \u00e9 reconhecido. \u00c9 muito bom ver a feira sendo valorizada, porque \u00e9 um espa\u00e7o de tradi\u00e7\u00e3o, cultura e de conex\u00e3o entre quem produz e quem consome.\u201d<\/p>\n\n\n\n<p>A iniciativa refor\u00e7a o compromisso da Prefeitura de Jundia\u00ed com a valoriza\u00e7\u00e3o das mulheres e do setor agropecu\u00e1rio local. A feira da Vila Arens, assim como as demais feiras da cidade, segue sendo um espa\u00e7o de encontro, trabalho e abastecimento essencial para a popula\u00e7\u00e3o.<\/p>\n","protected":false},"excerpt":{"rendered":"<p>A manh\u00e3 deste domingo (09) foi marcada por um evento especial na Feira da Vila Arens, onde feirantes e produtoras rurais de Jundia\u00ed foram homenageadas pelo seu trabalho essencial no abastecimento da cidade. Com apresenta\u00e7\u00f5es musicais, palestras e um momento dedicado \u00e0 valoriza\u00e7\u00e3o dessas profissionais, a a\u00e7\u00e3o destacou a import\u00e2ncia da mulher no agroneg\u00f3cio e [&hellip;]<\/p>\n","protected":false},"author":69,"featured_media":354480,"comment_status":"closed","ping_status":"0","sticky":false,"template":"","format":"standard","meta":{"footnotes":""},"categories":[2],"tags":[974],"ods":[],"class_list":["post-354479","post","type-post","status-publish","format-standard","has-post-thumbnail","hentry","category-noticias","tag-agronegocio-abastecimento-e-turismo"],"_links":{"self":[{"href":"https:\/\/jundiai.sp.gov.br\/noticias\/wp-json\/wp\/v2\/posts\/354479","targetHints":{"allow":["GET"]}}],"collection":[{"href":"https:\/\/jundiai.sp.gov.br\/noticias\/wp-json\/wp\/v2\/posts"}],"about":[{"href":"https:\/\/jundiai.sp.gov.br\/noticias\/wp-json\/wp\/v2\/types\/post"}],"author":[{"embeddable":true,"href":"https:\/\/jundiai.sp.gov.br\/noticias\/wp-json\/wp\/v2\/users\/69"}],"replies":[{"embeddable":true,"href":"https:\/\/jundiai.sp.gov.br\/noticias\/wp-json\/wp\/v2\/comments?post=354479"}],"version-history":[{"count":3,"href":"https:\/\/jundiai.sp.gov.br\/noticias\/wp-json\/wp\/v2\/posts\/354479\/revisions"}],"predecessor-version":[{"id":354506,"href":"https:\/\/jundiai.sp.gov.br\/noticias\/wp-json\/wp\/v2\/posts\/354479\/revisions\/354506"}],"wp:featuredmedia":[{"embeddable":true,"href":"https:\/\/jundiai.sp.gov.br\/noticias\/wp-json\/wp\/v2\/media\/354480"}],"wp:attachment":[{"href":"https:\/\/jundiai.sp.gov.br\/noticias\/wp-json\/wp\/v2\/media?parent=354479"}],"wp:term":[{"taxonomy":"category","embeddable":true,"href":"https:\/\/jundiai.sp.gov.br\/noticias\/wp-json\/wp\/v2\/categories?post=354479"},{"taxonomy":"post_tag","embeddable":true,"href":"https:\/\/jundiai.sp.gov.br\/noticias\/wp-json\/wp\/v2\/tags?post=354479"},{"taxonomy":"ods","embeddable":true,"href":"https:\/\/jundiai.sp.gov.br\/noticias\/wp-json\/wp\/v2\/ods?post=354479"}],"curies":[{"name":"wp","href":"https:\/\/api.w.org\/{rel}","templated":true}]}}