{"id":354542,"date":"2025-03-11T08:00:00","date_gmt":"2025-03-11T11:00:00","guid":{"rendered":"https:\/\/jundiai.sp.gov.br\/noticias\/?p=354542"},"modified":"2025-03-10T17:44:07","modified_gmt":"2025-03-10T20:44:07","slug":"guarda-municipal-promove-encontro-com-profissionais-da-seguranca-publica-em-homenagem-ao-dia-internacional-da-mulher","status":"publish","type":"post","link":"https:\/\/jundiai.sp.gov.br\/noticias\/2025\/03\/11\/guarda-municipal-promove-encontro-com-profissionais-da-seguranca-publica-em-homenagem-ao-dia-internacional-da-mulher\/","title":{"rendered":"Guarda Municipal promove encontro com profissionais da seguran\u00e7a p\u00fablica em homenagem ao Dia Internacional da Mulher"},"content":{"rendered":"\n<p>Em celebra\u00e7\u00e3o ao Dia Internacional da Mulher, a Guarda Municipal de Jundia\u00ed (GMJ) realizou, ontem (10), um encontro especial no Fundo Social de Solidariedade, reunindo profissionais da seguran\u00e7a p\u00fablica, entre guardas municipais, policiais militares e agentes de tr\u00e2nsito.<\/p>\n\n\n\n<p>Com o tema \u201cMulheres na Seguran\u00e7a P\u00fablica e seus Desafios\u201d, o evento promoveu palestras, din\u00e2micas interativas e sorteios de brindes, proporcionando um momento de reflex\u00e3o e valoriza\u00e7\u00e3o do papel feminino na \u00e1rea.<\/p>\n\n\n\n<div class=\"wp-block-columns is-layout-flex wp-container-core-columns-is-layout-9d6595d7 wp-block-columns-is-layout-flex\">\n<div class=\"wp-block-column is-layout-flow wp-block-column-is-layout-flow\">\n<figure class=\"wp-block-image size-large\"><img loading=\"lazy\" decoding=\"async\" width=\"1280\" height=\"854\" src=\"https:\/\/jundiai.sp.gov.br\/noticias\/wp-content\/uploads\/sites\/32\/2025\/03\/evento_dia_da_mulher_seguranca_funss_v-35-1280x854.jpg\" alt=\"\" class=\"wp-image-354545\" srcset=\"https:\/\/jundiai.sp.gov.br\/noticias\/wp-content\/uploads\/sites\/32\/2025\/03\/evento_dia_da_mulher_seguranca_funss_v-35-1280x854.jpg 1280w, https:\/\/jundiai.sp.gov.br\/noticias\/wp-content\/uploads\/sites\/32\/2025\/03\/evento_dia_da_mulher_seguranca_funss_v-35-300x200.jpg 300w, https:\/\/jundiai.sp.gov.br\/noticias\/wp-content\/uploads\/sites\/32\/2025\/03\/evento_dia_da_mulher_seguranca_funss_v-35-768x512.jpg 768w, https:\/\/jundiai.sp.gov.br\/noticias\/wp-content\/uploads\/sites\/32\/2025\/03\/evento_dia_da_mulher_seguranca_funss_v-35-1536x1024.jpg 1536w, https:\/\/jundiai.sp.gov.br\/noticias\/wp-content\/uploads\/sites\/32\/2025\/03\/evento_dia_da_mulher_seguranca_funss_v-35-450x300.jpg 450w, https:\/\/jundiai.sp.gov.br\/noticias\/wp-content\/uploads\/sites\/32\/2025\/03\/evento_dia_da_mulher_seguranca_funss_v-35.jpg 1900w\" sizes=\"auto, (max-width: 1280px) 100vw, 1280px\" \/><\/figure>\n<\/div>\n\n\n\n<div class=\"wp-block-column is-layout-flow wp-block-column-is-layout-flow\">\n<figure class=\"wp-block-image size-large\"><img loading=\"lazy\" decoding=\"async\" width=\"1280\" height=\"854\" src=\"https:\/\/jundiai.sp.gov.br\/noticias\/wp-content\/uploads\/sites\/32\/2025\/03\/evento_dia_da_mulher_seguranca_funss_v-81-1280x854.jpg\" alt=\"\" class=\"wp-image-354546\" srcset=\"https:\/\/jundiai.sp.gov.br\/noticias\/wp-content\/uploads\/sites\/32\/2025\/03\/evento_dia_da_mulher_seguranca_funss_v-81-1280x854.jpg 1280w, https:\/\/jundiai.sp.gov.br\/noticias\/wp-content\/uploads\/sites\/32\/2025\/03\/evento_dia_da_mulher_seguranca_funss_v-81-300x200.jpg 300w, https:\/\/jundiai.sp.gov.br\/noticias\/wp-content\/uploads\/sites\/32\/2025\/03\/evento_dia_da_mulher_seguranca_funss_v-81-768x512.jpg 768w, https:\/\/jundiai.sp.gov.br\/noticias\/wp-content\/uploads\/sites\/32\/2025\/03\/evento_dia_da_mulher_seguranca_funss_v-81-1536x1024.jpg 1536w, https:\/\/jundiai.sp.gov.br\/noticias\/wp-content\/uploads\/sites\/32\/2025\/03\/evento_dia_da_mulher_seguranca_funss_v-81-450x300.jpg 450w, https:\/\/jundiai.sp.gov.br\/noticias\/wp-content\/uploads\/sites\/32\/2025\/03\/evento_dia_da_mulher_seguranca_funss_v-81.jpg 1900w\" sizes=\"auto, (max-width: 1280px) 100vw, 1280px\" \/><\/figure>\n<\/div>\n\n\n\n<div class=\"wp-block-column is-layout-flow wp-block-column-is-layout-flow\">\n<figure class=\"wp-block-image size-large\"><img loading=\"lazy\" decoding=\"async\" width=\"1280\" height=\"854\" src=\"https:\/\/jundiai.sp.gov.br\/noticias\/wp-content\/uploads\/sites\/32\/2025\/03\/evento_dia_da_mulher_seguranca_funss_v-89-1280x854.jpg\" alt=\"\" class=\"wp-image-354547\" srcset=\"https:\/\/jundiai.sp.gov.br\/noticias\/wp-content\/uploads\/sites\/32\/2025\/03\/evento_dia_da_mulher_seguranca_funss_v-89-1280x854.jpg 1280w, https:\/\/jundiai.sp.gov.br\/noticias\/wp-content\/uploads\/sites\/32\/2025\/03\/evento_dia_da_mulher_seguranca_funss_v-89-300x200.jpg 300w, https:\/\/jundiai.sp.gov.br\/noticias\/wp-content\/uploads\/sites\/32\/2025\/03\/evento_dia_da_mulher_seguranca_funss_v-89-768x512.jpg 768w, https:\/\/jundiai.sp.gov.br\/noticias\/wp-content\/uploads\/sites\/32\/2025\/03\/evento_dia_da_mulher_seguranca_funss_v-89-1536x1024.jpg 1536w, https:\/\/jundiai.sp.gov.br\/noticias\/wp-content\/uploads\/sites\/32\/2025\/03\/evento_dia_da_mulher_seguranca_funss_v-89-450x300.jpg 450w, https:\/\/jundiai.sp.gov.br\/noticias\/wp-content\/uploads\/sites\/32\/2025\/03\/evento_dia_da_mulher_seguranca_funss_v-89.jpg 1900w\" sizes=\"auto, (max-width: 1280px) 100vw, 1280px\" \/><\/figure>\n<\/div>\n<\/div>\n\n\n\n<p>A psic\u00f3loga Dra. Luciana Minelli abordou a import\u00e2ncia do equil\u00edbrio emocional e da gest\u00e3o de responsabilidades no dia a dia das profissionais. J\u00e1 a delegada Dra. Maria Helena Taranto J\u00f3ia, com vasta experi\u00eancia na Pol\u00edcia Civil, destacou a necessidade de uma estrutura eficiente para lidar com as demandas da seguran\u00e7a p\u00fablica.<\/p>\n\n\n\n<p>Para encerrar a programa\u00e7\u00e3o, a coach motivacional Elaine Medeiros conduziu uma din\u00e2mica interativa, promovendo descontra\u00e7\u00e3o e fortalecimento dos la\u00e7os entre as participantes.<\/p>\n\n\n\n<p>A GM J\u00e9ssica Gon\u00e7alves destacou a import\u00e2ncia do evento. \u201cFoi um momento de intera\u00e7\u00e3o e aprendizado. As palestras trouxeram temas essenciais para nossa atua\u00e7\u00e3o e vida pessoal. Que venham mais encontros como este\u201d, comentou.<\/p>\n\n\n\n<p>A guarda aposentada M\u00e1rcia de Farias ressaltou os desafios ainda enfrentados pelas mulheres na seguran\u00e7a p\u00fablica. \u201cApesar dos avan\u00e7os, ainda h\u00e1 obst\u00e1culos como discrimina\u00e7\u00e3o e dificuldades na ascens\u00e3o profissional. Nossa presen\u00e7a traz uma vis\u00e3o mais sens\u00edvel e abrangente para as quest\u00f5es de seguran\u00e7a\u201d, pontuou.<\/p>\n\n\n\n<p>Ao final do evento, a primeira-dama e presidente do Fundo Social de Solidariedade, Ellen Camila Martinelli, e Ana Paula Benassi, esposa do vice-prefeito, foram homenageadas pelo apoio \u00e0s iniciativas voltadas ao fortalecimento da mulher na sociedade.<\/p>\n\n\n\n<figure class=\"wp-block-image size-large\"><img loading=\"lazy\" decoding=\"async\" width=\"1280\" height=\"854\" src=\"https:\/\/jundiai.sp.gov.br\/noticias\/wp-content\/uploads\/sites\/32\/2025\/03\/evento_dia_da_mulher_seguranca_funss_v-116-1280x854.jpg\" alt=\"\" class=\"wp-image-354544\" srcset=\"https:\/\/jundiai.sp.gov.br\/noticias\/wp-content\/uploads\/sites\/32\/2025\/03\/evento_dia_da_mulher_seguranca_funss_v-116-1280x854.jpg 1280w, https:\/\/jundiai.sp.gov.br\/noticias\/wp-content\/uploads\/sites\/32\/2025\/03\/evento_dia_da_mulher_seguranca_funss_v-116-300x200.jpg 300w, https:\/\/jundiai.sp.gov.br\/noticias\/wp-content\/uploads\/sites\/32\/2025\/03\/evento_dia_da_mulher_seguranca_funss_v-116-768x512.jpg 768w, https:\/\/jundiai.sp.gov.br\/noticias\/wp-content\/uploads\/sites\/32\/2025\/03\/evento_dia_da_mulher_seguranca_funss_v-116-1536x1024.jpg 1536w, https:\/\/jundiai.sp.gov.br\/noticias\/wp-content\/uploads\/sites\/32\/2025\/03\/evento_dia_da_mulher_seguranca_funss_v-116-450x300.jpg 450w, https:\/\/jundiai.sp.gov.br\/noticias\/wp-content\/uploads\/sites\/32\/2025\/03\/evento_dia_da_mulher_seguranca_funss_v-116.jpg 1900w\" sizes=\"auto, (max-width: 1280px) 100vw, 1280px\" \/><\/figure>\n\n\n\n<p><strong>Assessoria de Imprensa<br>Fotos: Divulga\u00e7\u00e3o PMJ<\/strong><\/p>\n","protected":false},"excerpt":{"rendered":"<p>Em celebra\u00e7\u00e3o ao Dia Internacional da Mulher, a Guarda Municipal de Jundia\u00ed (GMJ) realizou, ontem (10), um encontro especial no Fundo Social de Solidariedade, reunindo profissionais da seguran\u00e7a p\u00fablica, entre guardas municipais, policiais militares e agentes de tr\u00e2nsito. Com o tema \u201cMulheres na Seguran\u00e7a P\u00fablica e seus Desafios\u201d, o evento promoveu palestras, din\u00e2micas interativas e [&hellip;]<\/p>\n","protected":false},"author":121,"featured_media":354547,"comment_status":"closed","ping_status":"0","sticky":false,"template":"","format":"standard","meta":{"footnotes":""},"categories":[2],"tags":[75,2633,2632],"ods":[],"class_list":["post-354542","post","type-post","status-publish","format-standard","has-post-thumbnail","hentry","category-noticias","tag-dia-internacional-da-mulher","tag-gmj","tag-guarda-municipal-de-jundiai"],"_links":{"self":[{"href":"https:\/\/jundiai.sp.gov.br\/noticias\/wp-json\/wp\/v2\/posts\/354542","targetHints":{"allow":["GET"]}}],"collection":[{"href":"https:\/\/jundiai.sp.gov.br\/noticias\/wp-json\/wp\/v2\/posts"}],"about":[{"href":"https:\/\/jundiai.sp.gov.br\/noticias\/wp-json\/wp\/v2\/types\/post"}],"author":[{"embeddable":true,"href":"https:\/\/jundiai.sp.gov.br\/noticias\/wp-json\/wp\/v2\/users\/121"}],"replies":[{"embeddable":true,"href":"https:\/\/jundiai.sp.gov.br\/noticias\/wp-json\/wp\/v2\/comments?post=354542"}],"version-history":[{"count":1,"href":"https:\/\/jundiai.sp.gov.br\/noticias\/wp-json\/wp\/v2\/posts\/354542\/revisions"}],"predecessor-version":[{"id":354548,"href":"https:\/\/jundiai.sp.gov.br\/noticias\/wp-json\/wp\/v2\/posts\/354542\/revisions\/354548"}],"wp:featuredmedia":[{"embeddable":true,"href":"https:\/\/jundiai.sp.gov.br\/noticias\/wp-json\/wp\/v2\/media\/354547"}],"wp:attachment":[{"href":"https:\/\/jundiai.sp.gov.br\/noticias\/wp-json\/wp\/v2\/media?parent=354542"}],"wp:term":[{"taxonomy":"category","embeddable":true,"href":"https:\/\/jundiai.sp.gov.br\/noticias\/wp-json\/wp\/v2\/categories?post=354542"},{"taxonomy":"post_tag","embeddable":true,"href":"https:\/\/jundiai.sp.gov.br\/noticias\/wp-json\/wp\/v2\/tags?post=354542"},{"taxonomy":"ods","embeddable":true,"href":"https:\/\/jundiai.sp.gov.br\/noticias\/wp-json\/wp\/v2\/ods?post=354542"}],"curies":[{"name":"wp","href":"https:\/\/api.w.org\/{rel}","templated":true}]}}