{"id":354568,"date":"2025-03-12T09:15:00","date_gmt":"2025-03-12T12:15:00","guid":{"rendered":"https:\/\/jundiai.sp.gov.br\/noticias\/?p=354568"},"modified":"2025-03-11T12:02:34","modified_gmt":"2025-03-11T15:02:34","slug":"semana-do-consumidor-tem-palestra-sobre-golpes-digitais","status":"publish","type":"post","link":"https:\/\/jundiai.sp.gov.br\/noticias\/2025\/03\/12\/semana-do-consumidor-tem-palestra-sobre-golpes-digitais\/","title":{"rendered":"Semana do Consumidor tem palestra sobre golpes digitais"},"content":{"rendered":"\n<p>A Prefeitura de Jundia\u00ed, por meio do Procon, deu in\u00edcio \u00e0 Semana do Consumidor com uma programa\u00e7\u00e3o especial voltada \u00e0 informa\u00e7\u00e3o e orienta\u00e7\u00e3o sobre os direitos dos consumidores. A primeira atividade foi uma palestra sobre golpes digitais, realizada no Centro Esportivo Francisco Dal Santo, na Vila Rami.<\/p>\n\n\n\n<p>\u201cO objetivo da palestra foi alertar a popula\u00e7\u00e3o sobre fraudes cada vez mais frequentes no ambiente virtual. Com o avan\u00e7o da tecnologia, as pessoas est\u00e3o mais suscet\u00edveis a golpes e precisam estar atentas ao receberem e-mails, mensagens ou ao realizarem compras online\u201d, destacou Marcelo Canale, diretor do Procon Jundia\u00ed.<\/p>\n\n\n\n<figure class=\"wp-block-image size-large\"><img loading=\"lazy\" decoding=\"async\" width=\"1280\" height=\"720\" src=\"https:\/\/jundiai.sp.gov.br\/noticias\/wp-content\/uploads\/sites\/32\/2025\/03\/semana-do-consumidor-11-03-1280x720.jpg\" alt=\"\" class=\"wp-image-354571\" srcset=\"https:\/\/jundiai.sp.gov.br\/noticias\/wp-content\/uploads\/sites\/32\/2025\/03\/semana-do-consumidor-11-03-1280x720.jpg 1280w, https:\/\/jundiai.sp.gov.br\/noticias\/wp-content\/uploads\/sites\/32\/2025\/03\/semana-do-consumidor-11-03-300x169.jpg 300w, https:\/\/jundiai.sp.gov.br\/noticias\/wp-content\/uploads\/sites\/32\/2025\/03\/semana-do-consumidor-11-03-768x432.jpg 768w, https:\/\/jundiai.sp.gov.br\/noticias\/wp-content\/uploads\/sites\/32\/2025\/03\/semana-do-consumidor-11-03-1536x864.jpg 1536w, https:\/\/jundiai.sp.gov.br\/noticias\/wp-content\/uploads\/sites\/32\/2025\/03\/semana-do-consumidor-11-03.jpg 1900w\" sizes=\"auto, (max-width: 1280px) 100vw, 1280px\" \/><figcaption class=\"wp-element-caption\">Procon Jundia\u00ed realiza Semana do Consumidor com palestras e Procon M\u00f3vel <\/figcaption><\/figure>\n\n\n\n<p>Ao longo da semana, ser\u00e3o abordados temas como C\u00f3digo de Defesa do Consumidor, direitos b\u00e1sicos, superendividamento e empr\u00e9stimos consignados. Para facilitar o acesso da popula\u00e7\u00e3o aos servi\u00e7os, o Procon M\u00f3vel estar\u00e1 dispon\u00edvel nos dias 14 e 15 de mar\u00e7o, oferecendo atendimento presencial para esclarecimento de d\u00favidas e registro de reclama\u00e7\u00f5es. Todas as palestras s\u00e3o gratuitas e abertas ao p\u00fablico.<\/p>\n\n\n\n<p><strong>Programa\u00e7\u00e3o de palestras<\/strong><\/p>\n\n\n\n<figure class=\"wp-block-image size-full\"><img loading=\"lazy\" decoding=\"async\" width=\"1280\" height=\"854\" src=\"https:\/\/jundiai.sp.gov.br\/noticias\/wp-content\/uploads\/sites\/32\/2025\/03\/arte-semana-do-consumidor.jpg\" alt=\"\" class=\"wp-image-354570\" srcset=\"https:\/\/jundiai.sp.gov.br\/noticias\/wp-content\/uploads\/sites\/32\/2025\/03\/arte-semana-do-consumidor.jpg 1280w, https:\/\/jundiai.sp.gov.br\/noticias\/wp-content\/uploads\/sites\/32\/2025\/03\/arte-semana-do-consumidor-300x200.jpg 300w, https:\/\/jundiai.sp.gov.br\/noticias\/wp-content\/uploads\/sites\/32\/2025\/03\/arte-semana-do-consumidor-768x512.jpg 768w, https:\/\/jundiai.sp.gov.br\/noticias\/wp-content\/uploads\/sites\/32\/2025\/03\/arte-semana-do-consumidor-450x300.jpg 450w\" sizes=\"auto, (max-width: 1280px) 100vw, 1280px\" \/><\/figure>\n\n\n\n<p>&#8220;A Semana do Consumidor \u00e9 uma oportunidade para refor\u00e7ar a import\u00e2ncia do conhecimento sobre os direitos dos consumidores. Com o aumento das transa\u00e7\u00f5es digitais, \u00e9 essencial que todos saibam como se proteger de golpes e fraudes. Al\u00e9m disso, trataremos de temas fundamentais, como o superendividamento, que impacta muitas fam\u00edlias&#8221;, ressaltou Canale.<\/p>\n\n\n\n<p>A iniciativa reafirma o compromisso do Procon Jundia\u00ed com a defesa dos consumidores e a promo\u00e7\u00e3o do consumo consciente.<\/p>\n\n\n\n<p><strong>Assessoria de Imprensa<br>Fotos: Divulga\u00e7\u00e3o<\/strong><\/p>\n\n\n\n<p><\/p>\n","protected":false},"excerpt":{"rendered":"<p>A Prefeitura de Jundia\u00ed, por meio do Procon, deu in\u00edcio \u00e0 Semana do Consumidor com uma programa\u00e7\u00e3o especial voltada \u00e0 informa\u00e7\u00e3o e orienta\u00e7\u00e3o sobre os direitos dos consumidores. A primeira atividade foi uma palestra sobre golpes digitais, realizada no Centro Esportivo Francisco Dal Santo, na Vila Rami. \u201cO objetivo da palestra foi alertar a popula\u00e7\u00e3o [&hellip;]<\/p>\n","protected":false},"author":123,"featured_media":354571,"comment_status":"closed","ping_status":"0","sticky":false,"template":"","format":"standard","meta":{"footnotes":""},"categories":[4620,2],"tags":[33,551],"ods":[],"class_list":["post-354568","post","type-post","status-publish","format-standard","has-post-thumbnail","hentry","category-destaques","category-noticias","tag-procon","tag-semana-do-consumidor"],"_links":{"self":[{"href":"https:\/\/jundiai.sp.gov.br\/noticias\/wp-json\/wp\/v2\/posts\/354568","targetHints":{"allow":["GET"]}}],"collection":[{"href":"https:\/\/jundiai.sp.gov.br\/noticias\/wp-json\/wp\/v2\/posts"}],"about":[{"href":"https:\/\/jundiai.sp.gov.br\/noticias\/wp-json\/wp\/v2\/types\/post"}],"author":[{"embeddable":true,"href":"https:\/\/jundiai.sp.gov.br\/noticias\/wp-json\/wp\/v2\/users\/123"}],"replies":[{"embeddable":true,"href":"https:\/\/jundiai.sp.gov.br\/noticias\/wp-json\/wp\/v2\/comments?post=354568"}],"version-history":[{"count":4,"href":"https:\/\/jundiai.sp.gov.br\/noticias\/wp-json\/wp\/v2\/posts\/354568\/revisions"}],"predecessor-version":[{"id":354576,"href":"https:\/\/jundiai.sp.gov.br\/noticias\/wp-json\/wp\/v2\/posts\/354568\/revisions\/354576"}],"wp:featuredmedia":[{"embeddable":true,"href":"https:\/\/jundiai.sp.gov.br\/noticias\/wp-json\/wp\/v2\/media\/354571"}],"wp:attachment":[{"href":"https:\/\/jundiai.sp.gov.br\/noticias\/wp-json\/wp\/v2\/media?parent=354568"}],"wp:term":[{"taxonomy":"category","embeddable":true,"href":"https:\/\/jundiai.sp.gov.br\/noticias\/wp-json\/wp\/v2\/categories?post=354568"},{"taxonomy":"post_tag","embeddable":true,"href":"https:\/\/jundiai.sp.gov.br\/noticias\/wp-json\/wp\/v2\/tags?post=354568"},{"taxonomy":"ods","embeddable":true,"href":"https:\/\/jundiai.sp.gov.br\/noticias\/wp-json\/wp\/v2\/ods?post=354568"}],"curies":[{"name":"wp","href":"https:\/\/api.w.org\/{rel}","templated":true}]}}