{"id":354655,"date":"2025-03-15T15:30:00","date_gmt":"2025-03-15T18:30:00","guid":{"rendered":"https:\/\/jundiai.sp.gov.br\/noticias\/?p=354655"},"modified":"2025-03-17T14:58:47","modified_gmt":"2025-03-17T17:58:47","slug":"jardim-mobilidade-passa-a-funcionar-todos-os-dias-da-semana","status":"publish","type":"post","link":"https:\/\/jundiai.sp.gov.br\/noticias\/2025\/03\/15\/jardim-mobilidade-passa-a-funcionar-todos-os-dias-da-semana\/","title":{"rendered":"Jardim Mobilidade passa a funcionar todos os dias da semana"},"content":{"rendered":"\n<p>A Prefeitura de Jundia\u00ed, por meio da Unidade de Gest\u00e3o de Mobilidade e Transportes (UGMT), em parceria com a DAE, ampliou o funcionamento do Jardim Mobilidade no Parque Mundo das Crian\u00e7as. Antes dispon\u00edvel apenas nos finais de semana, o espa\u00e7o agora tamb\u00e9m opera de segunda a sexta-feira, oferecendo mais oportunidades para a educa\u00e7\u00e3o no tr\u00e2nsito.<\/p>\n\n\n\n<p>Para garantir uma experi\u00eancia educativa e interativa, 32 estagi\u00e1rios foram capacitados para orientar as crian\u00e7as sobre seguran\u00e7a vi\u00e1ria, abordando a responsabilidade de pedestres, ciclistas, passageiros e futuros condutores. Crian\u00e7as de at\u00e9 12 anos que visitarem o parque com suas bicicletas e capacetes poder\u00e3o acessar o Jardim Mobilidade sem necessidade de agendamento.<\/p>\n\n\n\n<figure class=\"wp-block-image size-large\"><img loading=\"lazy\" decoding=\"async\" width=\"1280\" height=\"854\" src=\"https:\/\/jundiai.sp.gov.br\/noticias\/wp-content\/uploads\/sites\/32\/2025\/03\/entregas_bicicletas_jardim_mobilidade-10-1280x854.jpg\" alt=\"\" class=\"wp-image-354699\" srcset=\"https:\/\/jundiai.sp.gov.br\/noticias\/wp-content\/uploads\/sites\/32\/2025\/03\/entregas_bicicletas_jardim_mobilidade-10-1280x854.jpg 1280w, https:\/\/jundiai.sp.gov.br\/noticias\/wp-content\/uploads\/sites\/32\/2025\/03\/entregas_bicicletas_jardim_mobilidade-10-300x200.jpg 300w, https:\/\/jundiai.sp.gov.br\/noticias\/wp-content\/uploads\/sites\/32\/2025\/03\/entregas_bicicletas_jardim_mobilidade-10-768x512.jpg 768w, https:\/\/jundiai.sp.gov.br\/noticias\/wp-content\/uploads\/sites\/32\/2025\/03\/entregas_bicicletas_jardim_mobilidade-10-1536x1024.jpg 1536w, https:\/\/jundiai.sp.gov.br\/noticias\/wp-content\/uploads\/sites\/32\/2025\/03\/entregas_bicicletas_jardim_mobilidade-10-450x300.jpg 450w, https:\/\/jundiai.sp.gov.br\/noticias\/wp-content\/uploads\/sites\/32\/2025\/03\/entregas_bicicletas_jardim_mobilidade-10.jpg 1900w\" sizes=\"auto, (max-width: 1280px) 100vw, 1280px\" \/><figcaption class=\"wp-element-caption\">Estagi\u00e1rios foram foram capacitados para orientar os pequenos <\/figcaption><\/figure>\n\n\n\n<p>Em breve, o espa\u00e7o tamb\u00e9m atender\u00e1 alunos das escolas municipais, ampliando o alcance do projeto. Para isso, a UGMT disponibilizou 20 bicicletas e 20 capacetes, garantindo um aprendizado pr\u00e1tico e l\u00fadico para os estudantes da rede p\u00fablica.<\/p>\n\n\n\n<p>Nesta semana, alunos da EMEB Jo\u00e3o Luiz de Campos participaram das atividades. A diretora Fabiana Congilio destacou o impacto positivo da iniciativa: <em>&#8220;As crian\u00e7as aprendem brincando e compartilham esse conhecimento em casa, tornando-se agentes multiplicadores.&#8221;<\/em> Durante as atividades, os alunos demonstraram aprendizado sobre regras b\u00e1sicas de tr\u00e2nsito, como respeito aos pedestres e aten\u00e7\u00e3o ao atravessar ruas.<\/p>\n\n\n\n<figure class=\"wp-block-image size-large\"><img loading=\"lazy\" decoding=\"async\" width=\"1280\" height=\"854\" src=\"https:\/\/jundiai.sp.gov.br\/noticias\/wp-content\/uploads\/sites\/32\/2025\/03\/entregas_bicicletas_jardim_mobilidade-13-1-1280x854.jpg\" alt=\"\" class=\"wp-image-354690\" srcset=\"https:\/\/jundiai.sp.gov.br\/noticias\/wp-content\/uploads\/sites\/32\/2025\/03\/entregas_bicicletas_jardim_mobilidade-13-1-1280x854.jpg 1280w, https:\/\/jundiai.sp.gov.br\/noticias\/wp-content\/uploads\/sites\/32\/2025\/03\/entregas_bicicletas_jardim_mobilidade-13-1-300x200.jpg 300w, https:\/\/jundiai.sp.gov.br\/noticias\/wp-content\/uploads\/sites\/32\/2025\/03\/entregas_bicicletas_jardim_mobilidade-13-1-768x512.jpg 768w, https:\/\/jundiai.sp.gov.br\/noticias\/wp-content\/uploads\/sites\/32\/2025\/03\/entregas_bicicletas_jardim_mobilidade-13-1-1536x1024.jpg 1536w, https:\/\/jundiai.sp.gov.br\/noticias\/wp-content\/uploads\/sites\/32\/2025\/03\/entregas_bicicletas_jardim_mobilidade-13-1-450x300.jpg 450w, https:\/\/jundiai.sp.gov.br\/noticias\/wp-content\/uploads\/sites\/32\/2025\/03\/entregas_bicicletas_jardim_mobilidade-13-1.jpg 1900w\" sizes=\"auto, (max-width: 1280px) 100vw, 1280px\" \/><figcaption class=\"wp-element-caption\">Thiago e Elo\u00e1. <\/figcaption><\/figure>\n\n\n\n<p>Thiago, aluno da EMEB Jo\u00e3o Luiz de Campos, destacou: &#8220;Tem que respeitar os pedestres e s\u00f3 atravessar na faixa.&#8221; Elo\u00e1 refor\u00e7ou a necessidade de aten\u00e7\u00e3o ao atravessar a rua: &#8220;Aprendi que s\u00f3 podemos atravessar quando o sinal est\u00e1 vermelho e temos que olhar para os dois lados para garantir que n\u00e3o vem carro.&#8221; J\u00e1 Laura ressaltou a import\u00e2ncia da seguran\u00e7a dos ciclistas: &#8220;Aprendi que os ciclistas t\u00eam que estar atentos aos carros e s\u00f3 andar na ciclofaixa.&#8221;<\/p>\n\n\n\n<p>O prefeito Gustavo Martinelli tamb\u00e9m celebrou a iniciativa. \u201cInvestir na educa\u00e7\u00e3o vi\u00e1ria \u00e9 garantir um futuro mais seguro\u2019, ressaltou.<\/p>\n\n\n\n<p>Com a parceria entre a DAE e a UGMT, o Jardim Mobilidade se tornou um espa\u00e7o permanente de aprendizado, promovendo uma experi\u00eancia interativa e educativa para as crian\u00e7as.<\/p>\n\n\n\n<p><strong>Assessoria de Imprensa<br>Fotos: Fot\u00f3grafos PMJ<\/strong><\/p>\n","protected":false},"excerpt":{"rendered":"<p>A Prefeitura de Jundia\u00ed, por meio da Unidade de Gest\u00e3o de Mobilidade e Transportes (UGMT), em parceria com a DAE, ampliou o funcionamento do Jardim Mobilidade no Parque Mundo das Crian\u00e7as. Antes dispon\u00edvel apenas nos finais de semana, o espa\u00e7o agora tamb\u00e9m opera de segunda a sexta-feira, oferecendo mais oportunidades para a educa\u00e7\u00e3o no tr\u00e2nsito. [&hellip;]<\/p>\n","protected":false},"author":69,"featured_media":354688,"comment_status":"closed","ping_status":"0","sticky":false,"template":"","format":"standard","meta":{"footnotes":""},"categories":[2],"tags":[1940,4877,982,1436,27,1676],"ods":[],"class_list":["post-354655","post","type-post","status-publish","format-standard","has-post-thumbnail","hentry","category-noticias","tag-dae-jundiai","tag-jardim-mobilidade","tag-mobilidade-e-transporte","tag-mundo-das-criancas","tag-transito","tag-unidade-de-gestao-de-mobilidade-e-transporte"],"_links":{"self":[{"href":"https:\/\/jundiai.sp.gov.br\/noticias\/wp-json\/wp\/v2\/posts\/354655","targetHints":{"allow":["GET"]}}],"collection":[{"href":"https:\/\/jundiai.sp.gov.br\/noticias\/wp-json\/wp\/v2\/posts"}],"about":[{"href":"https:\/\/jundiai.sp.gov.br\/noticias\/wp-json\/wp\/v2\/types\/post"}],"author":[{"embeddable":true,"href":"https:\/\/jundiai.sp.gov.br\/noticias\/wp-json\/wp\/v2\/users\/69"}],"replies":[{"embeddable":true,"href":"https:\/\/jundiai.sp.gov.br\/noticias\/wp-json\/wp\/v2\/comments?post=354655"}],"version-history":[{"count":5,"href":"https:\/\/jundiai.sp.gov.br\/noticias\/wp-json\/wp\/v2\/posts\/354655\/revisions"}],"predecessor-version":[{"id":354847,"href":"https:\/\/jundiai.sp.gov.br\/noticias\/wp-json\/wp\/v2\/posts\/354655\/revisions\/354847"}],"wp:featuredmedia":[{"embeddable":true,"href":"https:\/\/jundiai.sp.gov.br\/noticias\/wp-json\/wp\/v2\/media\/354688"}],"wp:attachment":[{"href":"https:\/\/jundiai.sp.gov.br\/noticias\/wp-json\/wp\/v2\/media?parent=354655"}],"wp:term":[{"taxonomy":"category","embeddable":true,"href":"https:\/\/jundiai.sp.gov.br\/noticias\/wp-json\/wp\/v2\/categories?post=354655"},{"taxonomy":"post_tag","embeddable":true,"href":"https:\/\/jundiai.sp.gov.br\/noticias\/wp-json\/wp\/v2\/tags?post=354655"},{"taxonomy":"ods","embeddable":true,"href":"https:\/\/jundiai.sp.gov.br\/noticias\/wp-json\/wp\/v2\/ods?post=354655"}],"curies":[{"name":"wp","href":"https:\/\/api.w.org\/{rel}","templated":true}]}}