{"id":354963,"date":"2025-03-23T14:30:00","date_gmt":"2025-03-23T17:30:00","guid":{"rendered":"https:\/\/jundiai.sp.gov.br\/noticias\/?p=354963"},"modified":"2025-03-21T17:23:30","modified_gmt":"2025-03-21T20:23:30","slug":"do-coworking-do-jundiai-empreendedora-para-o-mundo-empreendedor-de-jundiai-leva-experiencia-e-conhecimento-ate-o-japao","status":"publish","type":"post","link":"https:\/\/jundiai.sp.gov.br\/noticias\/2025\/03\/23\/do-coworking-do-jundiai-empreendedora-para-o-mundo-empreendedor-de-jundiai-leva-experiencia-e-conhecimento-ate-o-japao\/","title":{"rendered":"Do Coworking do Jundia\u00ed Empreendedora para o mundo: empreendedor de Jundia\u00ed leva experi\u00eancia e conhecimento at\u00e9 o Jap\u00e3o"},"content":{"rendered":"\n<p>O espa\u00e7o de coworking do espa\u00e7o Jundia\u00ed Empreendedora tem sido o ponto de partida para muitas hist\u00f3rias de sucesso, e uma delas est\u00e1 prestes a cruzar fronteiras. Cristiano Santos, palestrante internacional, TEDx speaker, professor, jornalista e consultor de marketing digital e m\u00eddias sociais, escolheu o espa\u00e7o gratuito da Prefeitura de Jundia\u00ed como seu escrit\u00f3rio fixo desde janeiro deste ano. Agora, ele prepara as malas para levar seu conhecimento e trajet\u00f3ria at\u00e9 o Jap\u00e3o, onde vai palestrar para a comunidade brasileira e inspirar crian\u00e7as, adolescentes e adultos que moram no pa\u00eds.<\/p>\n\n\n\n<p>Cristiano destaca que trabalhar em casa nunca foi uma op\u00e7\u00e3o para ele. \u201cO Jundia\u00ed Empreendedora tem sido essencial para meu dia a dia. Aqui, al\u00e9m de um ambiente excelente e bem estruturado para trabalhar, consigo fazer networking com outros empreendedores, o que sempre gera novas oportunidades de neg\u00f3cios. Isso n\u00e3o aconteceria se eu estivesse isolado em casa. Outro ponto positivo \u00e9 que o espa\u00e7o \u00e9 gratuito e tem uma localiza\u00e7\u00e3o estrat\u00e9gica dentro do shopping, facilitando encontros r\u00e1pidos para um caf\u00e9 ou almo\u00e7o com clientes\u201d, explica.<\/p>\n\n\n\n<figure class=\"wp-block-image size-large\"><img loading=\"lazy\" decoding=\"async\" width=\"1280\" height=\"854\" src=\"https:\/\/jundiai.sp.gov.br\/noticias\/wp-content\/uploads\/sites\/32\/2025\/03\/jundiai_empreendedor_cris-1-1280x854.jpg\" alt=\"\" class=\"wp-image-354964\" srcset=\"https:\/\/jundiai.sp.gov.br\/noticias\/wp-content\/uploads\/sites\/32\/2025\/03\/jundiai_empreendedor_cris-1-1280x854.jpg 1280w, https:\/\/jundiai.sp.gov.br\/noticias\/wp-content\/uploads\/sites\/32\/2025\/03\/jundiai_empreendedor_cris-1-300x200.jpg 300w, https:\/\/jundiai.sp.gov.br\/noticias\/wp-content\/uploads\/sites\/32\/2025\/03\/jundiai_empreendedor_cris-1-768x512.jpg 768w, https:\/\/jundiai.sp.gov.br\/noticias\/wp-content\/uploads\/sites\/32\/2025\/03\/jundiai_empreendedor_cris-1-1536x1024.jpg 1536w, https:\/\/jundiai.sp.gov.br\/noticias\/wp-content\/uploads\/sites\/32\/2025\/03\/jundiai_empreendedor_cris-1-450x300.jpg 450w, https:\/\/jundiai.sp.gov.br\/noticias\/wp-content\/uploads\/sites\/32\/2025\/03\/jundiai_empreendedor_cris-1.jpg 1900w\" sizes=\"auto, (max-width: 1280px) 100vw, 1280px\" \/><\/figure>\n\n\n\n<p>O pr\u00f3ximo destino do empreendedor \u00e9 o Jap\u00e3o, onde ele participar\u00e1 de dois eventos importantes. \u201cVou palestrar no polo UNIP\/Jap\u00e3o, compartilhando um pouco sobre marketing digital e empreendedorismo e carreira. Irei para o Jap\u00e3o em parceria com o Kazuo Shiraishi, brasileiro que mora no pa\u00eds h\u00e1 muitos anos, e irei fazer algumas visitas \u00e0 empres\u00e1rios brasileiros, fazer reuni\u00f5es, e palestrar, passei por tr\u00eas cidades: Tokyo, Hamamatsu e Kikugawa. Tamb\u00e9m terei a oportunidade de participar de encontros com crian\u00e7as e adolescentes, vou contar um pouquinho da minha trajet\u00f3ria e levar meu conhecimento para brasileiros que vivem l\u00e1. Espero inspir\u00e1-las a acreditarem no seu potencial\u201d, conta Cristiano.<\/p>\n\n\n\n<p>Para Cida Gibrail, diretora da Unidade de Gest\u00e3o de Desenvolvimento Econ\u00f4mico, Ci\u00eancia e Tecnologia, o sucesso de empreendedores como Cristiano refor\u00e7a o papel transformador do Jundia\u00ed Empreendedora. \u201cNosso objetivo com o coworking \u00e9 justamente oferecer um ambiente prop\u00edcio para o crescimento dos neg\u00f3cios locais. \u00c9 muito gratificante ver um profissional que utiliza nossa estrutura alcan\u00e7ar reconhecimento internacional. Isso mostra como pol\u00edticas p\u00fablicas bem estruturadas podem impactar diretamente na vida das pessoas e na economia da cidade\u201d, destaca.<\/p>\n\n\n\n<p>O espa\u00e7o coworking Jundia\u00ed Empreendedora est\u00e1 dispon\u00edvel para todos os empreendedores da cidade, gratuitamente, oferecendo infraestrutura, conectividade e, principalmente, oportunidades de troca e crescimento. Para utilizar o espa\u00e7o basta fazer o agendamento no <a href=\"https:\/\/negocios.jundiai.sp.gov.br\/espaco-jundiai-empreendedora\/coworking-publico\/\">Portal Jundia\u00ed Empreendedora.<\/a><\/p>\n\n\n\n<p>Para conhecer um pouco mais sobre a hist\u00f3ria e carreira de Cristiano acesse: <a href=\"https:\/\/www.instagram.com\/santoscristianobr\/\">https:\/\/www.instagram.com\/santoscristianobr\/<\/a><\/p>\n\n\n\n<p><strong>Assessoria de Imprensa<br>Fotos: Fot\u00f3grafos PMJ<\/strong><\/p>\n","protected":false},"excerpt":{"rendered":"<p>O espa\u00e7o de coworking do espa\u00e7o Jundia\u00ed Empreendedora tem sido o ponto de partida para muitas hist\u00f3rias de sucesso, e uma delas est\u00e1 prestes a cruzar fronteiras. Cristiano Santos, palestrante internacional, TEDx speaker, professor, jornalista e consultor de marketing digital e m\u00eddias sociais, escolheu o espa\u00e7o gratuito da Prefeitura de Jundia\u00ed como seu escrit\u00f3rio fixo [&hellip;]<\/p>\n","protected":false},"author":69,"featured_media":354966,"comment_status":"closed","ping_status":"0","sticky":false,"template":"","format":"standard","meta":{"footnotes":""},"categories":[2],"tags":[4763,365,3431,2736],"ods":[],"class_list":["post-354963","post","type-post","status-publish","format-standard","has-post-thumbnail","hentry","category-noticias","tag-coworking","tag-desenvolvimento-economico-ciencia-e-tecnologia","tag-espaco-jundiai-empreendedora","tag-jundiai-empreendedora-2"],"_links":{"self":[{"href":"https:\/\/jundiai.sp.gov.br\/noticias\/wp-json\/wp\/v2\/posts\/354963","targetHints":{"allow":["GET"]}}],"collection":[{"href":"https:\/\/jundiai.sp.gov.br\/noticias\/wp-json\/wp\/v2\/posts"}],"about":[{"href":"https:\/\/jundiai.sp.gov.br\/noticias\/wp-json\/wp\/v2\/types\/post"}],"author":[{"embeddable":true,"href":"https:\/\/jundiai.sp.gov.br\/noticias\/wp-json\/wp\/v2\/users\/69"}],"replies":[{"embeddable":true,"href":"https:\/\/jundiai.sp.gov.br\/noticias\/wp-json\/wp\/v2\/comments?post=354963"}],"version-history":[{"count":5,"href":"https:\/\/jundiai.sp.gov.br\/noticias\/wp-json\/wp\/v2\/posts\/354963\/revisions"}],"predecessor-version":[{"id":355029,"href":"https:\/\/jundiai.sp.gov.br\/noticias\/wp-json\/wp\/v2\/posts\/354963\/revisions\/355029"}],"wp:featuredmedia":[{"embeddable":true,"href":"https:\/\/jundiai.sp.gov.br\/noticias\/wp-json\/wp\/v2\/media\/354966"}],"wp:attachment":[{"href":"https:\/\/jundiai.sp.gov.br\/noticias\/wp-json\/wp\/v2\/media?parent=354963"}],"wp:term":[{"taxonomy":"category","embeddable":true,"href":"https:\/\/jundiai.sp.gov.br\/noticias\/wp-json\/wp\/v2\/categories?post=354963"},{"taxonomy":"post_tag","embeddable":true,"href":"https:\/\/jundiai.sp.gov.br\/noticias\/wp-json\/wp\/v2\/tags?post=354963"},{"taxonomy":"ods","embeddable":true,"href":"https:\/\/jundiai.sp.gov.br\/noticias\/wp-json\/wp\/v2\/ods?post=354963"}],"curies":[{"name":"wp","href":"https:\/\/api.w.org\/{rel}","templated":true}]}}