{"id":355003,"date":"2025-03-21T13:00:00","date_gmt":"2025-03-21T16:00:00","guid":{"rendered":"https:\/\/jundiai.sp.gov.br\/noticias\/?p=355003"},"modified":"2025-03-20T16:40:15","modified_gmt":"2025-03-20T19:40:15","slug":"3a-fens-nos-bairros-chega-a-regiao-sul-com-edicao-especial-na-vila-rami","status":"publish","type":"post","link":"https:\/\/jundiai.sp.gov.br\/noticias\/2025\/03\/21\/3a-fens-nos-bairros-chega-a-regiao-sul-com-edicao-especial-na-vila-rami\/","title":{"rendered":"3\u00aa FENS nos Bairros chega \u00e0 Regi\u00e3o Sul com edi\u00e7\u00e3o especial na Vila Rami"},"content":{"rendered":"\n<p>A Prefeitura de Jundia\u00ed, por meio da Unidade de Gest\u00e3o de Desenvolvimento Econ\u00f4mico, Ci\u00eancia e Tecnologia (UGDECT), anuncia a realiza\u00e7\u00e3o da 3\u00aa edi\u00e7\u00e3o da Feira do Empreendedor, Neg\u00f3cios e Servi\u00e7os (FENS) nos Bairros \u2013 Regi\u00e3o Sul. O evento acontecer\u00e1 nos dias 02, 03 e 04 de maio, no sal\u00e3o do Santu\u00e1rio Diocesano Nossa Senhora Aparecida, localizado na Rua Cica, 1862 \u2013 Vila Rami.<\/p>\n\n\n\n<p>Voltada para fomentar o empreendedorismo local, a FENS nos Bairros reunir\u00e1 expositores da Regi\u00e3o Sul do munic\u00edpio, oferecendo uma grande variedade de produtos e servi\u00e7os. A feira contar\u00e1 com 55 stands, disponibilizados para empresas legalmente estabelecidas nos bairros da regi\u00e3o, como Agapeama, Bonfiglioli, Jardim do Lago, Vila Rami, entre outros.<\/p>\n\n\n\n<h3 class=\"wp-block-heading\">Inscri\u00e7\u00f5es abertas de 20 de mar\u00e7o a 5 de abril<\/h3>\n\n\n\n<p>Empreendedores interessados em participar j\u00e1 podem efetuar sua pr\u00e9-inscri\u00e7\u00e3o entre os dias 21de mar\u00e7o e 5 de abril, exclusivamente pelo formul\u00e1rio online dispon\u00edvel <a href=\"https:\/\/docs.google.com\/forms\/d\/e\/1FAIpQLSewmD42fyQWkVhfVQPBJW8dfSYi8C8eP7BFCmOyCXapq6cJfA\/viewform\">neste link<\/a>.<\/p>\n\n\n\n<p>A sele\u00e7\u00e3o dos participantes ocorrer\u00e1 atrav\u00e9s de sorteio presencial, agendado para o dia 14 de abril, \u00e0s 18h, no pr\u00f3prio Santu\u00e1rio Nossa Senhora Aparecida. Para participar, \u00e9 necess\u00e1rio que o interessado esteja com toda a documenta\u00e7\u00e3o exigida correta e compare\u00e7a pessoalmente ou por meio de representante. O n\u00e3o comparecimento acarretar\u00e1 desclassifica\u00e7\u00e3o.<\/p>\n\n\n\n<p>A feira destina-se a Microempreendedores Individuais (MEIs), Microempresas (MEs), Empresas de Pequeno Porte (EPPs) e aut\u00f4nomos com CPF ativo, sediados nos bairros da Regi\u00e3o Sul e devidamente cadastrados no munic\u00edpio.<\/p>\n\n\n\n<p>Os expositores ter\u00e3o acesso a um stand padr\u00e3o de 4m\u00b2, equipado com carpete, balc\u00e3o frontal, testeira personalizada com o nome da empresa, ponto de energia e ilumina\u00e7\u00e3o. \u00c9 importante que os participantes cumpram todas as normas de seguran\u00e7a e funcionamento previstas no edital.<\/p>\n\n\n\n<h3 class=\"wp-block-heading\">Edital e mais informa\u00e7\u00f5es<\/h3>\n\n\n\n<p>Todos os detalhes sobre requisitos, documenta\u00e7\u00e3o, crit\u00e9rios de sele\u00e7\u00e3o, obriga\u00e7\u00f5es dos expositores e normas gerais podem ser consultados no <strong><a>Edital da 3\u00aa FENS nos Bairros \u2013 Regi\u00e3o Sul<\/a><\/strong>.<\/p>\n\n\n\n<p>Para mais informa\u00e7\u00f5es, os interessados podem procurar o <a href=\"https:\/\/negocios.jundiai.sp.gov.br\/\">Espa\u00e7o Jundia\u00ed Empreendedora<\/a>, localizado no Piso G3 do Maxi Shopping, de segunda a sexta-feira, das 9h \u00e0s 16h.<\/p>\n\n\n\n<p><strong>Assessoria de Imprensa<br>Fotos: Fot\u00f3grafos PMJ<\/strong><\/p>\n\n\n\n<p><\/p>\n","protected":false},"excerpt":{"rendered":"<p>A Prefeitura de Jundia\u00ed, por meio da Unidade de Gest\u00e3o de Desenvolvimento Econ\u00f4mico, Ci\u00eancia e Tecnologia (UGDECT), anuncia a realiza\u00e7\u00e3o da 3\u00aa edi\u00e7\u00e3o da Feira do Empreendedor, Neg\u00f3cios e Servi\u00e7os (FENS) nos Bairros \u2013 Regi\u00e3o Sul. O evento acontecer\u00e1 nos dias 02, 03 e 04 de maio, no sal\u00e3o do Santu\u00e1rio Diocesano Nossa Senhora Aparecida, [&hellip;]<\/p>\n","protected":false},"author":69,"featured_media":355004,"comment_status":"closed","ping_status":"0","sticky":false,"template":"","format":"standard","meta":{"footnotes":""},"categories":[2],"tags":[365,4895,4896,1527],"ods":[],"class_list":["post-355003","post","type-post","status-publish","format-standard","has-post-thumbnail","hentry","category-noticias","tag-desenvolvimento-economico-ciencia-e-tecnologia","tag-fens-2025","tag-fens-nos-bairros","tag-jundiai-empreendedora"],"_links":{"self":[{"href":"https:\/\/jundiai.sp.gov.br\/noticias\/wp-json\/wp\/v2\/posts\/355003","targetHints":{"allow":["GET"]}}],"collection":[{"href":"https:\/\/jundiai.sp.gov.br\/noticias\/wp-json\/wp\/v2\/posts"}],"about":[{"href":"https:\/\/jundiai.sp.gov.br\/noticias\/wp-json\/wp\/v2\/types\/post"}],"author":[{"embeddable":true,"href":"https:\/\/jundiai.sp.gov.br\/noticias\/wp-json\/wp\/v2\/users\/69"}],"replies":[{"embeddable":true,"href":"https:\/\/jundiai.sp.gov.br\/noticias\/wp-json\/wp\/v2\/comments?post=355003"}],"version-history":[{"count":2,"href":"https:\/\/jundiai.sp.gov.br\/noticias\/wp-json\/wp\/v2\/posts\/355003\/revisions"}],"predecessor-version":[{"id":355014,"href":"https:\/\/jundiai.sp.gov.br\/noticias\/wp-json\/wp\/v2\/posts\/355003\/revisions\/355014"}],"wp:featuredmedia":[{"embeddable":true,"href":"https:\/\/jundiai.sp.gov.br\/noticias\/wp-json\/wp\/v2\/media\/355004"}],"wp:attachment":[{"href":"https:\/\/jundiai.sp.gov.br\/noticias\/wp-json\/wp\/v2\/media?parent=355003"}],"wp:term":[{"taxonomy":"category","embeddable":true,"href":"https:\/\/jundiai.sp.gov.br\/noticias\/wp-json\/wp\/v2\/categories?post=355003"},{"taxonomy":"post_tag","embeddable":true,"href":"https:\/\/jundiai.sp.gov.br\/noticias\/wp-json\/wp\/v2\/tags?post=355003"},{"taxonomy":"ods","embeddable":true,"href":"https:\/\/jundiai.sp.gov.br\/noticias\/wp-json\/wp\/v2\/ods?post=355003"}],"curies":[{"name":"wp","href":"https:\/\/api.w.org\/{rel}","templated":true}]}}