{"id":355149,"date":"2025-03-22T14:58:00","date_gmt":"2025-03-22T17:58:00","guid":{"rendered":"https:\/\/jundiai.sp.gov.br\/noticias\/?p=355149"},"modified":"2025-04-08T15:46:28","modified_gmt":"2025-04-08T18:46:28","slug":"prefeitura-de-jundiai-lanca-programa-de-zeladoria-quem-ama-cuida","status":"publish","type":"post","link":"https:\/\/jundiai.sp.gov.br\/noticias\/2025\/03\/22\/prefeitura-de-jundiai-lanca-programa-de-zeladoria-quem-ama-cuida\/","title":{"rendered":"Prefeitura de Jundia\u00ed lan\u00e7a programa de zeladoria: &#8216;Quem Ama, Cuida&#8217;"},"content":{"rendered":"\n<p>Neste final de semana, a Prefeitura de Jundia\u00ed d\u00e1 in\u00edcio ao programa &#8220;Quem Ama, Cuida&#8221;, um grande mutir\u00e3o de zeladoria que levar\u00e1 servi\u00e7os essenciais aos bairros da cidade. No lan\u00e7amento da iniciativa, mais de 300 profissionais estar\u00e3o atuando para atender a demanda reprimida, garantindo mais qualidade de vida para a popula\u00e7\u00e3o.<\/p>\n\n\n\n<p>O prefeito Gustavo Martinelli destaca que o programa foi criado para oferecer os servi\u00e7os da Unidade de Gest\u00e3o de Infraestrutura e Servi\u00e7os P\u00fablicos (UGISP) diretamente \u00e0 popula\u00e7\u00e3o. &#8220;Com o &#8216;Quem Ama, Cuida&#8217;, levaremos aos bairros os servi\u00e7os de poda, ro\u00e7agem, tapa-buracos, manuten\u00e7\u00e3o de bocas de lobo e hidrojateamento, ilumina\u00e7\u00e3o p\u00fablica e muito mais. Jundia\u00ed j\u00e1 \u00e9 uma boa cidade para se morar, mas com esse programa, vamos transform\u00e1-la em um lugar ainda melhor para se viver&#8221;, afirma o prefeito.<\/p>\n\n\n\n<div class=\"wp-block-columns is-layout-flex wp-container-core-columns-is-layout-9d6595d7 wp-block-columns-is-layout-flex\">\n<div class=\"wp-block-column is-layout-flow wp-block-column-is-layout-flow\">\n<figure class=\"wp-block-image size-large\"><img loading=\"lazy\" decoding=\"async\" width=\"1280\" height=\"854\" src=\"https:\/\/jundiai.sp.gov.br\/noticias\/wp-content\/uploads\/sites\/32\/2025\/03\/servicos_ugisp-1-1280x854.jpeg\" alt=\"\" class=\"wp-image-355152\" srcset=\"https:\/\/jundiai.sp.gov.br\/noticias\/wp-content\/uploads\/sites\/32\/2025\/03\/servicos_ugisp-1-1280x854.jpeg 1280w, https:\/\/jundiai.sp.gov.br\/noticias\/wp-content\/uploads\/sites\/32\/2025\/03\/servicos_ugisp-1-300x200.jpeg 300w, https:\/\/jundiai.sp.gov.br\/noticias\/wp-content\/uploads\/sites\/32\/2025\/03\/servicos_ugisp-1-768x512.jpeg 768w, https:\/\/jundiai.sp.gov.br\/noticias\/wp-content\/uploads\/sites\/32\/2025\/03\/servicos_ugisp-1-1536x1024.jpeg 1536w, https:\/\/jundiai.sp.gov.br\/noticias\/wp-content\/uploads\/sites\/32\/2025\/03\/servicos_ugisp-1-450x300.jpeg 450w, https:\/\/jundiai.sp.gov.br\/noticias\/wp-content\/uploads\/sites\/32\/2025\/03\/servicos_ugisp-1.jpeg 1900w\" sizes=\"auto, (max-width: 1280px) 100vw, 1280px\" \/><\/figure>\n<\/div>\n\n\n\n<div class=\"wp-block-column is-layout-flow wp-block-column-is-layout-flow\">\n<figure class=\"wp-block-image size-large\"><img loading=\"lazy\" decoding=\"async\" width=\"1280\" height=\"854\" src=\"https:\/\/jundiai.sp.gov.br\/noticias\/wp-content\/uploads\/sites\/32\/2025\/03\/servicos_ugisp-2-1280x854.jpeg\" alt=\"\" class=\"wp-image-355154\" srcset=\"https:\/\/jundiai.sp.gov.br\/noticias\/wp-content\/uploads\/sites\/32\/2025\/03\/servicos_ugisp-2-1280x854.jpeg 1280w, https:\/\/jundiai.sp.gov.br\/noticias\/wp-content\/uploads\/sites\/32\/2025\/03\/servicos_ugisp-2-300x200.jpeg 300w, https:\/\/jundiai.sp.gov.br\/noticias\/wp-content\/uploads\/sites\/32\/2025\/03\/servicos_ugisp-2-768x512.jpeg 768w, https:\/\/jundiai.sp.gov.br\/noticias\/wp-content\/uploads\/sites\/32\/2025\/03\/servicos_ugisp-2-1536x1024.jpeg 1536w, https:\/\/jundiai.sp.gov.br\/noticias\/wp-content\/uploads\/sites\/32\/2025\/03\/servicos_ugisp-2-450x300.jpeg 450w, https:\/\/jundiai.sp.gov.br\/noticias\/wp-content\/uploads\/sites\/32\/2025\/03\/servicos_ugisp-2.jpeg 1900w\" sizes=\"auto, (max-width: 1280px) 100vw, 1280px\" \/><\/figure>\n<\/div>\n<\/div>\n\n\n\n<p>Os mutir\u00f5es ocorrer\u00e3o semanalmente e contemplar\u00e3o diferentes regi\u00f5es da cidade, priorizando as demandas mais urgentes. O gestor da UGISP, Marcos Galdino, refor\u00e7a que o lan\u00e7amento contar\u00e1 com uma grande for\u00e7a-tarefa para reduzir os pedidos acumulados desde o ano passado. &#8220;Nosso objetivo \u00e9 acelerar a solu\u00e7\u00e3o dessas demandas, garantindo mais efici\u00eancia e agilidade no atendimento \u00e0 popula\u00e7\u00e3o&#8221;, explica.<\/p>\n\n\n\n<p>O vice-prefeito Ricardo Benassi tamb\u00e9m enfatiza a import\u00e2ncia do programa e a proximidade com os moradores. &#8220;A nossa gest\u00e3o tem um compromisso com a qualidade de vida das pessoas, e a zeladoria faz parte disso. Com o &#8216;Quem Ama, Cuida&#8217;, vamos at\u00e9 os bairros e garantir servi\u00e7os essenciais de forma \u00e1gil e eficiente&#8221;, destaca.<\/p>\n\n\n\n<p>Os bairros contemplados neste final de semana s\u00e3o: Corrupira, Distrito Industrial, Eloy Chaves, Jardim Celeste, Parque Espelho D&#8217;\u00c1gua, Rio Acima, Travi\u00fa, Vianelo, Vila Arens e Vila Progresso.<\/p>\n\n\n\n<div class=\"wp-block-columns is-layout-flex wp-container-core-columns-is-layout-9d6595d7 wp-block-columns-is-layout-flex\">\n<div class=\"wp-block-column is-layout-flow wp-block-column-is-layout-flow\">\n<figure class=\"wp-block-image size-large\"><img loading=\"lazy\" decoding=\"async\" width=\"1280\" height=\"854\" src=\"https:\/\/jundiai.sp.gov.br\/noticias\/wp-content\/uploads\/sites\/32\/2025\/03\/servicos_ugisp-7-1280x854.jpeg\" alt=\"\" class=\"wp-image-355155\" srcset=\"https:\/\/jundiai.sp.gov.br\/noticias\/wp-content\/uploads\/sites\/32\/2025\/03\/servicos_ugisp-7-1280x854.jpeg 1280w, https:\/\/jundiai.sp.gov.br\/noticias\/wp-content\/uploads\/sites\/32\/2025\/03\/servicos_ugisp-7-300x200.jpeg 300w, https:\/\/jundiai.sp.gov.br\/noticias\/wp-content\/uploads\/sites\/32\/2025\/03\/servicos_ugisp-7-768x512.jpeg 768w, https:\/\/jundiai.sp.gov.br\/noticias\/wp-content\/uploads\/sites\/32\/2025\/03\/servicos_ugisp-7-1536x1024.jpeg 1536w, https:\/\/jundiai.sp.gov.br\/noticias\/wp-content\/uploads\/sites\/32\/2025\/03\/servicos_ugisp-7-450x300.jpeg 450w, https:\/\/jundiai.sp.gov.br\/noticias\/wp-content\/uploads\/sites\/32\/2025\/03\/servicos_ugisp-7.jpeg 1900w\" sizes=\"auto, (max-width: 1280px) 100vw, 1280px\" \/><\/figure>\n<\/div>\n\n\n\n<div class=\"wp-block-column is-layout-flow wp-block-column-is-layout-flow\">\n<figure class=\"wp-block-image size-large\"><img loading=\"lazy\" decoding=\"async\" width=\"1280\" height=\"854\" src=\"https:\/\/jundiai.sp.gov.br\/noticias\/wp-content\/uploads\/sites\/32\/2025\/03\/servicos_ugisp-8-1280x854.jpeg\" alt=\"\" class=\"wp-image-355156\" srcset=\"https:\/\/jundiai.sp.gov.br\/noticias\/wp-content\/uploads\/sites\/32\/2025\/03\/servicos_ugisp-8-1280x854.jpeg 1280w, https:\/\/jundiai.sp.gov.br\/noticias\/wp-content\/uploads\/sites\/32\/2025\/03\/servicos_ugisp-8-300x200.jpeg 300w, https:\/\/jundiai.sp.gov.br\/noticias\/wp-content\/uploads\/sites\/32\/2025\/03\/servicos_ugisp-8-768x512.jpeg 768w, https:\/\/jundiai.sp.gov.br\/noticias\/wp-content\/uploads\/sites\/32\/2025\/03\/servicos_ugisp-8-1536x1024.jpeg 1536w, https:\/\/jundiai.sp.gov.br\/noticias\/wp-content\/uploads\/sites\/32\/2025\/03\/servicos_ugisp-8-450x300.jpeg 450w, https:\/\/jundiai.sp.gov.br\/noticias\/wp-content\/uploads\/sites\/32\/2025\/03\/servicos_ugisp-8.jpeg 1900w\" sizes=\"auto, (max-width: 1280px) 100vw, 1280px\" \/><\/figure>\n<\/div>\n<\/div>\n\n\n\n<h3 class=\"wp-block-heading\"><em>Programa\u00e7\u00e3o da pr\u00f3xima semana:<\/em><\/h3>\n\n\n\n<p>Bairro Cidade Nova, Bairro Col\u00f4nia, Jardim Ca\u00e7ula, Jardim Carlos Gomes, Jardim da Fonte, Jardim Dan\u00fabio, Jardim das Carpas, Jardim do L\u00edrio, Jardim It\u00e1lia, Jardim Pacaembu, Jardim Roma, Jardim Sagrado Cora\u00e7\u00e3o de Jesus, Jardim Santa Rita de C\u00e1ssia, Jardim Tamoio, Ponte S\u00e3o Jo\u00e3o, Vila Cidadania, Vila Nambi, Vila Rica, Vila Rui Barbosa, Vila Santana, Vila S\u00e3o Jo\u00e3o Batista.<\/p>\n\n\n\n<p>Por fim, o assessor especial Renan Peres tamb\u00e9m destaca a import\u00e2ncia da iniciativa. &#8220;A UGISP est\u00e1 empenhada em cuidar da zeladoria da cidade, e esse programa refor\u00e7a o compromisso da Prefeitura em manter Jundia\u00ed cada vez mais organizada e bem cuidada&#8221;, finaliza.<\/p>\n\n\n\n<p><strong>Assessoria de Imprensa<\/strong><br><strong>Fotos: Fot\u00f3grafos PMJ<\/strong><\/p>\n\n\n\n<p><\/p>\n","protected":false},"excerpt":{"rendered":"<p>Neste final de semana, a Prefeitura de Jundia\u00ed d\u00e1 in\u00edcio ao programa &#8220;Quem Ama, Cuida&#8221;, um grande mutir\u00e3o de zeladoria que levar\u00e1 servi\u00e7os essenciais aos bairros da cidade. No lan\u00e7amento da iniciativa, mais de 300 profissionais estar\u00e3o atuando para atender a demanda reprimida, garantindo mais qualidade de vida para a popula\u00e7\u00e3o. O prefeito Gustavo Martinelli [&hellip;]<\/p>\n","protected":false},"author":69,"featured_media":355156,"comment_status":"closed","ping_status":"0","sticky":false,"template":"","format":"standard","meta":{"footnotes":""},"categories":[2],"tags":[1014,4185,1472,4904,341,1686],"ods":[],"class_list":["post-355149","post","type-post","status-publish","format-standard","has-post-thumbnail","hentry","category-noticias","tag-100-dias-de-governo","tag-mutirao-de-limpeza","tag-mutirao-de-rocada","tag-quem-ama-cuida","tag-servicos-publicos","tag-unidade-de-gestao-de-infraestrutura-e-servicos-publicos"],"_links":{"self":[{"href":"https:\/\/jundiai.sp.gov.br\/noticias\/wp-json\/wp\/v2\/posts\/355149","targetHints":{"allow":["GET"]}}],"collection":[{"href":"https:\/\/jundiai.sp.gov.br\/noticias\/wp-json\/wp\/v2\/posts"}],"about":[{"href":"https:\/\/jundiai.sp.gov.br\/noticias\/wp-json\/wp\/v2\/types\/post"}],"author":[{"embeddable":true,"href":"https:\/\/jundiai.sp.gov.br\/noticias\/wp-json\/wp\/v2\/users\/69"}],"replies":[{"embeddable":true,"href":"https:\/\/jundiai.sp.gov.br\/noticias\/wp-json\/wp\/v2\/comments?post=355149"}],"version-history":[{"count":1,"href":"https:\/\/jundiai.sp.gov.br\/noticias\/wp-json\/wp\/v2\/posts\/355149\/revisions"}],"predecessor-version":[{"id":355157,"href":"https:\/\/jundiai.sp.gov.br\/noticias\/wp-json\/wp\/v2\/posts\/355149\/revisions\/355157"}],"wp:featuredmedia":[{"embeddable":true,"href":"https:\/\/jundiai.sp.gov.br\/noticias\/wp-json\/wp\/v2\/media\/355156"}],"wp:attachment":[{"href":"https:\/\/jundiai.sp.gov.br\/noticias\/wp-json\/wp\/v2\/media?parent=355149"}],"wp:term":[{"taxonomy":"category","embeddable":true,"href":"https:\/\/jundiai.sp.gov.br\/noticias\/wp-json\/wp\/v2\/categories?post=355149"},{"taxonomy":"post_tag","embeddable":true,"href":"https:\/\/jundiai.sp.gov.br\/noticias\/wp-json\/wp\/v2\/tags?post=355149"},{"taxonomy":"ods","embeddable":true,"href":"https:\/\/jundiai.sp.gov.br\/noticias\/wp-json\/wp\/v2\/ods?post=355149"}],"curies":[{"name":"wp","href":"https:\/\/api.w.org\/{rel}","templated":true}]}}