{"id":355239,"date":"2025-03-25T14:00:00","date_gmt":"2025-03-25T17:00:00","guid":{"rendered":"https:\/\/jundiai.sp.gov.br\/noticias\/?p=355239"},"modified":"2025-03-25T13:25:30","modified_gmt":"2025-03-25T16:25:30","slug":"rua-joao-ferrara-no-jardim-cica-esta-interditada-para-obras-emergenciais","status":"publish","type":"post","link":"https:\/\/jundiai.sp.gov.br\/noticias\/2025\/03\/25\/rua-joao-ferrara-no-jardim-cica-esta-interditada-para-obras-emergenciais\/","title":{"rendered":"Rua Jo\u00e3o Ferrara no Jardim Cica est\u00e1 interditada para obras emergenciais"},"content":{"rendered":"\n<p>A Prefeitura de Jundia\u00ed atrav\u00e9s da Unidade de Gest\u00e3o de Mobilidade e Transporte, informa que a Rua Jo\u00e3o Ferrara, no Jardim Cica, est\u00e1 interditada nos dois sentidos, em frente \u00e0 Coopercica, devido a uma obra emergencial na galeria de \u00e1guas pluviais. O servi\u00e7o est\u00e1 sendo realizado pela Unidade de Gest\u00e3o de Infraestrutura e Servi\u00e7os P\u00fablicos (UGISP) devido a um afundamento na via. Simultaneamente, a DAE est\u00e1 aproveitando a interdi\u00e7\u00e3o para efetuar a manuten\u00e7\u00e3o da rede de esgoto no local.<\/p>\n\n\n\n<p>Os trabalhos tiveram in\u00edcio no dia 24 de mar\u00e7o e a previs\u00e3o \u00e9 que sejam conclu\u00eddos at\u00e9 quarta-feira, 2 de abril.<\/p>\n\n\n\n<h3 class=\"wp-block-heading\"><strong>Desvios no tr\u00e2nsito<\/strong><\/h3>\n\n\n\n<p>Motoristas que trafegam pela Rua Jo\u00e3o Ferrara devem seguir as seguintes rotas alternativas:<\/p>\n\n\n\n<ul class=\"wp-block-list\">\n<li><strong>Sentido Rua It\u00e1lia:<\/strong> O condutor deve acessar a Rua Espanha \u00e0 direita, depois virar \u00e0 esquerda na Rua Inglaterra, em seguida \u00e0 esquerda na Rua Portugal, retornando \u00e0 Rua Jo\u00e3o Ferrara.<\/li>\n\n\n\n<li><strong>Sentido Rua Su\u00ed\u00e7a:<\/strong> O motorista deve acessar a Rua Portugal \u00e0 esquerda, seguir at\u00e9 a segunda \u00e0 direita na Rua B\u00e9lgica, depois a segunda \u00e0 direita na Rua Luxemburgo, retornando \u00e0 Rua Jo\u00e3o Ferrara.<\/li>\n<\/ul>\n\n\n\n<p>A Prefeitura pede a compreens\u00e3o dos motoristas e moradores da regi\u00e3o pelos transtornos tempor\u00e1rios e refor\u00e7a a import\u00e2ncia da obra para garantir a seguran\u00e7a vi\u00e1ria. Motoristas devem redobrar a aten\u00e7\u00e3o e seguir a sinaliza\u00e7\u00e3o indicada para evitar congestionamentos e garantir um tr\u00e2nsito mais seguro.<\/p>\n\n\n\n<p><strong>Assessoria de Imprensa<\/strong><\/p>\n","protected":false},"excerpt":{"rendered":"<p>A Prefeitura de Jundia\u00ed atrav\u00e9s da Unidade de Gest\u00e3o de Mobilidade e Transporte, informa que a Rua Jo\u00e3o Ferrara, no Jardim Cica, est\u00e1 interditada nos dois sentidos, em frente \u00e0 Coopercica, devido a uma obra emergencial na galeria de \u00e1guas pluviais. O servi\u00e7o est\u00e1 sendo realizado pela Unidade de Gest\u00e3o de Infraestrutura e Servi\u00e7os P\u00fablicos [&hellip;]<\/p>\n","protected":false},"author":69,"featured_media":355244,"comment_status":"closed","ping_status":"0","sticky":false,"template":"","format":"standard","meta":{"footnotes":""},"categories":[2],"tags":[66,982,347,341],"ods":[],"class_list":["post-355239","post","type-post","status-publish","format-standard","has-post-thumbnail","hentry","category-noticias","tag-dae","tag-mobilidade-e-transporte","tag-obras","tag-servicos-publicos"],"_links":{"self":[{"href":"https:\/\/jundiai.sp.gov.br\/noticias\/wp-json\/wp\/v2\/posts\/355239","targetHints":{"allow":["GET"]}}],"collection":[{"href":"https:\/\/jundiai.sp.gov.br\/noticias\/wp-json\/wp\/v2\/posts"}],"about":[{"href":"https:\/\/jundiai.sp.gov.br\/noticias\/wp-json\/wp\/v2\/types\/post"}],"author":[{"embeddable":true,"href":"https:\/\/jundiai.sp.gov.br\/noticias\/wp-json\/wp\/v2\/users\/69"}],"replies":[{"embeddable":true,"href":"https:\/\/jundiai.sp.gov.br\/noticias\/wp-json\/wp\/v2\/comments?post=355239"}],"version-history":[{"count":3,"href":"https:\/\/jundiai.sp.gov.br\/noticias\/wp-json\/wp\/v2\/posts\/355239\/revisions"}],"predecessor-version":[{"id":355247,"href":"https:\/\/jundiai.sp.gov.br\/noticias\/wp-json\/wp\/v2\/posts\/355239\/revisions\/355247"}],"wp:featuredmedia":[{"embeddable":true,"href":"https:\/\/jundiai.sp.gov.br\/noticias\/wp-json\/wp\/v2\/media\/355244"}],"wp:attachment":[{"href":"https:\/\/jundiai.sp.gov.br\/noticias\/wp-json\/wp\/v2\/media?parent=355239"}],"wp:term":[{"taxonomy":"category","embeddable":true,"href":"https:\/\/jundiai.sp.gov.br\/noticias\/wp-json\/wp\/v2\/categories?post=355239"},{"taxonomy":"post_tag","embeddable":true,"href":"https:\/\/jundiai.sp.gov.br\/noticias\/wp-json\/wp\/v2\/tags?post=355239"},{"taxonomy":"ods","embeddable":true,"href":"https:\/\/jundiai.sp.gov.br\/noticias\/wp-json\/wp\/v2\/ods?post=355239"}],"curies":[{"name":"wp","href":"https:\/\/api.w.org\/{rel}","templated":true}]}}