{"id":355315,"date":"2025-03-27T11:00:00","date_gmt":"2025-03-27T14:00:00","guid":{"rendered":"https:\/\/jundiai.sp.gov.br\/noticias\/?p=355315"},"modified":"2025-03-26T18:17:04","modified_gmt":"2025-03-26T21:17:04","slug":"prefeitura-de-jundiai-amplia-modernizacao-da-iluminacao-publica-com-tecnologia-led-no-jardim-sao-camilo","status":"publish","type":"post","link":"https:\/\/jundiai.sp.gov.br\/noticias\/2025\/03\/27\/prefeitura-de-jundiai-amplia-modernizacao-da-iluminacao-publica-com-tecnologia-led-no-jardim-sao-camilo\/","title":{"rendered":"Prefeitura de Jundia\u00ed amplia moderniza\u00e7\u00e3o da ilumina\u00e7\u00e3o p\u00fablica com tecnologia LED no Jardim S\u00e3o Camilo"},"content":{"rendered":"\n<p>A Prefeitura de Jundia\u00ed, por meio da Unidade de Gest\u00e3o de Infraestrutura e Servi\u00e7os P\u00fablicos (UGISP), iniciou nesta quarta-feira (26) mais uma etapa da moderniza\u00e7\u00e3o da ilumina\u00e7\u00e3o p\u00fablica. As equipes realizaram a substitui\u00e7\u00e3o de l\u00e2mpadas de vapor por lumin\u00e1rias de LED no bairro S\u00e3o Camilo, contemplando as ruas Pedro Latance, Pedro Ravanhani e Benedito Bas\u00edlio Souza Filho.<\/p>\n\n\n\n<figure class=\"wp-block-image size-large\"><img loading=\"lazy\" decoding=\"async\" width=\"1280\" height=\"854\" src=\"https:\/\/jundiai.sp.gov.br\/noticias\/wp-content\/uploads\/sites\/32\/2025\/03\/troca_lampada_led_sao_camilo-7-26-03-1280x854.jpg\" alt=\"\" class=\"wp-image-355316\" srcset=\"https:\/\/jundiai.sp.gov.br\/noticias\/wp-content\/uploads\/sites\/32\/2025\/03\/troca_lampada_led_sao_camilo-7-26-03-1280x854.jpg 1280w, https:\/\/jundiai.sp.gov.br\/noticias\/wp-content\/uploads\/sites\/32\/2025\/03\/troca_lampada_led_sao_camilo-7-26-03-300x200.jpg 300w, https:\/\/jundiai.sp.gov.br\/noticias\/wp-content\/uploads\/sites\/32\/2025\/03\/troca_lampada_led_sao_camilo-7-26-03-768x512.jpg 768w, https:\/\/jundiai.sp.gov.br\/noticias\/wp-content\/uploads\/sites\/32\/2025\/03\/troca_lampada_led_sao_camilo-7-26-03-1536x1024.jpg 1536w, https:\/\/jundiai.sp.gov.br\/noticias\/wp-content\/uploads\/sites\/32\/2025\/03\/troca_lampada_led_sao_camilo-7-26-03-450x300.jpg 450w, https:\/\/jundiai.sp.gov.br\/noticias\/wp-content\/uploads\/sites\/32\/2025\/03\/troca_lampada_led_sao_camilo-7-26-03.jpg 1900w\" sizes=\"auto, (max-width: 1280px) 100vw, 1280px\" \/><figcaption class=\"wp-element-caption\">Ruas do Jardim S\u00e3o Camilo come\u00e7am a receber ilumina\u00e7\u00e3o por l\u00e2mpadas de LED<\/figcaption><\/figure>\n\n\n\n<p>De acordo com o gestor da UGISP, Marcos Galdino, a mudan\u00e7a traz benef\u00edcios significativos para a popula\u00e7\u00e3o. \u201cA substitui\u00e7\u00e3o das l\u00e2mpadas convencionais por LED representa mais seguran\u00e7a para os moradores, al\u00e9m de gerar economia no consumo de energia e menor necessidade de manuten\u00e7\u00e3o\u201d, destacou.<\/p>\n\n\n\n<p>As a\u00e7\u00f5es fazem parte do programa \u2018Quem Ama, Cuida\u2019, que desde o in\u00edcio desta semana j\u00e1 realizou a troca de 116 l\u00e2mpadas de s\u00f3dio por LED em diferentes pontos da cidade.<\/p>\n\n\n\n<p>Os locais contemplados foram a Rua Maria Negrini Negro, Avenida Bento do Amaral Gurgel, Rua \u00c2ngela Corradini, Avenida Sidney Mazzoni e Rua Jo\u00e3o Victor Atisani, no bairro Vila Nambi.<\/p>\n\n\n\n<figure class=\"wp-block-image size-large\"><img loading=\"lazy\" decoding=\"async\" width=\"1280\" height=\"854\" src=\"https:\/\/jundiai.sp.gov.br\/noticias\/wp-content\/uploads\/sites\/32\/2025\/03\/troca_lampada_led_sao_camilo-4-26-03-1280x854.jpg\" alt=\"\" class=\"wp-image-355317\" srcset=\"https:\/\/jundiai.sp.gov.br\/noticias\/wp-content\/uploads\/sites\/32\/2025\/03\/troca_lampada_led_sao_camilo-4-26-03-1280x854.jpg 1280w, https:\/\/jundiai.sp.gov.br\/noticias\/wp-content\/uploads\/sites\/32\/2025\/03\/troca_lampada_led_sao_camilo-4-26-03-300x200.jpg 300w, https:\/\/jundiai.sp.gov.br\/noticias\/wp-content\/uploads\/sites\/32\/2025\/03\/troca_lampada_led_sao_camilo-4-26-03-768x512.jpg 768w, https:\/\/jundiai.sp.gov.br\/noticias\/wp-content\/uploads\/sites\/32\/2025\/03\/troca_lampada_led_sao_camilo-4-26-03-1536x1024.jpg 1536w, https:\/\/jundiai.sp.gov.br\/noticias\/wp-content\/uploads\/sites\/32\/2025\/03\/troca_lampada_led_sao_camilo-4-26-03-450x300.jpg 450w, https:\/\/jundiai.sp.gov.br\/noticias\/wp-content\/uploads\/sites\/32\/2025\/03\/troca_lampada_led_sao_camilo-4-26-03.jpg 1900w\" sizes=\"auto, (max-width: 1280px) 100vw, 1280px\" \/><figcaption class=\"wp-element-caption\">\u201cA substitui\u00e7\u00e3o das l\u00e2mpadas convencionais por LED representa mais seguran\u00e7a para os moradores&#8221;, Marcos Galdino, gestor da UGISP<\/figcaption><\/figure>\n\n\n\n<p>O Departamento de Ilumina\u00e7\u00e3o P\u00fablica da UGISP tamb\u00e9m realizou a implanta\u00e7\u00e3o de postes e lumin\u00e1rias na Pra\u00e7a Jardim Fepasa e no Jardim Guanabara.<\/p>\n\n\n\n<p>As a\u00e7\u00f5es de zeladoria refor\u00e7am o compromisso da administra\u00e7\u00e3o municipal com a sustentabilidade, seguran\u00e7a e qualidade de vida dos jundiaienses.<\/p>\n\n\n\n<p><strong>Assessoria de Imprensa<\/strong><br><strong>Fotos: Divulga\u00e7\u00e3o<\/strong><\/p>\n\n\n\n<p><\/p>\n","protected":false},"excerpt":{"rendered":"<p>A Prefeitura de Jundia\u00ed, por meio da Unidade de Gest\u00e3o de Infraestrutura e Servi\u00e7os P\u00fablicos (UGISP), iniciou nesta quarta-feira (26) mais uma etapa da moderniza\u00e7\u00e3o da ilumina\u00e7\u00e3o p\u00fablica. As equipes realizaram a substitui\u00e7\u00e3o de l\u00e2mpadas de vapor por lumin\u00e1rias de LED no bairro S\u00e3o Camilo, contemplando as ruas Pedro Latance, Pedro Ravanhani e Benedito Bas\u00edlio [&hellip;]<\/p>\n","protected":false},"author":123,"featured_media":355317,"comment_status":"closed","ping_status":"0","sticky":false,"template":"","format":"standard","meta":{"footnotes":""},"categories":[4620,2],"tags":[4747,1206],"ods":[],"class_list":["post-355315","post","type-post","status-publish","format-standard","has-post-thumbnail","hentry","category-destaques","category-noticias","tag-jardim-sao-camilo","tag-ugisp"],"_links":{"self":[{"href":"https:\/\/jundiai.sp.gov.br\/noticias\/wp-json\/wp\/v2\/posts\/355315","targetHints":{"allow":["GET"]}}],"collection":[{"href":"https:\/\/jundiai.sp.gov.br\/noticias\/wp-json\/wp\/v2\/posts"}],"about":[{"href":"https:\/\/jundiai.sp.gov.br\/noticias\/wp-json\/wp\/v2\/types\/post"}],"author":[{"embeddable":true,"href":"https:\/\/jundiai.sp.gov.br\/noticias\/wp-json\/wp\/v2\/users\/123"}],"replies":[{"embeddable":true,"href":"https:\/\/jundiai.sp.gov.br\/noticias\/wp-json\/wp\/v2\/comments?post=355315"}],"version-history":[{"count":3,"href":"https:\/\/jundiai.sp.gov.br\/noticias\/wp-json\/wp\/v2\/posts\/355315\/revisions"}],"predecessor-version":[{"id":355342,"href":"https:\/\/jundiai.sp.gov.br\/noticias\/wp-json\/wp\/v2\/posts\/355315\/revisions\/355342"}],"wp:featuredmedia":[{"embeddable":true,"href":"https:\/\/jundiai.sp.gov.br\/noticias\/wp-json\/wp\/v2\/media\/355317"}],"wp:attachment":[{"href":"https:\/\/jundiai.sp.gov.br\/noticias\/wp-json\/wp\/v2\/media?parent=355315"}],"wp:term":[{"taxonomy":"category","embeddable":true,"href":"https:\/\/jundiai.sp.gov.br\/noticias\/wp-json\/wp\/v2\/categories?post=355315"},{"taxonomy":"post_tag","embeddable":true,"href":"https:\/\/jundiai.sp.gov.br\/noticias\/wp-json\/wp\/v2\/tags?post=355315"},{"taxonomy":"ods","embeddable":true,"href":"https:\/\/jundiai.sp.gov.br\/noticias\/wp-json\/wp\/v2\/ods?post=355315"}],"curies":[{"name":"wp","href":"https:\/\/api.w.org\/{rel}","templated":true}]}}