{"id":355356,"date":"2025-03-27T15:32:14","date_gmt":"2025-03-27T18:32:14","guid":{"rendered":"https:\/\/jundiai.sp.gov.br\/noticias\/?p=355356"},"modified":"2025-03-27T15:32:14","modified_gmt":"2025-03-27T18:32:14","slug":"lei-de-diretrizes-orcamentarias-para-2026-e-apresentada-em-audiencia-publica","status":"publish","type":"post","link":"https:\/\/jundiai.sp.gov.br\/noticias\/2025\/03\/27\/lei-de-diretrizes-orcamentarias-para-2026-e-apresentada-em-audiencia-publica\/","title":{"rendered":"Lei de Diretrizes Or\u00e7ament\u00e1rias para 2026 \u00e9 apresentada em audi\u00eancia p\u00fablica"},"content":{"rendered":"\n<p>A Prefeitura de Jundia\u00ed, por meio da Unidade de Gest\u00e3o de Governo e Finan\u00e7as (UGGF), promoveu, na noite desta quarta-feira (26), a primeira audi\u00eancia p\u00fablica para detalhar a Lei de Diretrizes Or\u00e7ament\u00e1rias (LDO) referente ao ano de 2026. A audi\u00eancia foi conduzida pelo vice-prefeito e gestor de Finan\u00e7as, Ricardo Benassi, e pelo \u00a0gestor adjunto de Finan\u00e7as, Jos\u00e9 Roberto Rizzotti.. A apresenta\u00e7\u00e3o, aberta ao p\u00fablico, foi realizada nos est\u00fadios da TVTEC, no Complexo Argos, e tamb\u00e9m transmitida pela p\u00e1gina da Prefeitura de Jundia\u00ed e TVTEC no Youtube e no Facebook da TVTEC, al\u00e9m do canal 24 da Net.<\/p>\n\n\n\n<p>A Lei de Diretrizes Or\u00e7ament\u00e1rias \u2013 LDO \u00e9 uma lei anual que estabelece as diretrizes para elabora\u00e7\u00e3o do or\u00e7amento para o pr\u00f3ximo ano. Ela \u00e9 a conex\u00e3o entre o Plano Plurianual (PPA), que define as metas e prioridades do governo, e Lei Or\u00e7ament\u00e1ria (LOA), que detalha a aloca\u00e7\u00e3o dos recursos financeiros.<\/p>\n\n\n\n<figure class=\"wp-block-image size-large\"><img loading=\"lazy\" decoding=\"async\" width=\"1280\" height=\"960\" src=\"https:\/\/jundiai.sp.gov.br\/noticias\/wp-content\/uploads\/sites\/32\/2025\/03\/whatsapp-image-2025-03-27-at-11-03-33-1-1280x960.jpeg\" alt=\"\" class=\"wp-image-355358\" srcset=\"https:\/\/jundiai.sp.gov.br\/noticias\/wp-content\/uploads\/sites\/32\/2025\/03\/whatsapp-image-2025-03-27-at-11-03-33-1-1280x960.jpeg 1280w, https:\/\/jundiai.sp.gov.br\/noticias\/wp-content\/uploads\/sites\/32\/2025\/03\/whatsapp-image-2025-03-27-at-11-03-33-1-300x225.jpeg 300w, https:\/\/jundiai.sp.gov.br\/noticias\/wp-content\/uploads\/sites\/32\/2025\/03\/whatsapp-image-2025-03-27-at-11-03-33-1-768x576.jpeg 768w, https:\/\/jundiai.sp.gov.br\/noticias\/wp-content\/uploads\/sites\/32\/2025\/03\/whatsapp-image-2025-03-27-at-11-03-33-1-1536x1152.jpeg 1536w, https:\/\/jundiai.sp.gov.br\/noticias\/wp-content\/uploads\/sites\/32\/2025\/03\/whatsapp-image-2025-03-27-at-11-03-33-1.jpeg 1600w\" sizes=\"auto, (max-width: 1280px) 100vw, 1280px\" \/><\/figure>\n\n\n\n<p>Exclusivamente neste primeiro ano de mandato o anexo de Meta e Prioridades ser\u00e1 confeccionado junto com o PPA, que ser\u00e1 entregue ao Legislativo at\u00e9 31\/08, assim na audi\u00eancia foram abordas as Metas Fiscais, que definem as proje\u00e7\u00f5es de receitas e despesas e dos principais indicadores fiscais.<\/p>\n\n\n\n<p>Para 2026, foi estimada uma receita total de R$ 4,69 bilh\u00f5es, sendo R$ 3,87 bilh\u00f5es oriundos da Administra\u00e7\u00e3o Direta (Prefeitura) e indireta (Autarquias e Funda\u00e7\u00f5es) e R$ 812,00 milh\u00f5es do Regime Pr\u00f3prio de Previd\u00eancia \u2013 RPPS, o qual gerencia o sistema de previd\u00eancia dos servidores p\u00fablicos municipais.<\/p>\n\n\n\n<p>Segundo o gestor adjunto de Finan\u00e7as, o Imposto sobre Circula\u00e7\u00e3o de Mercadorias e Servi\u00e7os (ICMS) segue sendo a principal fonte de receita da cidade. &#8220;O tributo representa cerca de 25,00% do total da receita previsto para 2026, ele \u00e9 seguido pelo ISS (Imposto Sobre Servi\u00e7os), que compreende 16,53% da arrecada\u00e7\u00e3o do Munic\u00edpio&#8221;.<\/p>\n\n\n\n<p>Nos indicadores fiscais foi projetado que as despesas com pessoal e encargos ficar\u00e3o em 42,72% em rela\u00e7\u00e3o \u00e0 Receita Corrente L\u00edquida &#8211; RCL, j\u00e1 a D\u00edvida Consolidada representar\u00e1 20,68% da RCL, valores dentro dos limites constitucionais.<\/p>\n\n\n\n<p>O vice-prefeito e gestor de Finan\u00e7as enfatizou o compromisso da administra\u00e7\u00e3o municipal com a transpar\u00eancia e a participa\u00e7\u00e3o cidad\u00e3 no planejamento or\u00e7ament\u00e1rio. &#8220;O equil\u00edbrio fiscal \u00e9 de extrema import\u00e2ncia para a continuidade dos investimentos em \u00e1reas essenciais, a responsabilidade da gest\u00e3o nos recursos p\u00fablicos \u00e9 fundamental para garantirmos servi\u00e7os de qualidade \u00e0 popula\u00e7\u00e3o&#8221;<\/p>\n\n\n\n<p>Al\u00e9m da apresenta\u00e7\u00e3o das Metas Fiscais, foram respondidos os questionamentos recebidos pela internet e dos participantes que estavam presentes na TVTEC.<\/p>\n\n\n\n<p>O Projeto de Lei final da LDO ser\u00e1 enviado \u00e0 C\u00e2mara Municipal no dia 15 de abril, para an\u00e1lise e nova discuss\u00e3o. Para acompanhar a audi\u00eancia p\u00fablica na \u00edntegra basta acessar o <a href=\"https:\/\/www.youtube.com\/live\/gnLoxFJMHrE?si=WjeS_e32Xt2Iw3o8\">link.<\/a> &nbsp;<br><\/p>\n\n\n\n<p><strong>Assessoria de Imprensa<\/strong><br><strong>Fotos: Fot\u00f3grafos PMJ<\/strong><\/p>\n","protected":false},"excerpt":{"rendered":"<p>A Prefeitura de Jundia\u00ed, por meio da Unidade de Gest\u00e3o de Governo e Finan\u00e7as (UGGF), promoveu, na noite desta quarta-feira (26), a primeira audi\u00eancia p\u00fablica para detalhar a Lei de Diretrizes Or\u00e7ament\u00e1rias (LDO) referente ao ano de 2026. A audi\u00eancia foi conduzida pelo vice-prefeito e gestor de Finan\u00e7as, Ricardo Benassi, e pelo \u00a0gestor adjunto de [&hellip;]<\/p>\n","protected":false},"author":69,"featured_media":355357,"comment_status":"closed","ping_status":"0","sticky":false,"template":"","format":"standard","meta":{"footnotes":""},"categories":[2],"tags":[1716,3438,4909,1035,1384,4785],"ods":[],"class_list":["post-355356","post","type-post","status-publish","format-standard","has-post-thumbnail","hentry","category-noticias","tag-audiencia-publica","tag-governo-e-financar","tag-ldo-2026","tag-tvtec","tag-unidade-de-gestao-de-governo-e-financas","tag-vice-ricardo-benassi"],"_links":{"self":[{"href":"https:\/\/jundiai.sp.gov.br\/noticias\/wp-json\/wp\/v2\/posts\/355356","targetHints":{"allow":["GET"]}}],"collection":[{"href":"https:\/\/jundiai.sp.gov.br\/noticias\/wp-json\/wp\/v2\/posts"}],"about":[{"href":"https:\/\/jundiai.sp.gov.br\/noticias\/wp-json\/wp\/v2\/types\/post"}],"author":[{"embeddable":true,"href":"https:\/\/jundiai.sp.gov.br\/noticias\/wp-json\/wp\/v2\/users\/69"}],"replies":[{"embeddable":true,"href":"https:\/\/jundiai.sp.gov.br\/noticias\/wp-json\/wp\/v2\/comments?post=355356"}],"version-history":[{"count":3,"href":"https:\/\/jundiai.sp.gov.br\/noticias\/wp-json\/wp\/v2\/posts\/355356\/revisions"}],"predecessor-version":[{"id":355390,"href":"https:\/\/jundiai.sp.gov.br\/noticias\/wp-json\/wp\/v2\/posts\/355356\/revisions\/355390"}],"wp:featuredmedia":[{"embeddable":true,"href":"https:\/\/jundiai.sp.gov.br\/noticias\/wp-json\/wp\/v2\/media\/355357"}],"wp:attachment":[{"href":"https:\/\/jundiai.sp.gov.br\/noticias\/wp-json\/wp\/v2\/media?parent=355356"}],"wp:term":[{"taxonomy":"category","embeddable":true,"href":"https:\/\/jundiai.sp.gov.br\/noticias\/wp-json\/wp\/v2\/categories?post=355356"},{"taxonomy":"post_tag","embeddable":true,"href":"https:\/\/jundiai.sp.gov.br\/noticias\/wp-json\/wp\/v2\/tags?post=355356"},{"taxonomy":"ods","embeddable":true,"href":"https:\/\/jundiai.sp.gov.br\/noticias\/wp-json\/wp\/v2\/ods?post=355356"}],"curies":[{"name":"wp","href":"https:\/\/api.w.org\/{rel}","templated":true}]}}