{"id":355655,"date":"2025-04-03T12:00:00","date_gmt":"2025-04-03T15:00:00","guid":{"rendered":"https:\/\/jundiai.sp.gov.br\/noticias\/?p=355655"},"modified":"2025-04-02T17:04:34","modified_gmt":"2025-04-02T20:04:34","slug":"prefeitura-de-jundiai-divulga-classificacao-dos-inscritos-e-primeira-chamada-para-testes-de-natacao","status":"publish","type":"post","link":"https:\/\/jundiai.sp.gov.br\/noticias\/2025\/04\/03\/prefeitura-de-jundiai-divulga-classificacao-dos-inscritos-e-primeira-chamada-para-testes-de-natacao\/","title":{"rendered":"Prefeitura de Jundia\u00ed divulga classifica\u00e7\u00e3o dos inscritos e primeira chamada para testes de nata\u00e7\u00e3o"},"content":{"rendered":"\n<p>A Prefeitura de Jundia\u00ed, por meio da Unidade de Gest\u00e3o de Esporte e Lazer (UGEL), informa que j\u00e1 est\u00e1 dispon\u00edvel a classifica\u00e7\u00e3o das crian\u00e7as inscritas no processo de avalia\u00e7\u00e3o para ingresso nas aulas de nata\u00e7\u00e3o. Al\u00e9m disso, foi divulgada a primeira chamada para os testes de profici\u00eancia em nado, que ser\u00e3o realizados no pr\u00f3ximo s\u00e1bado, dia 5.<\/p>\n\n\n\n<figure class=\"wp-block-image size-large\"><img loading=\"lazy\" decoding=\"async\" width=\"1280\" height=\"854\" src=\"https:\/\/jundiai.sp.gov.br\/noticias\/wp-content\/uploads\/sites\/32\/2025\/04\/natacao-02-04-1280x854.jpg\" alt=\"\" class=\"wp-image-355656\" srcset=\"https:\/\/jundiai.sp.gov.br\/noticias\/wp-content\/uploads\/sites\/32\/2025\/04\/natacao-02-04-1280x854.jpg 1280w, https:\/\/jundiai.sp.gov.br\/noticias\/wp-content\/uploads\/sites\/32\/2025\/04\/natacao-02-04-300x200.jpg 300w, https:\/\/jundiai.sp.gov.br\/noticias\/wp-content\/uploads\/sites\/32\/2025\/04\/natacao-02-04-768x512.jpg 768w, https:\/\/jundiai.sp.gov.br\/noticias\/wp-content\/uploads\/sites\/32\/2025\/04\/natacao-02-04-1536x1024.jpg 1536w, https:\/\/jundiai.sp.gov.br\/noticias\/wp-content\/uploads\/sites\/32\/2025\/04\/natacao-02-04-450x300.jpg 450w, https:\/\/jundiai.sp.gov.br\/noticias\/wp-content\/uploads\/sites\/32\/2025\/04\/natacao-02-04.jpg 1900w\" sizes=\"auto, (max-width: 1280px) 100vw, 1280px\" \/><figcaption class=\"wp-element-caption\">Prefeitura divulga classifica\u00e7\u00e3o dos inscritos e primeira chamada para testes de nata\u00e7\u00e3o<\/figcaption><\/figure>\n\n\n\n<p>Os testes de profici\u00eancia t\u00eam como objetivo avaliar o n\u00edvel de habilidade dos participantes. Os candidatos convocados dever\u00e3o comparecer no hor\u00e1rio e local indicados, utilizando traje adequado para a pr\u00e1tica da modalidade.<\/p>\n\n\n\n<p><strong>Data e hor\u00e1rios dos testes<\/strong><br>Os testes est\u00e3o marcados para s\u00e1bado, dia (5), \u00e0s 7h30 e \u00e0s 10h00, no Complexo Aqu\u00e1tico &#8220;Devanir Wanderlei Penteado Jr.&#8221; &#8211; Av. Amadeu Ribeiro &#8211; s\/n\u00b0 &#8211; Anhangaba\u00fa,&nbsp;<\/p>\n\n\n\n<p>Para acessar a lista de classificados e obter mais informa\u00e7\u00f5es sobre os testes, basta acessar o link clicando <a href=\"https:\/\/esporte.jundiai.sp.gov.br\/inscricoes-natacao\/\">aqui.<\/a><\/p>\n\n\n\n<p>A Prefeitura de Jundia\u00ed, por meio da UGEL, refor\u00e7a seu compromisso em promover atividades esportivas e incentivar a pr\u00e1tica da nata\u00e7\u00e3o para a popula\u00e7\u00e3o.<\/p>\n\n\n\n<p><strong>Assessoria de Imprensa<\/strong><br><strong>Fotos: Divulga\u00e7\u00e3o<\/strong><\/p>\n\n\n\n<p><\/p>\n","protected":false},"excerpt":{"rendered":"<p>A Prefeitura de Jundia\u00ed, por meio da Unidade de Gest\u00e3o de Esporte e Lazer (UGEL), informa que j\u00e1 est\u00e1 dispon\u00edvel a classifica\u00e7\u00e3o das crian\u00e7as inscritas no processo de avalia\u00e7\u00e3o para ingresso nas aulas de nata\u00e7\u00e3o. Al\u00e9m disso, foi divulgada a primeira chamada para os testes de profici\u00eancia em nado, que ser\u00e3o realizados no pr\u00f3ximo s\u00e1bado, [&hellip;]<\/p>\n","protected":false},"author":123,"featured_media":355656,"comment_status":"closed","ping_status":"0","sticky":false,"template":"","format":"standard","meta":{"footnotes":""},"categories":[4620,2],"tags":[92,1197],"ods":[],"class_list":["post-355655","post","type-post","status-publish","format-standard","has-post-thumbnail","hentry","category-destaques","category-noticias","tag-natacao","tag-ugel"],"_links":{"self":[{"href":"https:\/\/jundiai.sp.gov.br\/noticias\/wp-json\/wp\/v2\/posts\/355655","targetHints":{"allow":["GET"]}}],"collection":[{"href":"https:\/\/jundiai.sp.gov.br\/noticias\/wp-json\/wp\/v2\/posts"}],"about":[{"href":"https:\/\/jundiai.sp.gov.br\/noticias\/wp-json\/wp\/v2\/types\/post"}],"author":[{"embeddable":true,"href":"https:\/\/jundiai.sp.gov.br\/noticias\/wp-json\/wp\/v2\/users\/123"}],"replies":[{"embeddable":true,"href":"https:\/\/jundiai.sp.gov.br\/noticias\/wp-json\/wp\/v2\/comments?post=355655"}],"version-history":[{"count":3,"href":"https:\/\/jundiai.sp.gov.br\/noticias\/wp-json\/wp\/v2\/posts\/355655\/revisions"}],"predecessor-version":[{"id":355668,"href":"https:\/\/jundiai.sp.gov.br\/noticias\/wp-json\/wp\/v2\/posts\/355655\/revisions\/355668"}],"wp:featuredmedia":[{"embeddable":true,"href":"https:\/\/jundiai.sp.gov.br\/noticias\/wp-json\/wp\/v2\/media\/355656"}],"wp:attachment":[{"href":"https:\/\/jundiai.sp.gov.br\/noticias\/wp-json\/wp\/v2\/media?parent=355655"}],"wp:term":[{"taxonomy":"category","embeddable":true,"href":"https:\/\/jundiai.sp.gov.br\/noticias\/wp-json\/wp\/v2\/categories?post=355655"},{"taxonomy":"post_tag","embeddable":true,"href":"https:\/\/jundiai.sp.gov.br\/noticias\/wp-json\/wp\/v2\/tags?post=355655"},{"taxonomy":"ods","embeddable":true,"href":"https:\/\/jundiai.sp.gov.br\/noticias\/wp-json\/wp\/v2\/ods?post=355655"}],"curies":[{"name":"wp","href":"https:\/\/api.w.org\/{rel}","templated":true}]}}