{"id":356421,"date":"2025-04-18T11:15:00","date_gmt":"2025-04-18T14:15:00","guid":{"rendered":"https:\/\/jundiai.sp.gov.br\/noticias\/?p=356421"},"modified":"2025-04-15T18:44:38","modified_gmt":"2025-04-15T21:44:38","slug":"linha-especial-de-onibus-reforca-transporte-para-jogo-do-paulista-no-sabado","status":"publish","type":"post","link":"https:\/\/jundiai.sp.gov.br\/noticias\/2025\/04\/18\/linha-especial-de-onibus-reforca-transporte-para-jogo-do-paulista-no-sabado\/","title":{"rendered":"Linha especial de \u00f4nibus refor\u00e7a transporte para jogo do Paulista no s\u00e1bado"},"content":{"rendered":"\n<p>A Prefeitura de Jundia\u00ed, por meio da Unidade de Gest\u00e3o de Mobilidade e Transporte (UGMT), informa que ser\u00e1 disponibilizada uma linha especial de \u00f4nibus para atender os torcedores que ir\u00e3o ao jogo do Paulista Futebol Clube neste s\u00e1bado (19), no est\u00e1dio Jayme Cintra.<\/p>\n\n\n\n<p>A linha 304 \u2013 Terminal Central \u2013 Av. dos Imigrantes (est\u00e1dio Jayme Cintra), via Terminal Vila Arens, far\u00e1 viagens especiais como refor\u00e7o no atendimento do transporte coletivo municipal.<\/p>\n\n\n\n<p>A princ\u00edpio, os hor\u00e1rios de sa\u00edda est\u00e3o previstos para as faixas de 17h e 18h, com destino ao est\u00e1dio. Ao final da partida, haver\u00e1 retorno com ponto de embarque na Avenida dos Imigrantes, nas proximidades do est\u00e1dio.<\/p>\n\n\n\n<p>Al\u00e9m da linha especial, o atendimento ao est\u00e1dio tamb\u00e9m \u00e9 realizado regularmente por outras linhas que passam nas imedia\u00e7\u00f5es:<\/p>\n\n\n\n<ul class=\"wp-block-list\">\n<li>Linha 951 \u2013 Terminal Col\u00f4nia \u2013 Terminal Vila Arens<\/li>\n\n\n\n<li>Linha 957 \u2013 Terminal Col\u00f4nia \u2013 Terminal Hortol\u00e2ndia, com itiner\u00e1rio pela Rua Antenor Soares Gandra, a cerca de 600 metros do est\u00e1dio<\/li>\n\n\n\n<li>Linha 953 \u2013 Terminal Col\u00f4nia \u2013 Terminal Central\n<ul class=\"wp-block-list\">\n<li>Legenda A: via Avenida dos Imigrantes (a 300 metros do est\u00e1dio)<\/li>\n\n\n\n<li>Legenda B: via Jardim Pacaembu, com itiner\u00e1rio em frente ao est\u00e1dio<\/li>\n<\/ul>\n<\/li>\n<\/ul>\n\n\n\n<p>A UGMT orienta os torcedores a se programarem com anteced\u00eancia e utilizarem o transporte coletivo para garantir mais comodidade e seguran\u00e7a no deslocamento at\u00e9 o local da partida.<\/p>\n\n\n\n<p><strong>Assessoria de Imprensa<br>Foto: Fot\u00f3grafos PMJ<\/strong><\/p>\n","protected":false},"excerpt":{"rendered":"<p>A Prefeitura de Jundia\u00ed, por meio da Unidade de Gest\u00e3o de Mobilidade e Transporte (UGMT), informa que ser\u00e1 disponibilizada uma linha especial de \u00f4nibus para atender os torcedores que ir\u00e3o ao jogo do Paulista Futebol Clube neste s\u00e1bado (19), no est\u00e1dio Jayme Cintra. A linha 304 \u2013 Terminal Central \u2013 Av. dos Imigrantes (est\u00e1dio Jayme [&hellip;]<\/p>\n","protected":false},"author":69,"featured_media":324636,"comment_status":"closed","ping_status":"0","sticky":false,"template":"","format":"standard","meta":{"footnotes":""},"categories":[2],"tags":[4957,2408,982,2673,1676],"ods":[],"class_list":["post-356421","post","type-post","status-publish","format-standard","has-post-thumbnail","hentry","category-noticias","tag-jogo-do-paulista","tag-linha-de-onibus","tag-mobilidade-e-transporte","tag-transporte-coletivo","tag-unidade-de-gestao-de-mobilidade-e-transporte"],"_links":{"self":[{"href":"https:\/\/jundiai.sp.gov.br\/noticias\/wp-json\/wp\/v2\/posts\/356421","targetHints":{"allow":["GET"]}}],"collection":[{"href":"https:\/\/jundiai.sp.gov.br\/noticias\/wp-json\/wp\/v2\/posts"}],"about":[{"href":"https:\/\/jundiai.sp.gov.br\/noticias\/wp-json\/wp\/v2\/types\/post"}],"author":[{"embeddable":true,"href":"https:\/\/jundiai.sp.gov.br\/noticias\/wp-json\/wp\/v2\/users\/69"}],"replies":[{"embeddable":true,"href":"https:\/\/jundiai.sp.gov.br\/noticias\/wp-json\/wp\/v2\/comments?post=356421"}],"version-history":[{"count":1,"href":"https:\/\/jundiai.sp.gov.br\/noticias\/wp-json\/wp\/v2\/posts\/356421\/revisions"}],"predecessor-version":[{"id":356422,"href":"https:\/\/jundiai.sp.gov.br\/noticias\/wp-json\/wp\/v2\/posts\/356421\/revisions\/356422"}],"wp:featuredmedia":[{"embeddable":true,"href":"https:\/\/jundiai.sp.gov.br\/noticias\/wp-json\/wp\/v2\/media\/324636"}],"wp:attachment":[{"href":"https:\/\/jundiai.sp.gov.br\/noticias\/wp-json\/wp\/v2\/media?parent=356421"}],"wp:term":[{"taxonomy":"category","embeddable":true,"href":"https:\/\/jundiai.sp.gov.br\/noticias\/wp-json\/wp\/v2\/categories?post=356421"},{"taxonomy":"post_tag","embeddable":true,"href":"https:\/\/jundiai.sp.gov.br\/noticias\/wp-json\/wp\/v2\/tags?post=356421"},{"taxonomy":"ods","embeddable":true,"href":"https:\/\/jundiai.sp.gov.br\/noticias\/wp-json\/wp\/v2\/ods?post=356421"}],"curies":[{"name":"wp","href":"https:\/\/api.w.org\/{rel}","templated":true}]}}