{"id":356544,"date":"2025-04-22T08:00:00","date_gmt":"2025-04-22T11:00:00","guid":{"rendered":"https:\/\/jundiai.sp.gov.br\/noticias\/?p=356544"},"modified":"2025-04-23T13:56:25","modified_gmt":"2025-04-23T16:56:25","slug":"cia-jovem-faz-abertura-dos-espetaculos-gratuitos-da-sao-paulo-companhia-de-danca-no-polytheama-na-sexta-25","status":"publish","type":"post","link":"https:\/\/jundiai.sp.gov.br\/noticias\/2025\/04\/22\/cia-jovem-faz-abertura-dos-espetaculos-gratuitos-da-sao-paulo-companhia-de-danca-no-polytheama-na-sexta-25\/","title":{"rendered":"Cia. Jovem faz abertura dos espet\u00e1culos gratuitos da S\u00e3o Paulo Companhia de Dan\u00e7a no Polytheama na sexta (25)"},"content":{"rendered":"\n<p>O Teatro Polytheama recebe na pr\u00f3xima sexta-feira (25) dois espet\u00e1culos gratuitos com a S\u00e3o Paulo Companhia de Dan\u00e7a (SPCD), um \u00e0s 15h e outro \u00e0s 20h. A abertura de ambas as apresenta\u00e7\u00f5es ficar\u00e1 por conta da Cia. Jovem de Dan\u00e7a, corpo art\u00edstico municipal ligado \u00e0 Unidade de Gest\u00e3o de Cultura da Prefeitura de Jundia\u00ed.<\/p>\n\n\n\n<p>A coreografia preparada pelo grupo jundiaiense \u00e9 a \u201cP.A.Q.U.I.T.A. \u2013 Passos Aleat\u00f3rios Que Um Impulso Te Apresenta\u201d, obra de composi\u00e7\u00e3o coletiva durante a pandemia e que se inspira nas m\u00fasicas do bal\u00e9 cl\u00e1ssico Paquita. O experimento art\u00edstico explora o impulso, a espontaneidade e a reinven\u00e7\u00e3o do cl\u00e1ssico sob um olhar contempor\u00e2neo e j\u00e1 rendeu \u00e0 Cia. uma de suas nomea\u00e7\u00f5es pelo Pr\u00eamio da Associa\u00e7\u00e3o Paulista de Cr\u00edticos de Artes (APCA), na categoria \u201cCria\u00e7\u00e3o\u201d. O grupo jundiaiense tem dire\u00e7\u00e3o art\u00edstica de Alex Soares.<\/p>\n\n\n\n<figure class=\"wp-block-image size-full\"><img loading=\"lazy\" decoding=\"async\" width=\"1200\" height=\"800\" src=\"https:\/\/jundiai.sp.gov.br\/noticias\/wp-content\/uploads\/sites\/32\/2025\/04\/cia_jovem_de_danca-11-1200x800-1.jpg\" alt=\"\" class=\"wp-image-356549\" srcset=\"https:\/\/jundiai.sp.gov.br\/noticias\/wp-content\/uploads\/sites\/32\/2025\/04\/cia_jovem_de_danca-11-1200x800-1.jpg 1200w, https:\/\/jundiai.sp.gov.br\/noticias\/wp-content\/uploads\/sites\/32\/2025\/04\/cia_jovem_de_danca-11-1200x800-1-300x200.jpg 300w, https:\/\/jundiai.sp.gov.br\/noticias\/wp-content\/uploads\/sites\/32\/2025\/04\/cia_jovem_de_danca-11-1200x800-1-768x512.jpg 768w, https:\/\/jundiai.sp.gov.br\/noticias\/wp-content\/uploads\/sites\/32\/2025\/04\/cia_jovem_de_danca-11-1200x800-1-450x300.jpg 450w\" sizes=\"auto, (max-width: 1200px) 100vw, 1200px\" \/><figcaption class=\"wp-element-caption\">Cia. Jovem de Dan\u00e7a de Jundia\u00ed faz participa\u00e7\u00e3o especial na abertura de em ambos os espet\u00e1culos<\/figcaption><\/figure>\n\n\n\n<p>J\u00e1 a SPCD, sob dire\u00e7\u00e3o art\u00edstica de In\u00eas Bog\u00e9a, apresenta dois programas distintos em cada espet\u00e1culo. A apresenta\u00e7\u00e3o da tarde come\u00e7a, ap\u00f3s a abertura, com \u201cAlvorada\u201d, de Yoshi Suzuki, coreografia que celebra os recome\u00e7os, os novos cap\u00edtulos e oportunidades da vida, o suave deslizar da manh\u00e3 que convida o corpo e a alma a sentir cada emo\u00e7\u00e3o \u00e0 flor da pele. Em seguida, \u00e9 a vez de \u201cA Morte do Cisne\u201d, obra de Lars Van Cauwenbergh inspirada na obra de Michel Fokine. O encerramento da tarde ficar\u00e1 por conta de \u201cCasa Flutuante\u201d, coreografia em que Beatriz Hack revela, em cena, diferentes conceitos de \u201ccasa\u201d e suas imperman\u00eancias, em movimentos individuais e de grupo que exploram as rela\u00e7\u00f5es humanas e interpessoais.<\/p>\n\n\n\n<p>J\u00e1 \u00e0 noite, o programa com a SPCD traz outras coreografias, com a repeti\u00e7\u00e3o de \u201cAlvorada\u201d. A primeira, logo ap\u00f3s a Cia. Jovem de Dan\u00e7a, ser\u00e1 \u201cdos SANTOS\u201d, primeira obra de Alex Soares para a companhia e que faz refer\u00eancia a um dos sobrenomes de origem religiosa mais populares, questionando identidades que ajudaram a lapidar a nossa rica e diversa cultura brasileira. E para finalizar, o grupo apresenta \u201cAtaraxia\u201d, de George C\u00e9spedes, que, em refer\u00eancia \u00e0 palavra de origem grega que significa aus\u00eancia de perturba\u00e7\u00e3o, traz uma coreografia em meio a um jogo de controle e entrega, busca um estado de serenidade imperturb\u00e1vel, no qual a mente se mant\u00e9m em equil\u00edbrio diante das adversidades. A obra apresenta cena com efeito estrobosc\u00f3pico que pode afetar espectadores fotossens\u00edveis.<\/p>\n\n\n\n<figure class=\"wp-block-gallery has-nested-images columns-2 is-cropped wp-block-gallery-1 is-layout-flex wp-block-gallery-is-layout-flex\">\n<figure class=\"wp-block-image size-large\"><img loading=\"lazy\" decoding=\"async\" width=\"1280\" height=\"854\" data-id=\"356552\" src=\"https:\/\/jundiai.sp.gov.br\/noticias\/wp-content\/uploads\/sites\/32\/2025\/04\/pas-de-deux-de-alvorada-de-yoshi-suzuki-spcd-credito-iari-davies-2-1280x854.jpg\" alt=\"\" class=\"wp-image-356552\" srcset=\"https:\/\/jundiai.sp.gov.br\/noticias\/wp-content\/uploads\/sites\/32\/2025\/04\/pas-de-deux-de-alvorada-de-yoshi-suzuki-spcd-credito-iari-davies-2-1280x854.jpg 1280w, https:\/\/jundiai.sp.gov.br\/noticias\/wp-content\/uploads\/sites\/32\/2025\/04\/pas-de-deux-de-alvorada-de-yoshi-suzuki-spcd-credito-iari-davies-2-300x200.jpg 300w, https:\/\/jundiai.sp.gov.br\/noticias\/wp-content\/uploads\/sites\/32\/2025\/04\/pas-de-deux-de-alvorada-de-yoshi-suzuki-spcd-credito-iari-davies-2-768x512.jpg 768w, https:\/\/jundiai.sp.gov.br\/noticias\/wp-content\/uploads\/sites\/32\/2025\/04\/pas-de-deux-de-alvorada-de-yoshi-suzuki-spcd-credito-iari-davies-2-1536x1024.jpg 1536w, https:\/\/jundiai.sp.gov.br\/noticias\/wp-content\/uploads\/sites\/32\/2025\/04\/pas-de-deux-de-alvorada-de-yoshi-suzuki-spcd-credito-iari-davies-2-450x300.jpg 450w, https:\/\/jundiai.sp.gov.br\/noticias\/wp-content\/uploads\/sites\/32\/2025\/04\/pas-de-deux-de-alvorada-de-yoshi-suzuki-spcd-credito-iari-davies-2.jpg 1900w\" sizes=\"auto, (max-width: 1280px) 100vw, 1280px\" \/><figcaption class=\"wp-element-caption\">Pas de Deux de &#8220;Alvorada&#8221;, de Yoshi Suzuki (foto: Iari Davies)<\/figcaption><\/figure>\n\n\n\n<figure class=\"wp-block-image size-large\"><img loading=\"lazy\" decoding=\"async\" width=\"1280\" height=\"914\" data-id=\"356550\" src=\"https:\/\/jundiai.sp.gov.br\/noticias\/wp-content\/uploads\/sites\/32\/2025\/04\/casa-flutuante-de-beatriz-hack-credito-iari-davies-jpg-1280x914.jpg\" alt=\"\" class=\"wp-image-356550\" srcset=\"https:\/\/jundiai.sp.gov.br\/noticias\/wp-content\/uploads\/sites\/32\/2025\/04\/casa-flutuante-de-beatriz-hack-credito-iari-davies-jpg-1280x914.jpg 1280w, https:\/\/jundiai.sp.gov.br\/noticias\/wp-content\/uploads\/sites\/32\/2025\/04\/casa-flutuante-de-beatriz-hack-credito-iari-davies-jpg-300x214.jpg 300w, https:\/\/jundiai.sp.gov.br\/noticias\/wp-content\/uploads\/sites\/32\/2025\/04\/casa-flutuante-de-beatriz-hack-credito-iari-davies-jpg-768x549.jpg 768w, https:\/\/jundiai.sp.gov.br\/noticias\/wp-content\/uploads\/sites\/32\/2025\/04\/casa-flutuante-de-beatriz-hack-credito-iari-davies-jpg-1536x1097.jpg 1536w, https:\/\/jundiai.sp.gov.br\/noticias\/wp-content\/uploads\/sites\/32\/2025\/04\/casa-flutuante-de-beatriz-hack-credito-iari-davies-jpg.jpg 1900w\" sizes=\"auto, (max-width: 1280px) 100vw, 1280px\" \/><figcaption class=\"wp-element-caption\">&#8220;Casa Flutuante&#8221;, de Beatriz Hack (foto: Iara Davies)<\/figcaption><\/figure>\n\n\n\n<figure class=\"wp-block-image size-large\"><img loading=\"lazy\" decoding=\"async\" width=\"1280\" height=\"854\" data-id=\"356553\" src=\"https:\/\/jundiai.sp.gov.br\/noticias\/wp-content\/uploads\/sites\/32\/2025\/04\/dos-santos-by-alex-soares-spcd-photo-by-iari-davies-1280x854.jpg\" alt=\"\" class=\"wp-image-356553\" srcset=\"https:\/\/jundiai.sp.gov.br\/noticias\/wp-content\/uploads\/sites\/32\/2025\/04\/dos-santos-by-alex-soares-spcd-photo-by-iari-davies-1280x854.jpg 1280w, https:\/\/jundiai.sp.gov.br\/noticias\/wp-content\/uploads\/sites\/32\/2025\/04\/dos-santos-by-alex-soares-spcd-photo-by-iari-davies-300x200.jpg 300w, https:\/\/jundiai.sp.gov.br\/noticias\/wp-content\/uploads\/sites\/32\/2025\/04\/dos-santos-by-alex-soares-spcd-photo-by-iari-davies-768x512.jpg 768w, https:\/\/jundiai.sp.gov.br\/noticias\/wp-content\/uploads\/sites\/32\/2025\/04\/dos-santos-by-alex-soares-spcd-photo-by-iari-davies-1536x1024.jpg 1536w, https:\/\/jundiai.sp.gov.br\/noticias\/wp-content\/uploads\/sites\/32\/2025\/04\/dos-santos-by-alex-soares-spcd-photo-by-iari-davies-450x300.jpg 450w, https:\/\/jundiai.sp.gov.br\/noticias\/wp-content\/uploads\/sites\/32\/2025\/04\/dos-santos-by-alex-soares-spcd-photo-by-iari-davies.jpg 1900w\" sizes=\"auto, (max-width: 1280px) 100vw, 1280px\" \/><figcaption class=\"wp-element-caption\">&#8220;dos SANTOS&#8221;, de Alex Soares (foto: Charles Lima)<\/figcaption><\/figure>\n\n\n\n<figure class=\"wp-block-image size-large\"><img loading=\"lazy\" decoding=\"async\" width=\"1280\" height=\"854\" data-id=\"356551\" src=\"https:\/\/jundiai.sp.gov.br\/noticias\/wp-content\/uploads\/sites\/32\/2025\/04\/ataraxia-by-george-cespedes-photo-by-iari-davies-1280x854.jpg\" alt=\"\" class=\"wp-image-356551\" srcset=\"https:\/\/jundiai.sp.gov.br\/noticias\/wp-content\/uploads\/sites\/32\/2025\/04\/ataraxia-by-george-cespedes-photo-by-iari-davies-1280x854.jpg 1280w, https:\/\/jundiai.sp.gov.br\/noticias\/wp-content\/uploads\/sites\/32\/2025\/04\/ataraxia-by-george-cespedes-photo-by-iari-davies-300x200.jpg 300w, https:\/\/jundiai.sp.gov.br\/noticias\/wp-content\/uploads\/sites\/32\/2025\/04\/ataraxia-by-george-cespedes-photo-by-iari-davies-768x512.jpg 768w, https:\/\/jundiai.sp.gov.br\/noticias\/wp-content\/uploads\/sites\/32\/2025\/04\/ataraxia-by-george-cespedes-photo-by-iari-davies-1536x1024.jpg 1536w, https:\/\/jundiai.sp.gov.br\/noticias\/wp-content\/uploads\/sites\/32\/2025\/04\/ataraxia-by-george-cespedes-photo-by-iari-davies-450x300.jpg 450w, https:\/\/jundiai.sp.gov.br\/noticias\/wp-content\/uploads\/sites\/32\/2025\/04\/ataraxia-by-george-cespedes-photo-by-iari-davies.jpg 1900w\" sizes=\"auto, (max-width: 1280px) 100vw, 1280px\" \/><figcaption class=\"wp-element-caption\">\u201cAtaraxia\u201d, de George C\u00e9spedes (foto: Iari Davies) <\/figcaption><\/figure>\n<\/figure>\n\n\n\n<p>Os ingressos gratuitos para ambos os espet\u00e1culos poder\u00e3o ser retirados a partir das 10h30 da quinta-feira (24) nos totens eletr\u00f4nicos e bilheterias do Teatro Polytheama (rua Bar\u00e3o de Jundia\u00ed, 176 \u2013 Centro) e do Centro das Artes Prefeito Pedro F\u00e1varo (rua Bar\u00e3o de Jundia\u00ed, 1093 \u2013 Centro), al\u00e9m da internet, por meio da plataforma Sympla. Cada interessado poder\u00e1 retirar at\u00e9 dois ingressos. (Links para as apresenta\u00e7\u00f5es <a href=\"https:\/\/bileto.sympla.com.br\/event\/105486\/d\/314891\/s\/2144143\" target=\"_blank\" rel=\"noreferrer noopener\">das 15h<\/a> e <a href=\"https:\/\/bileto.sympla.com.br\/event\/105332\/d\/313964\/s\/2135800\" target=\"_blank\" rel=\"noreferrer noopener\">das 20h<\/a>).<\/p>\n\n\n\n<p>As apresenta\u00e7\u00f5es da SPCD no Munic\u00edpio s\u00e3o viabilizadas pela Secretaria da Cultura, Economia e Ind\u00fastria Criativas do Governo do Estado de S\u00e3o Paulo e pela Lei de Incentivo \u00e0 Cultura &#8211; Lei Rouanet do Minist\u00e9rio da Cultura &#8211; Governo Federal, com patroc\u00ednio do Ita\u00fa.<\/p>\n\n\n\n<p>Os detalhes de cada apresenta\u00e7\u00e3o podem ser conferidos na <a href=\"https:\/\/cultura.jundiai.sp.gov.br\/eventos\/tag\/cia-jovem-de-danca\/\" target=\"_blank\" rel=\"noreferrer noopener\">Agenda Cultural<\/a>.<\/p>\n\n\n\n<p><strong>Assessoria de Imprensa<br>Fotos: Fot\u00f3grafos PMJ e Divulga\u00e7\u00e3o SPCD<\/strong><\/p>\n","protected":false},"excerpt":{"rendered":"<p>O Teatro Polytheama recebe na pr\u00f3xima sexta-feira (25) dois espet\u00e1culos gratuitos com a S\u00e3o Paulo Companhia de Dan\u00e7a (SPCD), um \u00e0s 15h e outro \u00e0s 20h. A abertura de ambas as apresenta\u00e7\u00f5es ficar\u00e1 por conta da Cia. Jovem de Dan\u00e7a, corpo art\u00edstico municipal ligado \u00e0 Unidade de Gest\u00e3o de Cultura da Prefeitura de Jundia\u00ed. A [&hellip;]<\/p>\n","protected":false},"author":14,"featured_media":356550,"comment_status":"closed","ping_status":"0","sticky":false,"template":"","format":"standard","meta":{"footnotes":""},"categories":[4620,2],"tags":[1130,29,98],"ods":[],"class_list":["post-356544","post","type-post","status-publish","format-standard","has-post-thumbnail","hentry","category-destaques","category-noticias","tag-cia-jovem-de-danca","tag-cultura","tag-teatro-polytheama"],"_links":{"self":[{"href":"https:\/\/jundiai.sp.gov.br\/noticias\/wp-json\/wp\/v2\/posts\/356544","targetHints":{"allow":["GET"]}}],"collection":[{"href":"https:\/\/jundiai.sp.gov.br\/noticias\/wp-json\/wp\/v2\/posts"}],"about":[{"href":"https:\/\/jundiai.sp.gov.br\/noticias\/wp-json\/wp\/v2\/types\/post"}],"author":[{"embeddable":true,"href":"https:\/\/jundiai.sp.gov.br\/noticias\/wp-json\/wp\/v2\/users\/14"}],"replies":[{"embeddable":true,"href":"https:\/\/jundiai.sp.gov.br\/noticias\/wp-json\/wp\/v2\/comments?post=356544"}],"version-history":[{"count":8,"href":"https:\/\/jundiai.sp.gov.br\/noticias\/wp-json\/wp\/v2\/posts\/356544\/revisions"}],"predecessor-version":[{"id":356743,"href":"https:\/\/jundiai.sp.gov.br\/noticias\/wp-json\/wp\/v2\/posts\/356544\/revisions\/356743"}],"wp:featuredmedia":[{"embeddable":true,"href":"https:\/\/jundiai.sp.gov.br\/noticias\/wp-json\/wp\/v2\/media\/356550"}],"wp:attachment":[{"href":"https:\/\/jundiai.sp.gov.br\/noticias\/wp-json\/wp\/v2\/media?parent=356544"}],"wp:term":[{"taxonomy":"category","embeddable":true,"href":"https:\/\/jundiai.sp.gov.br\/noticias\/wp-json\/wp\/v2\/categories?post=356544"},{"taxonomy":"post_tag","embeddable":true,"href":"https:\/\/jundiai.sp.gov.br\/noticias\/wp-json\/wp\/v2\/tags?post=356544"},{"taxonomy":"ods","embeddable":true,"href":"https:\/\/jundiai.sp.gov.br\/noticias\/wp-json\/wp\/v2\/ods?post=356544"}],"curies":[{"name":"wp","href":"https:\/\/api.w.org\/{rel}","templated":true}]}}