{"id":356699,"date":"2025-04-23T11:06:21","date_gmt":"2025-04-23T14:06:21","guid":{"rendered":"https:\/\/jundiai.sp.gov.br\/noticias\/?p=356699"},"modified":"2025-04-23T11:06:21","modified_gmt":"2025-04-23T14:06:21","slug":"empresa-expande-operacoes-em-jundiai-com-inovacao-e-desenvolvimento-industrial-para-nutricao-animal","status":"publish","type":"post","link":"https:\/\/jundiai.sp.gov.br\/noticias\/2025\/04\/23\/empresa-expande-operacoes-em-jundiai-com-inovacao-e-desenvolvimento-industrial-para-nutricao-animal\/","title":{"rendered":"Empresa expande opera\u00e7\u00f5es em Jundia\u00ed com inova\u00e7\u00e3o e desenvolvimento industrial para nutri\u00e7\u00e3o animal"},"content":{"rendered":"\n<p>A ICC Brasil, uma das principais refer\u00eancias em solu\u00e7\u00f5es inovadoras para nutri\u00e7\u00e3o e sa\u00fade animal, est\u00e1 ampliando sua presen\u00e7a em Jundia\u00ed, com investimentos que refor\u00e7am seu compromisso com o desenvolvimento industrial e a sustentabilidade no setor de ra\u00e7\u00e3o animal. A planta da empresa, que j\u00e1 \u00e9 um marco na Terra da Uva, foi visitada recentemente pelos representantes da Unidade de Gest\u00e3o de Desenvolvimento Econ\u00f4mico, Ci\u00eancia e Tecnologia para um acompanhamento das obras e monitoramento do processo de expans\u00e3o.<\/p>\n\n\n\n<p><strong><a href=\"https:\/\/jundiai.sp.gov.br\/fensnosbairros\/\" data-type=\"link\" data-id=\"https:\/\/jundiai.sp.gov.br\/fensnosbairros\/\">FENS NOS BAIRROS &#8211; SAIBA MAIS<\/a><\/strong><\/p>\n\n\n\n<p>O crescimento da empresa em Jundia\u00ed \u00e9 um passo para consolidar a cidade como um polo industrial de inova\u00e7\u00e3o. O aumento da capacidade produtiva da planta na cidade deve impactar positivamente n\u00e3o apenas no mercado de nutri\u00e7\u00e3o animal, mas tamb\u00e9m no desenvolvimento econ\u00f4mico da regi\u00e3o, gerando novos empregos e fortalecendo a cadeia de fornecedores locais.<\/p>\n\n\n\n<figure class=\"wp-block-image size-full\"><img loading=\"lazy\" decoding=\"async\" width=\"1280\" height=\"960\" src=\"https:\/\/jundiai.sp.gov.br\/noticias\/wp-content\/uploads\/sites\/32\/2025\/04\/whatsapp-image-2025-04-16-at-17-43-53.jpeg\" alt=\"\" class=\"wp-image-356705\" srcset=\"https:\/\/jundiai.sp.gov.br\/noticias\/wp-content\/uploads\/sites\/32\/2025\/04\/whatsapp-image-2025-04-16-at-17-43-53.jpeg 1280w, https:\/\/jundiai.sp.gov.br\/noticias\/wp-content\/uploads\/sites\/32\/2025\/04\/whatsapp-image-2025-04-16-at-17-43-53-300x225.jpeg 300w, https:\/\/jundiai.sp.gov.br\/noticias\/wp-content\/uploads\/sites\/32\/2025\/04\/whatsapp-image-2025-04-16-at-17-43-53-768x576.jpeg 768w\" sizes=\"auto, (max-width: 1280px) 100vw, 1280px\" \/><figcaption class=\"wp-element-caption\">A planta da empresa, que j\u00e1 \u00e9 um marco na Terra da Uva, foi visitada recentemente pelos representantes da UGDECT<\/figcaption><\/figure>\n\n\n\n<p>Durante a visita, representantes da UGDECT acompanharam o andamento da obra, verificando a execu\u00e7\u00e3o do projeto e os avan\u00e7os nos processos industriais. Humberto Cereser, gestor de Desenvolvimento Econ\u00f4mico, Ci\u00eancia e Tecnologia, destacou a import\u00e2ncia da participa\u00e7\u00e3o ativa do poder p\u00fablico nas expans\u00f5es empresariais que ocorrem na cidade. &#8220;Presenciar esse processo de crescimento \u00e9 essencial para contribuir para o desenvolvimento econ\u00f4mico de Jundia\u00ed. Al\u00e9m disso, nossa atua\u00e7\u00e3o como poder p\u00fablico garante que as expans\u00f5es aconte\u00e7am de forma sustent\u00e1vel, respeitando as normas ambientais e sociais, e gerando empregos e prosperidade para a nossa comunidade&#8221;, afirmou.<\/p>\n\n\n\n<p>Pela Prefeitura de Jundia\u00ed, participaram da visita Gilson Pichioli, diretor de Fomento \u00e0 Ind\u00fastria, e o assessor Mark Willian. Pela empresa, estiveram presentes Ilma Maria S. de Andrade, diretora de Suprimentos, Ana Paula Pozzatti, agente de Compras, e Luiz Paulo Leite, encarregado de Seguran\u00e7a e Manuten\u00e7\u00e3o.<\/p>\n\n\n\n<p><strong>Assessoria de Imprensa<br>Fotos: Fot\u00f3grafos PMJ<\/strong><\/p>\n","protected":false},"excerpt":{"rendered":"<p>A ICC Brasil, uma das principais refer\u00eancias em solu\u00e7\u00f5es inovadoras para nutri\u00e7\u00e3o e sa\u00fade animal, est\u00e1 ampliando sua presen\u00e7a em Jundia\u00ed, com investimentos que refor\u00e7am seu compromisso com o desenvolvimento industrial e a sustentabilidade no setor de ra\u00e7\u00e3o animal. A planta da empresa, que j\u00e1 \u00e9 um marco na Terra da Uva, foi visitada recentemente [&hellip;]<\/p>\n","protected":false},"author":131,"featured_media":356707,"comment_status":"closed","ping_status":"0","sticky":false,"template":"","format":"standard","meta":{"footnotes":""},"categories":[2],"tags":[365],"ods":[],"class_list":["post-356699","post","type-post","status-publish","format-standard","has-post-thumbnail","hentry","category-noticias","tag-desenvolvimento-economico-ciencia-e-tecnologia"],"_links":{"self":[{"href":"https:\/\/jundiai.sp.gov.br\/noticias\/wp-json\/wp\/v2\/posts\/356699","targetHints":{"allow":["GET"]}}],"collection":[{"href":"https:\/\/jundiai.sp.gov.br\/noticias\/wp-json\/wp\/v2\/posts"}],"about":[{"href":"https:\/\/jundiai.sp.gov.br\/noticias\/wp-json\/wp\/v2\/types\/post"}],"author":[{"embeddable":true,"href":"https:\/\/jundiai.sp.gov.br\/noticias\/wp-json\/wp\/v2\/users\/131"}],"replies":[{"embeddable":true,"href":"https:\/\/jundiai.sp.gov.br\/noticias\/wp-json\/wp\/v2\/comments?post=356699"}],"version-history":[{"count":3,"href":"https:\/\/jundiai.sp.gov.br\/noticias\/wp-json\/wp\/v2\/posts\/356699\/revisions"}],"predecessor-version":[{"id":356714,"href":"https:\/\/jundiai.sp.gov.br\/noticias\/wp-json\/wp\/v2\/posts\/356699\/revisions\/356714"}],"wp:featuredmedia":[{"embeddable":true,"href":"https:\/\/jundiai.sp.gov.br\/noticias\/wp-json\/wp\/v2\/media\/356707"}],"wp:attachment":[{"href":"https:\/\/jundiai.sp.gov.br\/noticias\/wp-json\/wp\/v2\/media?parent=356699"}],"wp:term":[{"taxonomy":"category","embeddable":true,"href":"https:\/\/jundiai.sp.gov.br\/noticias\/wp-json\/wp\/v2\/categories?post=356699"},{"taxonomy":"post_tag","embeddable":true,"href":"https:\/\/jundiai.sp.gov.br\/noticias\/wp-json\/wp\/v2\/tags?post=356699"},{"taxonomy":"ods","embeddable":true,"href":"https:\/\/jundiai.sp.gov.br\/noticias\/wp-json\/wp\/v2\/ods?post=356699"}],"curies":[{"name":"wp","href":"https:\/\/api.w.org\/{rel}","templated":true}]}}