{"id":356772,"date":"2025-04-24T13:15:00","date_gmt":"2025-04-24T16:15:00","guid":{"rendered":"https:\/\/jundiai.sp.gov.br\/noticias\/?p=356772"},"modified":"2025-04-24T12:17:36","modified_gmt":"2025-04-24T15:17:36","slug":"zeladoria-e-conservacao-programa-quem-ama-cuida-leva-servicos-para-os-bairros-da-regiao-norte","status":"publish","type":"post","link":"https:\/\/jundiai.sp.gov.br\/noticias\/2025\/04\/24\/zeladoria-e-conservacao-programa-quem-ama-cuida-leva-servicos-para-os-bairros-da-regiao-norte\/","title":{"rendered":"Zeladoria e conserva\u00e7\u00e3o: Programa \u2018Quem Ama, Cuida\u2019 leva servi\u00e7os para os bairros da regi\u00e3o Norte"},"content":{"rendered":"\n<p>At\u00e9 o pr\u00f3ximo s\u00e1bado (26), a Prefeitura de Jundia\u00ed, por meio da Unidade de Gest\u00e3o de Infraestrutura e Servi\u00e7os P\u00fablicos (UGISP), realiza a\u00e7\u00f5es de zeladoria e conserva\u00e7\u00e3o em diversos bairros da regi\u00e3o Norte da cidade. As interven\u00e7\u00f5es visam \u00e0 melhoria da qualidade urbana e do bem-estar da popula\u00e7\u00e3o.<\/p>\n\n\n\n<figure class=\"wp-block-image size-large\"><img loading=\"lazy\" decoding=\"async\" width=\"1280\" height=\"854\" src=\"https:\/\/jundiai.sp.gov.br\/noticias\/wp-content\/uploads\/sites\/32\/2025\/04\/quem_ama_cuida_regiao_norte-59-1280x854.jpg\" alt=\"\" class=\"wp-image-356773\" srcset=\"https:\/\/jundiai.sp.gov.br\/noticias\/wp-content\/uploads\/sites\/32\/2025\/04\/quem_ama_cuida_regiao_norte-59-1280x854.jpg 1280w, https:\/\/jundiai.sp.gov.br\/noticias\/wp-content\/uploads\/sites\/32\/2025\/04\/quem_ama_cuida_regiao_norte-59-300x200.jpg 300w, https:\/\/jundiai.sp.gov.br\/noticias\/wp-content\/uploads\/sites\/32\/2025\/04\/quem_ama_cuida_regiao_norte-59-768x512.jpg 768w, https:\/\/jundiai.sp.gov.br\/noticias\/wp-content\/uploads\/sites\/32\/2025\/04\/quem_ama_cuida_regiao_norte-59-1536x1024.jpg 1536w, https:\/\/jundiai.sp.gov.br\/noticias\/wp-content\/uploads\/sites\/32\/2025\/04\/quem_ama_cuida_regiao_norte-59-450x300.jpg 450w, https:\/\/jundiai.sp.gov.br\/noticias\/wp-content\/uploads\/sites\/32\/2025\/04\/quem_ama_cuida_regiao_norte-59.jpg 1900w\" sizes=\"auto, (max-width: 1280px) 100vw, 1280px\" \/><figcaption class=\"wp-element-caption\">Zeladoria e conserva\u00e7\u00e3o nos bairros da regi\u00e3o Norte<\/figcaption><\/figure>\n\n\n\n<p>Nesta fase, os bairros atendidos s\u00e3o: Acerola, \u00c1gua Doce, Cecap, Corrupira, Engordadouro, Fernandes, Jardim Scala, Morada das Vinhas, Parque Centen\u00e1rio, Continental, Parque da Represa, Poste, Retent\u00e9m, Santo Agostinho, Santo Expedito, Torres de S\u00e3o Jos\u00e9, Travi\u00fa, Vila Marlene, Vila Santo Ant\u00f4nio e Vista Alegre.<\/p>\n\n\n\n<p>Entre os servi\u00e7os realizados est\u00e3o poda e remo\u00e7\u00e3o de \u00e1rvores, ro\u00e7ada em \u00e1reas p\u00fablicas, raspagem, tapa-buracos e manuten\u00e7\u00e3o de vias.<\/p>\n\n\n\n<p>\u201cO programa \u2018Quem Ama, Cuida\u2019 \u00e9 fundamental para garantir mais seguran\u00e7a, bem-estar e qualidade de vida para a popula\u00e7\u00e3o. A presen\u00e7a das equipes de zeladoria e conserva\u00e7\u00e3o nos bairros refor\u00e7a o compromisso da Prefeitura com a cidade e com os cidad\u00e3os\u201d, destaca o gestor da UGISP, Marcos Galdino.<\/p>\n\n\n\n<figure class=\"wp-block-image size-large\"><img loading=\"lazy\" decoding=\"async\" width=\"1280\" height=\"854\" src=\"https:\/\/jundiai.sp.gov.br\/noticias\/wp-content\/uploads\/sites\/32\/2025\/04\/quem_ama_cuida_regiao_norte-62-1280x854.jpg\" alt=\"\" class=\"wp-image-356774\" srcset=\"https:\/\/jundiai.sp.gov.br\/noticias\/wp-content\/uploads\/sites\/32\/2025\/04\/quem_ama_cuida_regiao_norte-62-1280x854.jpg 1280w, https:\/\/jundiai.sp.gov.br\/noticias\/wp-content\/uploads\/sites\/32\/2025\/04\/quem_ama_cuida_regiao_norte-62-300x200.jpg 300w, https:\/\/jundiai.sp.gov.br\/noticias\/wp-content\/uploads\/sites\/32\/2025\/04\/quem_ama_cuida_regiao_norte-62-768x512.jpg 768w, https:\/\/jundiai.sp.gov.br\/noticias\/wp-content\/uploads\/sites\/32\/2025\/04\/quem_ama_cuida_regiao_norte-62-1536x1024.jpg 1536w, https:\/\/jundiai.sp.gov.br\/noticias\/wp-content\/uploads\/sites\/32\/2025\/04\/quem_ama_cuida_regiao_norte-62-450x300.jpg 450w, https:\/\/jundiai.sp.gov.br\/noticias\/wp-content\/uploads\/sites\/32\/2025\/04\/quem_ama_cuida_regiao_norte-62.jpg 1900w\" sizes=\"auto, (max-width: 1280px) 100vw, 1280px\" \/><figcaption class=\"wp-element-caption\">&#8216;Quem Ama, Cuida&#8217;, 20 bairros da regi\u00e3o Norte recebem as equipes de zeladoria e conserva\u00e7\u00e3o da UGISP<\/figcaption><\/figure>\n\n\n\n<p><strong>Regi\u00e3o Central<\/strong><br>Durante esta semana as equipes de ilumina\u00e7\u00e3o p\u00fablica far\u00e3o as substitui\u00e7\u00f5es de l\u00e2mpadas a vapor por LED nas ruas Am\u00e9lia Latorre, Aristides Mariotti e avenidas Ant\u00f4nio Segre e Uni\u00e3o dos Ferrovi\u00e1rios.<\/p>\n\n\n\n<p><strong>Regi\u00e3o Leste<\/strong><br>A manuten\u00e7\u00e3o de estradas n\u00e3o pavimentadas est\u00e1 sendo realizada nos seguintes bairros: Ivoturucaia, Santa Gertrudes, Bom Jardim e Jardim Cica.<\/p>\n\n\n\n<p>A Prefeitura de Jundia\u00ed refor\u00e7a que o trabalho de zeladoria \u00e9 cont\u00ednuo e que desde o lan\u00e7amento do &#8220;Quem Ama, Cuida&#8221;, as equipes do Departamento de Zeladoria e Conserva\u00e7\u00e3o da UGISP j\u00e1 estiveram nas regi\u00f5es Central, Sul, Leste e Oeste, realizando os servi\u00e7os de melhoria em mais de 100 bairros.<\/p>\n\n\n\n<p>O cronograma do programa pode ser acessado clicando <a href=\"https:\/\/jundiai.sp.gov.br\/infraestrutura-e-servicos-publicos\/quem-ama-cuida\/#:~:text=O%20%E2%80%9CQuem%20Ama%2C%20Cuida%E2%80%9D,nossa%20cidade%20e%20sua%20popula%C3%A7%C3%A3o.\"><strong>aqui<\/strong><\/a>.<\/p>\n\n\n\n<p><strong>Assessoria de Imprensa<\/strong><br><strong>Fotos: Fot\u00f3grafo PMJ<\/strong><\/p>\n\n\n\n<p><\/p>\n","protected":false},"excerpt":{"rendered":"<p>At\u00e9 o pr\u00f3ximo s\u00e1bado (26), a Prefeitura de Jundia\u00ed, por meio da Unidade de Gest\u00e3o de Infraestrutura e Servi\u00e7os P\u00fablicos (UGISP), realiza a\u00e7\u00f5es de zeladoria e conserva\u00e7\u00e3o em diversos bairros da regi\u00e3o Norte da cidade. As interven\u00e7\u00f5es visam \u00e0 melhoria da qualidade urbana e do bem-estar da popula\u00e7\u00e3o. Nesta fase, os bairros atendidos s\u00e3o: Acerola, [&hellip;]<\/p>\n","protected":false},"author":123,"featured_media":356773,"comment_status":"closed","ping_status":"0","sticky":false,"template":"","format":"standard","meta":{"footnotes":""},"categories":[4620,2],"tags":[4904,1206],"ods":[],"class_list":["post-356772","post","type-post","status-publish","format-standard","has-post-thumbnail","hentry","category-destaques","category-noticias","tag-quem-ama-cuida","tag-ugisp"],"_links":{"self":[{"href":"https:\/\/jundiai.sp.gov.br\/noticias\/wp-json\/wp\/v2\/posts\/356772","targetHints":{"allow":["GET"]}}],"collection":[{"href":"https:\/\/jundiai.sp.gov.br\/noticias\/wp-json\/wp\/v2\/posts"}],"about":[{"href":"https:\/\/jundiai.sp.gov.br\/noticias\/wp-json\/wp\/v2\/types\/post"}],"author":[{"embeddable":true,"href":"https:\/\/jundiai.sp.gov.br\/noticias\/wp-json\/wp\/v2\/users\/123"}],"replies":[{"embeddable":true,"href":"https:\/\/jundiai.sp.gov.br\/noticias\/wp-json\/wp\/v2\/comments?post=356772"}],"version-history":[{"count":4,"href":"https:\/\/jundiai.sp.gov.br\/noticias\/wp-json\/wp\/v2\/posts\/356772\/revisions"}],"predecessor-version":[{"id":356808,"href":"https:\/\/jundiai.sp.gov.br\/noticias\/wp-json\/wp\/v2\/posts\/356772\/revisions\/356808"}],"wp:featuredmedia":[{"embeddable":true,"href":"https:\/\/jundiai.sp.gov.br\/noticias\/wp-json\/wp\/v2\/media\/356773"}],"wp:attachment":[{"href":"https:\/\/jundiai.sp.gov.br\/noticias\/wp-json\/wp\/v2\/media?parent=356772"}],"wp:term":[{"taxonomy":"category","embeddable":true,"href":"https:\/\/jundiai.sp.gov.br\/noticias\/wp-json\/wp\/v2\/categories?post=356772"},{"taxonomy":"post_tag","embeddable":true,"href":"https:\/\/jundiai.sp.gov.br\/noticias\/wp-json\/wp\/v2\/tags?post=356772"},{"taxonomy":"ods","embeddable":true,"href":"https:\/\/jundiai.sp.gov.br\/noticias\/wp-json\/wp\/v2\/ods?post=356772"}],"curies":[{"name":"wp","href":"https:\/\/api.w.org\/{rel}","templated":true}]}}