{"id":356793,"date":"2025-04-24T12:04:54","date_gmt":"2025-04-24T15:04:54","guid":{"rendered":"https:\/\/jundiai.sp.gov.br\/noticias\/?p=356793"},"modified":"2025-09-24T08:17:59","modified_gmt":"2025-09-24T11:17:59","slug":"dia-do-jovem-aprendiz-reforca-importancia-da-capacitacao-profissional-como-porta-de-entrada-para-o-mercado-de-trabalho","status":"publish","type":"post","link":"https:\/\/jundiai.sp.gov.br\/noticias\/2025\/04\/24\/dia-do-jovem-aprendiz-reforca-importancia-da-capacitacao-profissional-como-porta-de-entrada-para-o-mercado-de-trabalho\/","title":{"rendered":"Dia do Jovem Aprendiz refor\u00e7a import\u00e2ncia da capacita\u00e7\u00e3o profissional como porta de entrada para o mercado de trabalho"},"content":{"rendered":"\n<p>No Dia do Jovem Aprendiz, comemorado em 24 de abril, a Prefeitura de Jundia\u00ed refor\u00e7a a import\u00e2ncia da qualifica\u00e7\u00e3o profissional como ferramenta essencial para a inser\u00e7\u00e3o de adolescentes e jovens no mercado de trabalho. A data celebra conquistas, mas tamb\u00e9m evidencia o compromisso da cidade com a constru\u00e7\u00e3o de oportunidades por meio de pol\u00edticas p\u00fablicas.<\/p>\n\n\n\n<p>Coordenadas pela Divis\u00e3o de Inclus\u00e3o Produtiva e Qualifica\u00e7\u00e3o Profissional (DIPQP), da Unidade de Gest\u00e3o de Assist\u00eancia e Desenvolvimento Social (UGADS), as a\u00e7\u00f5es s\u00e3o pensadas para oferecer caminhos concretos \u00e0 juventude em situa\u00e7\u00e3o de vulnerabilidade. A educadora social\u00a0da UGADS, Edilaine Cardoso, destaca que o trabalho come\u00e7a ainda antes da contrata\u00e7\u00e3o: \u201cRealizamos oficinas de prepara\u00e7\u00e3o para o mundo do trabalho em parceria com institui\u00e7\u00f5es qualificadoras. Ap\u00f3s a conclus\u00e3o, os jovens s\u00e3o inscritos nas plataformas dessas institui\u00e7\u00f5es e encaminhados a processos seletivos em empresas.\u201d<\/p>\n\n\n\n<figure class=\"wp-block-image size-large\"><img loading=\"lazy\" decoding=\"async\" width=\"1280\" height=\"854\" src=\"https:\/\/jundiai.sp.gov.br\/noticias\/wp-content\/uploads\/sites\/32\/2025\/04\/visc_funss_jovens_alpino-6-1280x854.jpg\" alt=\"\" class=\"wp-image-356794\" srcset=\"https:\/\/jundiai.sp.gov.br\/noticias\/wp-content\/uploads\/sites\/32\/2025\/04\/visc_funss_jovens_alpino-6-1280x854.jpg 1280w, https:\/\/jundiai.sp.gov.br\/noticias\/wp-content\/uploads\/sites\/32\/2025\/04\/visc_funss_jovens_alpino-6-300x200.jpg 300w, https:\/\/jundiai.sp.gov.br\/noticias\/wp-content\/uploads\/sites\/32\/2025\/04\/visc_funss_jovens_alpino-6-768x512.jpg 768w, https:\/\/jundiai.sp.gov.br\/noticias\/wp-content\/uploads\/sites\/32\/2025\/04\/visc_funss_jovens_alpino-6-1536x1024.jpg 1536w, https:\/\/jundiai.sp.gov.br\/noticias\/wp-content\/uploads\/sites\/32\/2025\/04\/visc_funss_jovens_alpino-6-450x300.jpg 450w, https:\/\/jundiai.sp.gov.br\/noticias\/wp-content\/uploads\/sites\/32\/2025\/04\/visc_funss_jovens_alpino-6.jpg 1900w\" sizes=\"auto, (max-width: 1280px) 100vw, 1280px\" \/><\/figure>\n\n\n\n<p>Essas iniciativas t\u00eam gerado resultados concretos. Dois adolescentes que participaram das oficinas promovidas pela DIPQP, por exemplo, foram contratados pela empresa Alpino. A oportunidade surgiu ap\u00f3s a conclus\u00e3o de um curso de inform\u00e1tica b\u00e1sica oferecido pela pr\u00f3pria empresa, em parceria com a UGADS. Os jovens foram identificados por meio de busca ativa no Cadastro \u00danico, uma das estrat\u00e9gias utilizadas para alcan\u00e7ar quem mais precisa.<\/p>\n\n\n\n<p>Elisabelly Cristinne, de 17 anos, v\u00ea o curso como uma oportunidade para realizar seus sonhos profissionais. Ela tem planos de atuar na \u00e1rea de Recursos Humanos, e acredita que a capacita\u00e7\u00e3o \u00e9 a porta de entrada para o mercado de trabalho. \u201c\u00c9 muita gratid\u00e3o. Eu gosto de aprender coisas novas. Meu objetivo \u00e9 ser contratada para o setor de RH ou administrativo\u201d, afirmou Elisabelly.<\/p>\n\n\n\n<p>A gestora da UGADS, Luciane Mosca, ressalta a import\u00e2ncia de preparar a juventude n\u00e3o apenas com t\u00e9cnicas, mas com confian\u00e7a e perspectiva de futuro. \u201cTrabalhamos com um olhar cuidadoso, acolhedor e estrat\u00e9gico. Investir na forma\u00e7\u00e3o dos nossos jovens \u00e9 garantir que eles tenham ferramentas para se destacar nos processos seletivos e construir trajet\u00f3rias profissionais s\u00f3lidas.\u201d<\/p>\n\n\n\n<p>Entre os parceiros dessa rede de apoio est\u00e3o institui\u00e7\u00f5es reconhecidas como Guardinha de Jundia\u00ed, ESPRO, CIEE, Rede Cidad\u00e3 e INDESC. Al\u00e9m das oficinas, essas entidades participam das a\u00e7\u00f5es de empregabilidade realizadas semanalmente nos Centros de Refer\u00eancia de Assist\u00eancia Social (CRAS), sempre \u00e0s ter\u00e7as-feiras, em rod\u00edzio pelas unidades da cidade. Nessas a\u00e7\u00f5es, adolescentes e jovens recebem orienta\u00e7\u00e3o, realizam cadastro e s\u00e3o encaminhados a processos seletivos para vagas de aprendizagem.<\/p>\n\n\n\n<p>Para os jovens, essas oportunidades representam muito mais que um primeiro emprego. Representam autonomia, autoestima e novas possibilidades. \u201cAntes do curso, eu n\u00e3o imaginava que poderia trabalhar numa empresa grande. Hoje eu sei que sou capaz\u201d, compartilhou um dos adolescentes contratados pela Alpino.<\/p>\n\n\n\n<p><strong>Compromisso com o futuro<\/strong><\/p>\n\n\n\n<p>Neste Dia do Jovem Aprendiz, Jundia\u00ed refor\u00e7a seu compromisso com a inclus\u00e3o produtiva e a forma\u00e7\u00e3o cidad\u00e3 da juventude. \u201cPreparar o jovem para o mundo do trabalho \u00e9 investir no futuro da cidade\u201d, conclui Edilaine.<\/p>\n\n\n\n<p><strong>Assessoria de Imprensa<\/strong><br><strong>Foto: PMJ<\/strong><\/p>\n","protected":false},"excerpt":{"rendered":"<p>No Dia do Jovem Aprendiz, comemorado em 24 de abril, a Prefeitura de Jundia\u00ed refor\u00e7a a import\u00e2ncia da qualifica\u00e7\u00e3o profissional como ferramenta essencial para a inser\u00e7\u00e3o de adolescentes e jovens no mercado de trabalho. A data celebra conquistas, mas tamb\u00e9m evidencia o compromisso da cidade com a constru\u00e7\u00e3o de oportunidades por meio de pol\u00edticas p\u00fablicas. [&hellip;]<\/p>\n","protected":false},"author":69,"featured_media":356794,"comment_status":"closed","ping_status":"0","sticky":false,"template":"","format":"standard","meta":{"footnotes":""},"categories":[2],"tags":[991,980,4971,4972,4471,4973,4637,2811],"ods":[],"class_list":["post-356793","post","type-post","status-publish","format-standard","has-post-thumbnail","hentry","category-noticias","tag-assessoria-de-politicas-para-a-juventude","tag-assistencia-e-desenvolvimento-social","tag-divisao-de-inclusao-produtiva-e-qualificacao-profissional","tag-empresa-alpino","tag-espro","tag-jovem-aprendiz","tag-mercado-de-trabalho","tag-unidade-de-gestao-de-assistencia-e-desenvolvimento-social"],"_links":{"self":[{"href":"https:\/\/jundiai.sp.gov.br\/noticias\/wp-json\/wp\/v2\/posts\/356793","targetHints":{"allow":["GET"]}}],"collection":[{"href":"https:\/\/jundiai.sp.gov.br\/noticias\/wp-json\/wp\/v2\/posts"}],"about":[{"href":"https:\/\/jundiai.sp.gov.br\/noticias\/wp-json\/wp\/v2\/types\/post"}],"author":[{"embeddable":true,"href":"https:\/\/jundiai.sp.gov.br\/noticias\/wp-json\/wp\/v2\/users\/69"}],"replies":[{"embeddable":true,"href":"https:\/\/jundiai.sp.gov.br\/noticias\/wp-json\/wp\/v2\/comments?post=356793"}],"version-history":[{"count":1,"href":"https:\/\/jundiai.sp.gov.br\/noticias\/wp-json\/wp\/v2\/posts\/356793\/revisions"}],"predecessor-version":[{"id":356799,"href":"https:\/\/jundiai.sp.gov.br\/noticias\/wp-json\/wp\/v2\/posts\/356793\/revisions\/356799"}],"wp:featuredmedia":[{"embeddable":true,"href":"https:\/\/jundiai.sp.gov.br\/noticias\/wp-json\/wp\/v2\/media\/356794"}],"wp:attachment":[{"href":"https:\/\/jundiai.sp.gov.br\/noticias\/wp-json\/wp\/v2\/media?parent=356793"}],"wp:term":[{"taxonomy":"category","embeddable":true,"href":"https:\/\/jundiai.sp.gov.br\/noticias\/wp-json\/wp\/v2\/categories?post=356793"},{"taxonomy":"post_tag","embeddable":true,"href":"https:\/\/jundiai.sp.gov.br\/noticias\/wp-json\/wp\/v2\/tags?post=356793"},{"taxonomy":"ods","embeddable":true,"href":"https:\/\/jundiai.sp.gov.br\/noticias\/wp-json\/wp\/v2\/ods?post=356793"}],"curies":[{"name":"wp","href":"https:\/\/api.w.org\/{rel}","templated":true}]}}