{"id":356804,"date":"2025-04-26T08:00:00","date_gmt":"2025-04-26T11:00:00","guid":{"rendered":"https:\/\/jundiai.sp.gov.br\/noticias\/?p=356804"},"modified":"2025-04-25T14:42:01","modified_gmt":"2025-04-25T17:42:01","slug":"jundiai-recebe-10a-edicao-da-feira-internacional-de-logistica-brasil-log-no-parque-da-uva","status":"publish","type":"post","link":"https:\/\/jundiai.sp.gov.br\/noticias\/2025\/04\/26\/jundiai-recebe-10a-edicao-da-feira-internacional-de-logistica-brasil-log-no-parque-da-uva\/","title":{"rendered":"Jundia\u00ed recebe 10\u00aa edi\u00e7\u00e3o da Feira Internacional de Log\u00edstica \u2013 Brasil LOG no Parque da Uva"},"content":{"rendered":"\n<p>Jundia\u00ed ser\u00e1, mais uma vez, palco de um dos principais eventos do setor log\u00edstico do pa\u00eds. A 10\u00aa edi\u00e7\u00e3o da Feira Internacional de Log\u00edstica \u2013 Brasil LOG acontecer\u00e1 entre os dias 21 e 23 de maio de 2025, no Parque Comendador Ant\u00f4nio Carbonari \u2013 o Parque da Uva. Com apoio institucional da Prefeitura de Jundia\u00ed. A feira que tem expectativa de atrair at\u00e9 7 mil visitantes de todo o Brasil e do exterior, \u00e9 uma importante vitrine de inova\u00e7\u00f5es, neg\u00f3cios e networking para profissionais da \u00e1rea log\u00edstica.<\/p>\n\n\n\n<figure class=\"wp-block-image size-large\"><img loading=\"lazy\" decoding=\"async\" width=\"1280\" height=\"853\" src=\"https:\/\/jundiai.sp.gov.br\/noticias\/wp-content\/uploads\/sites\/32\/2025\/04\/whatsapp-image-2025-04-24-at-11-39-59-1280x853.jpeg\" alt=\"\" class=\"wp-image-356806\" srcset=\"https:\/\/jundiai.sp.gov.br\/noticias\/wp-content\/uploads\/sites\/32\/2025\/04\/whatsapp-image-2025-04-24-at-11-39-59-1280x853.jpeg 1280w, https:\/\/jundiai.sp.gov.br\/noticias\/wp-content\/uploads\/sites\/32\/2025\/04\/whatsapp-image-2025-04-24-at-11-39-59-300x200.jpeg 300w, https:\/\/jundiai.sp.gov.br\/noticias\/wp-content\/uploads\/sites\/32\/2025\/04\/whatsapp-image-2025-04-24-at-11-39-59-768x512.jpeg 768w, https:\/\/jundiai.sp.gov.br\/noticias\/wp-content\/uploads\/sites\/32\/2025\/04\/whatsapp-image-2025-04-24-at-11-39-59-1536x1023.jpeg 1536w, https:\/\/jundiai.sp.gov.br\/noticias\/wp-content\/uploads\/sites\/32\/2025\/04\/whatsapp-image-2025-04-24-at-11-39-59-450x300.jpeg 450w, https:\/\/jundiai.sp.gov.br\/noticias\/wp-content\/uploads\/sites\/32\/2025\/04\/whatsapp-image-2025-04-24-at-11-39-59.jpeg 1600w\" sizes=\"auto, (max-width: 1280px) 100vw, 1280px\" \/><figcaption class=\"wp-element-caption\">A feira que tem expectativa de atrair at\u00e9 7 mil visitantes de todo o Brasil e do exterior<\/figcaption><\/figure>\n\n\n\n<p>A edi\u00e7\u00e3o de 2024 contou com a presen\u00e7a de mais de 5 mil visitantes, vindos de 263 cidades de 19 estados, movimentando os tr\u00eas pavilh\u00f5es do Parque da Uva e gerando aproximadamente R$ 12 milh\u00f5es em neg\u00f3cios. Neste ano, a expectativa dos organizadores \u00e9 ainda maior, com a presen\u00e7a de representantes de empresas de diferentes pa\u00edses, como Estados Unidos, Alemanha e China, e todos os modais log\u00edsticos representados: terrestre, a\u00e9reo, mar\u00edtimo, ferrovi\u00e1rio e hidrovi\u00e1rio.<\/p>\n\n\n\n<p>Para o prefeito de Jundia\u00ed, Gustavo Martinelli, sediar um evento dessa magnitude refor\u00e7a a voca\u00e7\u00e3o estrat\u00e9gica do munic\u00edpio no cen\u00e1rio log\u00edstico nacional. &#8220;Eventos como a Brasil LOG fortalecem a imagem de Jundia\u00ed como um polo log\u00edstico e de neg\u00f3cios, al\u00e9m de movimentar diversos setores da economia local&#8221;, destaca.<\/p>\n\n\n\n<p>A feira ocupar\u00e1 uma \u00e1rea total de 53 mil m\u00b2, distribu\u00eddos em tr\u00eas pavilh\u00f5es cobertos e uma ampla \u00e1rea externa. Est\u00e3o programadas atividades como rodadas de neg\u00f3cios, test drive de empilhadeiras e caminh\u00f5es, al\u00e9m de um ciclo de palestras com especialistas do mercado. Ao todo, mais de 80 expositores estar\u00e3o presentes, apresentando solu\u00e7\u00f5es inovadoras em armazenagem, distribui\u00e7\u00e3o, transporte e tecnologia.<\/p>\n\n\n\n<p>O p\u00fablico-alvo da feira \u00e9 altamente qualificado, incluindo executivos da ind\u00fastria, operadores log\u00edsticos, agentes de carga, despachantes aduaneiros, importadores e exportadores. A realiza\u00e7\u00e3o da Brasil LOG em Jundia\u00ed refor\u00e7a o papel da cidade como elo estrat\u00e9gico na cadeia log\u00edstica nacional e internacional.<\/p>\n\n\n\n<p>Mais informa\u00e7\u00f5es podem ser conferidas no site oficial do evento: <a class=\"\" href=\"https:\/\/feiradelogistica.com\/\">feiradelogistica.com<\/a><\/p>\n\n\n\n<p><strong>Assessoria de Imprensa<br>Fotos: Fot\u00f3grafos PMJ e Divulga\u00e7\u00e3o<\/strong><\/p>\n\n\n\n<p><\/p>\n","protected":false},"excerpt":{"rendered":"<p>Jundia\u00ed ser\u00e1, mais uma vez, palco de um dos principais eventos do setor log\u00edstico do pa\u00eds. A 10\u00aa edi\u00e7\u00e3o da Feira Internacional de Log\u00edstica \u2013 Brasil LOG acontecer\u00e1 entre os dias 21 e 23 de maio de 2025, no Parque Comendador Ant\u00f4nio Carbonari \u2013 o Parque da Uva. Com apoio institucional da Prefeitura de Jundia\u00ed. [&hellip;]<\/p>\n","protected":false},"author":69,"featured_media":356806,"comment_status":"closed","ping_status":"0","sticky":false,"template":"","format":"standard","meta":{"footnotes":""},"categories":[2],"tags":[4974,241,365,276],"ods":[],"class_list":["post-356804","post","type-post","status-publish","format-standard","has-post-thumbnail","hentry","category-noticias","tag-10a-edicao-da-feira-internacional-de-logistica","tag-brasil-log","tag-desenvolvimento-economico-ciencia-e-tecnologia","tag-parque-da-uva"],"_links":{"self":[{"href":"https:\/\/jundiai.sp.gov.br\/noticias\/wp-json\/wp\/v2\/posts\/356804","targetHints":{"allow":["GET"]}}],"collection":[{"href":"https:\/\/jundiai.sp.gov.br\/noticias\/wp-json\/wp\/v2\/posts"}],"about":[{"href":"https:\/\/jundiai.sp.gov.br\/noticias\/wp-json\/wp\/v2\/types\/post"}],"author":[{"embeddable":true,"href":"https:\/\/jundiai.sp.gov.br\/noticias\/wp-json\/wp\/v2\/users\/69"}],"replies":[{"embeddable":true,"href":"https:\/\/jundiai.sp.gov.br\/noticias\/wp-json\/wp\/v2\/comments?post=356804"}],"version-history":[{"count":2,"href":"https:\/\/jundiai.sp.gov.br\/noticias\/wp-json\/wp\/v2\/posts\/356804\/revisions"}],"predecessor-version":[{"id":356834,"href":"https:\/\/jundiai.sp.gov.br\/noticias\/wp-json\/wp\/v2\/posts\/356804\/revisions\/356834"}],"wp:featuredmedia":[{"embeddable":true,"href":"https:\/\/jundiai.sp.gov.br\/noticias\/wp-json\/wp\/v2\/media\/356806"}],"wp:attachment":[{"href":"https:\/\/jundiai.sp.gov.br\/noticias\/wp-json\/wp\/v2\/media?parent=356804"}],"wp:term":[{"taxonomy":"category","embeddable":true,"href":"https:\/\/jundiai.sp.gov.br\/noticias\/wp-json\/wp\/v2\/categories?post=356804"},{"taxonomy":"post_tag","embeddable":true,"href":"https:\/\/jundiai.sp.gov.br\/noticias\/wp-json\/wp\/v2\/tags?post=356804"},{"taxonomy":"ods","embeddable":true,"href":"https:\/\/jundiai.sp.gov.br\/noticias\/wp-json\/wp\/v2\/ods?post=356804"}],"curies":[{"name":"wp","href":"https:\/\/api.w.org\/{rel}","templated":true}]}}