{"id":356933,"date":"2025-04-25T18:36:54","date_gmt":"2025-04-25T21:36:54","guid":{"rendered":"https:\/\/jundiai.sp.gov.br\/noticias\/?p=356933"},"modified":"2025-04-25T18:40:30","modified_gmt":"2025-04-25T21:40:30","slug":"no-primeiro-espetaculo-do-dia-cia-jovem-e-sp-companhia-de-danca-empolgam-o-publico-no-polytheama","status":"publish","type":"post","link":"https:\/\/jundiai.sp.gov.br\/noticias\/2025\/04\/25\/no-primeiro-espetaculo-do-dia-cia-jovem-e-sp-companhia-de-danca-empolgam-o-publico-no-polytheama\/","title":{"rendered":"No primeiro espet\u00e1culo do dia, Cia. Jovem e SP Companhia de Dan\u00e7a empolgam o p\u00fablico no Polytheama"},"content":{"rendered":"\n<p>No primeiro espet\u00e1culo na tarde desta sexta-feira (25), a Cia. Jovem de Dan\u00e7a e a S\u00e3o Paulo Companhia de Dan\u00e7a (SPCD) empolgaram o p\u00fablico no Teatro Polytheama. <a href=\"https:\/\/cultura.jundiai.sp.gov.br\/agenda-cultural\/espetaculo-noturno-com-a-cia-jovem-de-danca-de-jundiai-e-a-sao-paulo-companhia-de-danca\/\" target=\"_blank\" rel=\"noreferrer noopener\">Com mais uma apresenta\u00e7\u00e3o gratuita programada para a noite, a partir das 20h<\/a>, os grupos contaram no espet\u00e1culo vespertino, com o prest\u00edgio, na plateia, estudantes de escolas e academias de Dan\u00e7a da cidade, al\u00e9m de alunos da APAE Jundia\u00ed e do p\u00fablico em geral.<\/p>\n\n\n\n<p>Para o espet\u00e1culo, a Cia. Jovem, corpo art\u00edstico municipal ligado \u00e0 Unidade de Gest\u00e3o de Cultura (UGC), apresentou \u201cP.A.Q.U.I.T.A. \u2013 Passos Aleat\u00f3rios Que Um Impulso Te Apresenta\u201d. Uma das obras com as quais o grupo j\u00e1 recebeu nomea\u00e7\u00e3o na categoria \u201cCria\u00e7\u00e3o\u201d ao Pr\u00eamio da Associa\u00e7\u00e3o Paulista de Cr\u00edticos de Artes (APCA), a coreografia apresenta um experimento art\u00edstico que explora o impulso, a espontaneidade e a reinven\u00e7\u00e3o do bal\u00e9 cl\u00e1ssico \u201cPaquita\u201d.<\/p>\n\n\n\n<figure class=\"wp-block-image size-large\"><img loading=\"lazy\" decoding=\"async\" width=\"1280\" height=\"854\" src=\"https:\/\/jundiai.sp.gov.br\/noticias\/wp-content\/uploads\/sites\/32\/2025\/04\/espetaculo_cia_jovem_de_danca_paquita_e_spcd-13-1280x854.jpg\" alt=\"\" class=\"wp-image-356946\" srcset=\"https:\/\/jundiai.sp.gov.br\/noticias\/wp-content\/uploads\/sites\/32\/2025\/04\/espetaculo_cia_jovem_de_danca_paquita_e_spcd-13-1280x854.jpg 1280w, https:\/\/jundiai.sp.gov.br\/noticias\/wp-content\/uploads\/sites\/32\/2025\/04\/espetaculo_cia_jovem_de_danca_paquita_e_spcd-13-300x200.jpg 300w, https:\/\/jundiai.sp.gov.br\/noticias\/wp-content\/uploads\/sites\/32\/2025\/04\/espetaculo_cia_jovem_de_danca_paquita_e_spcd-13-768x512.jpg 768w, https:\/\/jundiai.sp.gov.br\/noticias\/wp-content\/uploads\/sites\/32\/2025\/04\/espetaculo_cia_jovem_de_danca_paquita_e_spcd-13-1536x1024.jpg 1536w, https:\/\/jundiai.sp.gov.br\/noticias\/wp-content\/uploads\/sites\/32\/2025\/04\/espetaculo_cia_jovem_de_danca_paquita_e_spcd-13-450x300.jpg 450w, https:\/\/jundiai.sp.gov.br\/noticias\/wp-content\/uploads\/sites\/32\/2025\/04\/espetaculo_cia_jovem_de_danca_paquita_e_spcd-13.jpg 1900w\" sizes=\"auto, (max-width: 1280px) 100vw, 1280px\" \/><figcaption class=\"wp-element-caption\">Coreografia apresentada pela Cia. Jovem foi uma das obras que renderam nomea\u00e7\u00e3o do grupo ao APCA <\/figcaption><\/figure>\n\n\n\n<p>J\u00e1 a SPCD apresentou \u201cAlvorada\u201d, de Yoshi Suzuki; \u201cA Morte do Cisne\u201d, de Lars Van Cauwenbergh; e \u201cCasa Flutuante\u201d, de Beatriz Hack. A SPCD tem dire\u00e7\u00e3o art\u00edstica de In\u00eas Bog\u00e9a.<\/p>\n\n\n\n<p>A Meire Catelane, de 19 anos, faz parte de uma escola de Dan\u00e7a da cidade e fez quest\u00e3o de prestigiar o espet\u00e1culo com as companhias. \u201cSempre que tem apresenta\u00e7\u00e3o da Cia. Jovem de Dan\u00e7a eu fa\u00e7o quest\u00e3o de vir. Como bailarina, \u00e9 sempre muito inspirador acompanhar o que eles v\u00eam desenvolvendo. Quero me tornar bailarina profissional e \u00e9 muito importante pegar refer\u00eancias assim. Ainda mais numa coreografia assim, t\u00e3o cheia de vida, agitada e din\u00e2mica. S\u00e3o, de fato, passos realmente aleat\u00f3rios\u201d, brinca a jovem bailarina, acompanhada de sua m\u00e3e Laudicea.<\/p>\n\n\n\n<p>Alex Soares, diretor art\u00edstico da companhia jundiaiense, falou da import\u00e2ncia das apresenta\u00e7\u00f5es. \u201cA Cia. Jovem de Dan\u00e7a foi retomada pela Prefeitura em dezembro de 2018, no anivers\u00e1rio da cidade, e na ocasi\u00e3o desta estreia contamos com a presen\u00e7a da SPCD aqui no Polythema. E desde ent\u00e3o, tem sido uma honra estarmos juntos e ajustar esta parceria. Para os nossos bailarinos, \u00e9 algo enriquecedor, pois, al\u00e9m de abrir a apresenta\u00e7\u00e3o, puderam ter a viv\u00eancia de ensaiar e fazer aulas juntos, pegando novas refer\u00eancias. E para mim, enquanto core\u00f3grafo, \u00e9 tamb\u00e9m motivo de dupla felicidade, j\u00e1 que no espet\u00e1culo da noite haver\u00e1 tamb\u00e9m a pr\u00e9-estreia da coreografia \u2018dos SANTOS\u2019, assinada por mim, e que ir\u00e1 ser apresentada em Jundia\u00ed antes mesmo de S\u00e3o Paulo\u201d, enfatizou Alex.<\/p>\n\n\n\n<figure class=\"wp-block-image size-large\"><img loading=\"lazy\" decoding=\"async\" width=\"1280\" height=\"854\" src=\"https:\/\/jundiai.sp.gov.br\/noticias\/wp-content\/uploads\/sites\/32\/2025\/04\/espetaculo_cia_jovem_de_danca_e_spcd-7-1280x854.jpg\" alt=\"\" class=\"wp-image-356951\" srcset=\"https:\/\/jundiai.sp.gov.br\/noticias\/wp-content\/uploads\/sites\/32\/2025\/04\/espetaculo_cia_jovem_de_danca_e_spcd-7-1280x854.jpg 1280w, https:\/\/jundiai.sp.gov.br\/noticias\/wp-content\/uploads\/sites\/32\/2025\/04\/espetaculo_cia_jovem_de_danca_e_spcd-7-300x200.jpg 300w, https:\/\/jundiai.sp.gov.br\/noticias\/wp-content\/uploads\/sites\/32\/2025\/04\/espetaculo_cia_jovem_de_danca_e_spcd-7-768x512.jpg 768w, https:\/\/jundiai.sp.gov.br\/noticias\/wp-content\/uploads\/sites\/32\/2025\/04\/espetaculo_cia_jovem_de_danca_e_spcd-7-1536x1024.jpg 1536w, https:\/\/jundiai.sp.gov.br\/noticias\/wp-content\/uploads\/sites\/32\/2025\/04\/espetaculo_cia_jovem_de_danca_e_spcd-7-450x300.jpg 450w, https:\/\/jundiai.sp.gov.br\/noticias\/wp-content\/uploads\/sites\/32\/2025\/04\/espetaculo_cia_jovem_de_danca_e_spcd-7.jpg 1900w\" sizes=\"auto, (max-width: 1280px) 100vw, 1280px\" \/><figcaption class=\"wp-element-caption\">Acompanhada da m\u00e3e Laudicea, Meire fez quest\u00e3o de, novamente, prestigiar as companhias de Dan\u00e7a no Polytheama <\/figcaption><\/figure>\n\n\n\n<p><strong>Mais espet\u00e1culo<\/strong><br>\u00c0s 20h, o Teatro Polytheama recebe mais um espet\u00e1culo da SPCD, novamente com a apresenta\u00e7\u00e3o de \u201cP.A.Q.U.I.T.A. \u2013 Passos Aleat\u00f3rios Que Um Impulso Te Apresenta\u201d na abertura. J\u00e1 o grupo paulistano reapresenta \u201cAlvorada\u201d ao p\u00fablico, al\u00e9m da pr\u00e9-estreia de \u201cdos SANTOS\u201d, primeira obra de Alex Soares para a companhia, e \u201cAtaraxia\u201d, de George C\u00e9spedes.<\/p>\n\n\n\n<p>Os ingressos gratuitos podem ser retirados na bilheteria do Teatro (rua Bar\u00e3o de Jundia\u00ed, 176 \u2013 Centro) ou <a href=\"https:\/\/bileto.sympla.com.br\/event\/105332\/d\/313964\/s\/2135800\" target=\"_blank\" rel=\"noreferrer noopener\">pela internet, por meio da plataforma Sympla<\/a>.<\/p>\n\n\n\n<p>As apresenta\u00e7\u00f5es da SPCD no Munic\u00edpio s\u00e3o viabilizadas pela Secretaria da Cultura, Economia e Ind\u00fastria Criativas do Governo do Estado de S\u00e3o Paulo e pela Lei de Incentivo \u00e0 Cultura \u2013 Lei Rouanet do Minist\u00e9rio da Cultura, com patroc\u00ednio do Ita\u00fa.<\/p>\n\n\n\n<figure class=\"wp-block-image size-large\"><img loading=\"lazy\" decoding=\"async\" width=\"1280\" height=\"854\" src=\"https:\/\/jundiai.sp.gov.br\/noticias\/wp-content\/uploads\/sites\/32\/2025\/04\/espetaculo_cia_jovem_de_danca_e_spcd-3-1280x854.jpg\" alt=\"\" class=\"wp-image-356952\" srcset=\"https:\/\/jundiai.sp.gov.br\/noticias\/wp-content\/uploads\/sites\/32\/2025\/04\/espetaculo_cia_jovem_de_danca_e_spcd-3-1280x854.jpg 1280w, https:\/\/jundiai.sp.gov.br\/noticias\/wp-content\/uploads\/sites\/32\/2025\/04\/espetaculo_cia_jovem_de_danca_e_spcd-3-300x200.jpg 300w, https:\/\/jundiai.sp.gov.br\/noticias\/wp-content\/uploads\/sites\/32\/2025\/04\/espetaculo_cia_jovem_de_danca_e_spcd-3-768x512.jpg 768w, https:\/\/jundiai.sp.gov.br\/noticias\/wp-content\/uploads\/sites\/32\/2025\/04\/espetaculo_cia_jovem_de_danca_e_spcd-3-1536x1024.jpg 1536w, https:\/\/jundiai.sp.gov.br\/noticias\/wp-content\/uploads\/sites\/32\/2025\/04\/espetaculo_cia_jovem_de_danca_e_spcd-3-450x300.jpg 450w, https:\/\/jundiai.sp.gov.br\/noticias\/wp-content\/uploads\/sites\/32\/2025\/04\/espetaculo_cia_jovem_de_danca_e_spcd-3.jpg 1900w\" sizes=\"auto, (max-width: 1280px) 100vw, 1280px\" \/><figcaption class=\"wp-element-caption\">Grupo paulistano reapresenta \u201cAlvorada\u201d na apresenta\u00e7\u00e3o da noite, al\u00e9m de \u201cAtaraxia\u201d e da pr\u00e9-estreia de \u201cdos SANTOS\u201d <\/figcaption><\/figure>\n\n\n\n<p><strong>Assessoria de Imprensa<br>Fotos: Fot\u00f3grafos PMJ <\/strong><\/p>\n","protected":false},"excerpt":{"rendered":"<p>No primeiro espet\u00e1culo na tarde desta sexta-feira (25), a Cia. Jovem de Dan\u00e7a e a S\u00e3o Paulo Companhia de Dan\u00e7a (SPCD) empolgaram o p\u00fablico no Teatro Polytheama. Com mais uma apresenta\u00e7\u00e3o gratuita programada para a noite, a partir das 20h, os grupos contaram no espet\u00e1culo vespertino, com o prest\u00edgio, na plateia, estudantes de escolas e [&hellip;]<\/p>\n","protected":false},"author":14,"featured_media":356945,"comment_status":"closed","ping_status":"0","sticky":false,"template":"","format":"standard","meta":{"footnotes":""},"categories":[4620,2],"tags":[1130,29,400,98],"ods":[],"class_list":["post-356933","post","type-post","status-publish","format-standard","has-post-thumbnail","hentry","category-destaques","category-noticias","tag-cia-jovem-de-danca","tag-cultura","tag-teatro","tag-teatro-polytheama"],"_links":{"self":[{"href":"https:\/\/jundiai.sp.gov.br\/noticias\/wp-json\/wp\/v2\/posts\/356933","targetHints":{"allow":["GET"]}}],"collection":[{"href":"https:\/\/jundiai.sp.gov.br\/noticias\/wp-json\/wp\/v2\/posts"}],"about":[{"href":"https:\/\/jundiai.sp.gov.br\/noticias\/wp-json\/wp\/v2\/types\/post"}],"author":[{"embeddable":true,"href":"https:\/\/jundiai.sp.gov.br\/noticias\/wp-json\/wp\/v2\/users\/14"}],"replies":[{"embeddable":true,"href":"https:\/\/jundiai.sp.gov.br\/noticias\/wp-json\/wp\/v2\/comments?post=356933"}],"version-history":[{"count":4,"href":"https:\/\/jundiai.sp.gov.br\/noticias\/wp-json\/wp\/v2\/posts\/356933\/revisions"}],"predecessor-version":[{"id":356954,"href":"https:\/\/jundiai.sp.gov.br\/noticias\/wp-json\/wp\/v2\/posts\/356933\/revisions\/356954"}],"wp:featuredmedia":[{"embeddable":true,"href":"https:\/\/jundiai.sp.gov.br\/noticias\/wp-json\/wp\/v2\/media\/356945"}],"wp:attachment":[{"href":"https:\/\/jundiai.sp.gov.br\/noticias\/wp-json\/wp\/v2\/media?parent=356933"}],"wp:term":[{"taxonomy":"category","embeddable":true,"href":"https:\/\/jundiai.sp.gov.br\/noticias\/wp-json\/wp\/v2\/categories?post=356933"},{"taxonomy":"post_tag","embeddable":true,"href":"https:\/\/jundiai.sp.gov.br\/noticias\/wp-json\/wp\/v2\/tags?post=356933"},{"taxonomy":"ods","embeddable":true,"href":"https:\/\/jundiai.sp.gov.br\/noticias\/wp-json\/wp\/v2\/ods?post=356933"}],"curies":[{"name":"wp","href":"https:\/\/api.w.org\/{rel}","templated":true}]}}