{"id":357526,"date":"2025-05-09T10:00:00","date_gmt":"2025-05-09T13:00:00","guid":{"rendered":"https:\/\/jundiai.sp.gov.br\/noticias\/?p=357526"},"modified":"2025-05-08T11:02:48","modified_gmt":"2025-05-08T14:02:48","slug":"desenvolvimento-economico-de-cabreuva-visita-espaco-jundiai-empreendedora-para-conhecer-boas-praticas","status":"publish","type":"post","link":"https:\/\/jundiai.sp.gov.br\/noticias\/2025\/05\/09\/desenvolvimento-economico-de-cabreuva-visita-espaco-jundiai-empreendedora-para-conhecer-boas-praticas\/","title":{"rendered":"Desenvolvimento Econ\u00f4mico de Cabre\u00fava visita Espa\u00e7o Jundia\u00ed Empreendedora para conhecer boas pr\u00e1ticas"},"content":{"rendered":"\n<p>Com o objetivo de conhecer as iniciativas de fomento ao Desenvolvimento Econ\u00f4mico promovidas em Jundia\u00ed, representantes da Secretaria de Desenvolvimento Econ\u00f4mico de Cabre\u00fava visitaram o Espa\u00e7o Jundia\u00ed Empreendedora, ligado \u00e0 Unidade de Gest\u00e3o de Desenvolvimento Econ\u00f4mico, Ci\u00eancia e Tecnologia.<\/p>\n\n\n\n<p><strong><a href=\"https:\/\/negocios.jundiai.sp.gov.br\/\" data-type=\"link\" data-id=\"https:\/\/negocios.jundiai.sp.gov.br\/\" target=\"_blank\" rel=\"noreferrer noopener\">CONHE\u00c7A AS A\u00c7\u00d5ES DA UGDECT<\/a><\/strong><\/p>\n\n\n\n<p>A comitiva foi recebida pelo gestor da UGDECT, Humberto Cereser, que apresentou as a\u00e7\u00f5es desenvolvidas. \u201cO Espa\u00e7o Jundia\u00ed Empreendedora tem sido essencial para estimular o ecossistema local de inova\u00e7\u00e3o e apoiar o empreendedor em todas as fases do seu desenvolvimento. Estamos criando oportunidades, promovendo capacita\u00e7\u00e3o e contribuindo ativamente para a gera\u00e7\u00e3o de emprego e renda na cidade\u201d, afirmou.<\/p>\n\n\n\n<figure class=\"wp-block-image size-large\"><img loading=\"lazy\" decoding=\"async\" width=\"1280\" height=\"960\" src=\"https:\/\/jundiai.sp.gov.br\/noticias\/wp-content\/uploads\/sites\/32\/2025\/05\/cabreuva-visita-jundiai-1280x960.jpeg\" alt=\"\" class=\"wp-image-357527\" srcset=\"https:\/\/jundiai.sp.gov.br\/noticias\/wp-content\/uploads\/sites\/32\/2025\/05\/cabreuva-visita-jundiai-1280x960.jpeg 1280w, https:\/\/jundiai.sp.gov.br\/noticias\/wp-content\/uploads\/sites\/32\/2025\/05\/cabreuva-visita-jundiai-300x225.jpeg 300w, https:\/\/jundiai.sp.gov.br\/noticias\/wp-content\/uploads\/sites\/32\/2025\/05\/cabreuva-visita-jundiai-768x576.jpeg 768w, https:\/\/jundiai.sp.gov.br\/noticias\/wp-content\/uploads\/sites\/32\/2025\/05\/cabreuva-visita-jundiai-1536x1152.jpeg 1536w, https:\/\/jundiai.sp.gov.br\/noticias\/wp-content\/uploads\/sites\/32\/2025\/05\/cabreuva-visita-jundiai.jpeg 1900w\" sizes=\"auto, (max-width: 1280px) 100vw, 1280px\" \/><figcaption class=\"wp-element-caption\">Servidoras da Prefeitura de Cabre\u00fava visitam o Espa\u00e7o Jundia\u00ed Empreendedora<\/figcaption><\/figure>\n\n\n\n<p>A secret\u00e1ria adjunta de Desenvolvimento Econ\u00f4mico de Cabre\u00fava, Karina Santi, elogiou o modelo adotado por Jundia\u00ed. \u201cO trabalho realizado aqui \u00e9 inspirador. A forma como Jundia\u00ed estrutura suas pol\u00edticas de apoio ao empreendedorismo e \u00e0 economia local mostra um compromisso real com o desenvolvimento das pessoas e dos territ\u00f3rios\u201d, declarou.<\/p>\n\n\n\n<p>A diretora de Com\u00e9rcio e Servi\u00e7os, Cida Gibrail, tamb\u00e9m participou do encontro, contribuindo com informa\u00e7\u00f5es pr\u00e1ticas e esclarecendo d\u00favidas das visitantes sobre o funcionamento dos servi\u00e7os do Banco do Povo e do Posto de Atendimento ao Trabalhador. \u201cEsses servi\u00e7os s\u00e3o fundamentais para oferecer cr\u00e9dito acess\u00edvel, facilitar a recoloca\u00e7\u00e3o no mercado de trabalho e garantir o suporte necess\u00e1rio a quem busca empreender ou se reinserir economicamente\u201d, destacou.<\/p>\n\n\n\n<p>Durante a visita, a gestora adjunta de Empreendedorismo de Jundia\u00ed, Bruna Lazarini, detalhou as principais a\u00e7\u00f5es desenvolvidas por seu eixo de atua\u00e7\u00e3o. Entre os programas apresentados, destacam-se a Feira do Empreendedor, Neg\u00f3cios e Servi\u00e7os de Jundia\u00ed (FENS), o Conecta Networking e o Performance Empreendedora. \u201cBuscamos oferecer ao empreendedor um ambiente de aprendizado, conex\u00e3o e crescimento. Nossas a\u00e7\u00f5es s\u00e3o pensadas para atender desde quem est\u00e1 come\u00e7ando at\u00e9 quem j\u00e1 possui um neg\u00f3cio consolidado e deseja expandir\u201d, explicou.<\/p>\n\n\n\n<p>Tamb\u00e9m participaram da reuni\u00e3o, representando a Prefeitura de Jundia\u00ed, o assessor da UGDECT, Mark Willian. Pela Prefeitura de Cabre\u00fava estiveram presentes as servidoras Monica (PAT), Amanda (Sebrae) e Luciana (Banco do Povo), que acompanharam as apresenta\u00e7\u00f5es.<\/p>\n\n\n\n<figure class=\"wp-block-image size-large\"><img loading=\"lazy\" decoding=\"async\" width=\"1280\" height=\"960\" src=\"https:\/\/jundiai.sp.gov.br\/noticias\/wp-content\/uploads\/sites\/32\/2025\/05\/cabreuva-visita-jundiai-1-1280x960.jpeg\" alt=\"\" class=\"wp-image-357529\" srcset=\"https:\/\/jundiai.sp.gov.br\/noticias\/wp-content\/uploads\/sites\/32\/2025\/05\/cabreuva-visita-jundiai-1-1280x960.jpeg 1280w, https:\/\/jundiai.sp.gov.br\/noticias\/wp-content\/uploads\/sites\/32\/2025\/05\/cabreuva-visita-jundiai-1-300x225.jpeg 300w, https:\/\/jundiai.sp.gov.br\/noticias\/wp-content\/uploads\/sites\/32\/2025\/05\/cabreuva-visita-jundiai-1-768x576.jpeg 768w, https:\/\/jundiai.sp.gov.br\/noticias\/wp-content\/uploads\/sites\/32\/2025\/05\/cabreuva-visita-jundiai-1-1536x1152.jpeg 1536w, https:\/\/jundiai.sp.gov.br\/noticias\/wp-content\/uploads\/sites\/32\/2025\/05\/cabreuva-visita-jundiai-1.jpeg 1900w\" sizes=\"auto, (max-width: 1280px) 100vw, 1280px\" \/><figcaption class=\"wp-element-caption\">Karina: &#8220;A forma como Jundia\u00ed estrutura suas pol\u00edticas de apoio ao empreendedorismo e \u00e0 economia local mostra um compromisso real com o desenvolvimento das pessoas e dos territ\u00f3rios&#8221;<\/figcaption><\/figure>\n\n\n\n<p><strong>Assessoria de Imprensa<br>Fotos: Fot\u00f3grafo PMJ<\/strong><\/p>\n","protected":false},"excerpt":{"rendered":"<p>Com o objetivo de conhecer as iniciativas de fomento ao Desenvolvimento Econ\u00f4mico promovidas em Jundia\u00ed, representantes da Secretaria de Desenvolvimento Econ\u00f4mico de Cabre\u00fava visitaram o Espa\u00e7o Jundia\u00ed Empreendedora, ligado \u00e0 Unidade de Gest\u00e3o de Desenvolvimento Econ\u00f4mico, Ci\u00eancia e Tecnologia. CONHE\u00c7A AS A\u00c7\u00d5ES DA UGDECT A comitiva foi recebida pelo gestor da UGDECT, Humberto Cereser, que [&hellip;]<\/p>\n","protected":false},"author":131,"featured_media":357530,"comment_status":"closed","ping_status":"0","sticky":false,"template":"","format":"standard","meta":{"footnotes":""},"categories":[2],"tags":[432,365,2394,3431,1462],"ods":[],"class_list":["post-357526","post","type-post","status-publish","format-standard","has-post-thumbnail","hentry","category-noticias","tag-banco-do-povo","tag-desenvolvimento-economico-ciencia-e-tecnologia","tag-empreendedorismo","tag-espaco-jundiai-empreendedora","tag-pat"],"_links":{"self":[{"href":"https:\/\/jundiai.sp.gov.br\/noticias\/wp-json\/wp\/v2\/posts\/357526","targetHints":{"allow":["GET"]}}],"collection":[{"href":"https:\/\/jundiai.sp.gov.br\/noticias\/wp-json\/wp\/v2\/posts"}],"about":[{"href":"https:\/\/jundiai.sp.gov.br\/noticias\/wp-json\/wp\/v2\/types\/post"}],"author":[{"embeddable":true,"href":"https:\/\/jundiai.sp.gov.br\/noticias\/wp-json\/wp\/v2\/users\/131"}],"replies":[{"embeddable":true,"href":"https:\/\/jundiai.sp.gov.br\/noticias\/wp-json\/wp\/v2\/comments?post=357526"}],"version-history":[{"count":3,"href":"https:\/\/jundiai.sp.gov.br\/noticias\/wp-json\/wp\/v2\/posts\/357526\/revisions"}],"predecessor-version":[{"id":357598,"href":"https:\/\/jundiai.sp.gov.br\/noticias\/wp-json\/wp\/v2\/posts\/357526\/revisions\/357598"}],"wp:featuredmedia":[{"embeddable":true,"href":"https:\/\/jundiai.sp.gov.br\/noticias\/wp-json\/wp\/v2\/media\/357530"}],"wp:attachment":[{"href":"https:\/\/jundiai.sp.gov.br\/noticias\/wp-json\/wp\/v2\/media?parent=357526"}],"wp:term":[{"taxonomy":"category","embeddable":true,"href":"https:\/\/jundiai.sp.gov.br\/noticias\/wp-json\/wp\/v2\/categories?post=357526"},{"taxonomy":"post_tag","embeddable":true,"href":"https:\/\/jundiai.sp.gov.br\/noticias\/wp-json\/wp\/v2\/tags?post=357526"},{"taxonomy":"ods","embeddable":true,"href":"https:\/\/jundiai.sp.gov.br\/noticias\/wp-json\/wp\/v2\/ods?post=357526"}],"curies":[{"name":"wp","href":"https:\/\/api.w.org\/{rel}","templated":true}]}}