{"id":357602,"date":"2025-05-10T09:15:00","date_gmt":"2025-05-10T12:15:00","guid":{"rendered":"https:\/\/jundiai.sp.gov.br\/noticias\/?p=357602"},"modified":"2025-05-08T10:53:17","modified_gmt":"2025-05-08T13:53:17","slug":"prefeitura-de-jundiai-mantem-atendimento-da-campanha-aquecendo-vidas-com-reducao-de-63-nos-custos-em-2025","status":"publish","type":"post","link":"https:\/\/jundiai.sp.gov.br\/noticias\/2025\/05\/10\/prefeitura-de-jundiai-mantem-atendimento-da-campanha-aquecendo-vidas-com-reducao-de-63-nos-custos-em-2025\/","title":{"rendered":"Prefeitura de Jundia\u00ed mant\u00e9m atendimento da Campanha &#8216;Aquecendo Vidas&#8217; com redu\u00e7\u00e3o de 63% nos custos em 2025"},"content":{"rendered":"\n<p>A Prefeitura de Jundia\u00ed alcan\u00e7ou uma redu\u00e7\u00e3o de 63% nos gastos com a Campanha \u201cAquecendo Vidas\u201d em 2025, em compara\u00e7\u00e3o com o ano anterior. A economia foi poss\u00edvel gra\u00e7as a um processo criterioso de triagem e cadastro de crian\u00e7as de 0 a 12 anos assistidas por entidades sociais da cidade, totalizando quatro mil crian\u00e7as que receber\u00e3o agasalhos novos neste inverno.<\/p>\n\n\n\n<figure class=\"wp-block-image size-large\"><img loading=\"lazy\" decoding=\"async\" width=\"1280\" height=\"854\" src=\"https:\/\/jundiai.sp.gov.br\/noticias\/wp-content\/uploads\/sites\/32\/2025\/05\/lancamento_campanha_de_inverno-22-1280x854.jpg\" alt=\"\" class=\"wp-image-357603\" srcset=\"https:\/\/jundiai.sp.gov.br\/noticias\/wp-content\/uploads\/sites\/32\/2025\/05\/lancamento_campanha_de_inverno-22-1280x854.jpg 1280w, https:\/\/jundiai.sp.gov.br\/noticias\/wp-content\/uploads\/sites\/32\/2025\/05\/lancamento_campanha_de_inverno-22-300x200.jpg 300w, https:\/\/jundiai.sp.gov.br\/noticias\/wp-content\/uploads\/sites\/32\/2025\/05\/lancamento_campanha_de_inverno-22-768x512.jpg 768w, https:\/\/jundiai.sp.gov.br\/noticias\/wp-content\/uploads\/sites\/32\/2025\/05\/lancamento_campanha_de_inverno-22-1536x1024.jpg 1536w, https:\/\/jundiai.sp.gov.br\/noticias\/wp-content\/uploads\/sites\/32\/2025\/05\/lancamento_campanha_de_inverno-22-450x300.jpg 450w, https:\/\/jundiai.sp.gov.br\/noticias\/wp-content\/uploads\/sites\/32\/2025\/05\/lancamento_campanha_de_inverno-22.jpg 1900w\" sizes=\"auto, (max-width: 1280px) 100vw, 1280px\" \/><figcaption class=\"wp-element-caption\"><em>Campanha promovida pelo Funss vai atender crian\u00e7as de 0 a 12 anos<\/em><\/figcaption><\/figure>\n\n\n\n<p>A campanha, promovida anualmente pelo Fundo Social de Solidariedade (Funss), tem duas frentes de atua\u00e7\u00e3o: a arrecada\u00e7\u00e3o de doa\u00e7\u00f5es feitas pela popula\u00e7\u00e3o e a aquisi\u00e7\u00e3o de agasalhos novos com recursos da administra\u00e7\u00e3o municipal. Neste ano, mesmo com a expressiva redu\u00e7\u00e3o de custos, a meta de atendimento foi mantida gra\u00e7as ao trabalho conjunto entre o poder p\u00fablico, institui\u00e7\u00f5es sociais, igrejas e lideran\u00e7as comunit\u00e1rias.<\/p>\n\n\n\n<p>\u201cA solidariedade \u00e9 um sentimento que aquece, n\u00e3o s\u00f3 o corpo, mas o cora\u00e7\u00e3o. Neste momento em que as temperaturas come\u00e7am a cair, \u00e9 fundamental garantir que nossas crian\u00e7as estejam protegidas. E o mais bonito \u00e9 ver a mobiliza\u00e7\u00e3o da sociedade, com tantas pessoas ajudando, doando e se envolvendo\u201d, destacou a presidente do Funss, Ellen Camila Martinelli.<\/p>\n\n\n\n<p>Todos os agasalhos adquiridos pela Prefeitura ser\u00e3o entregues \u00e0s entidades, igrejas e l\u00edderes comunit\u00e1rios que participaram da campanha por meio de um cadastro pr\u00e9vio. Dessa forma, \u00e9 poss\u00edvel garantir que cada pe\u00e7a chegue a quem realmente precisa.<\/p>\n\n\n\n<p>Al\u00e9m da compra de roupas, a popula\u00e7\u00e3o tamb\u00e9m pode colaborar com doa\u00e7\u00f5es espont\u00e2neas. O ponto fixo de arrecada\u00e7\u00e3o est\u00e1 localizado na sede do Fundo Social (Avenida Dona Manoela Lacerda de Vergueiro, s\/n, port\u00e3o 3 \u2013 Anhangaba\u00fa), e outros pontos de coleta foram distribu\u00eddos em locais estrat\u00e9gicos pela cidade, como prefeitura, supermercados, empreendimentos comerciais e residenciais.<\/p>\n\n\n\n<p>O prefeito Gustavo Martinelli ressaltou a import\u00e2ncia da boa gest\u00e3o dos recursos p\u00fablicos: \u201cNosso compromisso \u00e9 com um governo humanizado, que cuida das pessoas e aplica os recursos com responsabilidade. Reduzimos os custos da campanha, mas mantivemos o atendimento a todas as crian\u00e7as que precisam. Isso mostra que \u00e9 poss\u00edvel economizar e, ao mesmo tempo, garantir dignidade para a popula\u00e7\u00e3o.\u201d<\/p>\n\n\n\n<p>A Campanha \u201cAquecendo Vidas\u201d segue at\u00e9 o fim do inverno, com expectativa de mobilizar ainda mais moradores na corrente de solidariedade que aquece Jundia\u00ed a cada ano.<\/p>\n\n\n\n<p><strong>Assessoria de Imprensa<\/strong><br><strong>Foto: Fot\u00f3grafo PMJ<\/strong><\/p>\n","protected":false},"excerpt":{"rendered":"<p>A Prefeitura de Jundia\u00ed alcan\u00e7ou uma redu\u00e7\u00e3o de 63% nos gastos com a Campanha \u201cAquecendo Vidas\u201d em 2025, em compara\u00e7\u00e3o com o ano anterior. A economia foi poss\u00edvel gra\u00e7as a um processo criterioso de triagem e cadastro de crian\u00e7as de 0 a 12 anos assistidas por entidades sociais da cidade, totalizando quatro mil crian\u00e7as que [&hellip;]<\/p>\n","protected":false},"author":126,"featured_media":357603,"comment_status":"closed","ping_status":"0","sticky":false,"template":"","format":"standard","meta":{"footnotes":""},"categories":[4620,2],"tags":[4969,4968,416],"ods":[],"class_list":["post-357602","post","type-post","status-publish","format-standard","has-post-thumbnail","hentry","category-destaques","category-noticias","tag-aquecendo-vidas","tag-campanha-de-inverno-2025","tag-fundo-social-de-solidariedade-funss"],"_links":{"self":[{"href":"https:\/\/jundiai.sp.gov.br\/noticias\/wp-json\/wp\/v2\/posts\/357602","targetHints":{"allow":["GET"]}}],"collection":[{"href":"https:\/\/jundiai.sp.gov.br\/noticias\/wp-json\/wp\/v2\/posts"}],"about":[{"href":"https:\/\/jundiai.sp.gov.br\/noticias\/wp-json\/wp\/v2\/types\/post"}],"author":[{"embeddable":true,"href":"https:\/\/jundiai.sp.gov.br\/noticias\/wp-json\/wp\/v2\/users\/126"}],"replies":[{"embeddable":true,"href":"https:\/\/jundiai.sp.gov.br\/noticias\/wp-json\/wp\/v2\/comments?post=357602"}],"version-history":[{"count":2,"href":"https:\/\/jundiai.sp.gov.br\/noticias\/wp-json\/wp\/v2\/posts\/357602\/revisions"}],"predecessor-version":[{"id":357628,"href":"https:\/\/jundiai.sp.gov.br\/noticias\/wp-json\/wp\/v2\/posts\/357602\/revisions\/357628"}],"wp:featuredmedia":[{"embeddable":true,"href":"https:\/\/jundiai.sp.gov.br\/noticias\/wp-json\/wp\/v2\/media\/357603"}],"wp:attachment":[{"href":"https:\/\/jundiai.sp.gov.br\/noticias\/wp-json\/wp\/v2\/media?parent=357602"}],"wp:term":[{"taxonomy":"category","embeddable":true,"href":"https:\/\/jundiai.sp.gov.br\/noticias\/wp-json\/wp\/v2\/categories?post=357602"},{"taxonomy":"post_tag","embeddable":true,"href":"https:\/\/jundiai.sp.gov.br\/noticias\/wp-json\/wp\/v2\/tags?post=357602"},{"taxonomy":"ods","embeddable":true,"href":"https:\/\/jundiai.sp.gov.br\/noticias\/wp-json\/wp\/v2\/ods?post=357602"}],"curies":[{"name":"wp","href":"https:\/\/api.w.org\/{rel}","templated":true}]}}