{"id":357631,"date":"2025-05-08T11:01:00","date_gmt":"2025-05-08T14:01:00","guid":{"rendered":"https:\/\/jundiai.sp.gov.br\/noticias\/?p=357631"},"modified":"2025-05-07T17:05:33","modified_gmt":"2025-05-07T20:05:33","slug":"conecta-networking-reune-empreendedores-e-fortalece-lacos-de-parceria-e-inovacao","status":"publish","type":"post","link":"https:\/\/jundiai.sp.gov.br\/noticias\/2025\/05\/08\/conecta-networking-reune-empreendedores-e-fortalece-lacos-de-parceria-e-inovacao\/","title":{"rendered":"Conecta Networking re\u00fane empreendedores e fortalece la\u00e7os de parceria e inova\u00e7\u00e3o"},"content":{"rendered":"\n<p>Empreendedores se reuniram na manh\u00e3 desta quarta (7) para mais uma edi\u00e7\u00e3o do Conecta Networking, realizado no Espa\u00e7o Jundia\u00ed Empreendedora. O encontro contou com a participa\u00e7\u00e3o de mais de 35 empres\u00e1rios e profissionais de diferentes \u00e1reas, fortalecendo o ecossistema local de neg\u00f3cios por meio da troca de experi\u00eancias, conex\u00f5es estrat\u00e9gicas e colabora\u00e7\u00e3o.<\/p>\n\n\n\n<p><strong><a href=\"https:\/\/docs.google.com\/forms\/d\/16gtDnYnNBuX6qOakOV4QpywDbqQ3wjmYTPeU4ryrP34\/viewform?edit_requested=true#settings\" data-type=\"link\" data-id=\"https:\/\/docs.google.com\/forms\/d\/16gtDnYnNBuX6qOakOV4QpywDbqQ3wjmYTPeU4ryrP34\/viewform?edit_requested=true#settings\">CLIQUE AQUI PARA SE INSCREVER<\/a><\/strong><\/p>\n\n\n\n<figure class=\"wp-block-image size-large\"><img loading=\"lazy\" decoding=\"async\" width=\"1280\" height=\"960\" src=\"https:\/\/jundiai.sp.gov.br\/noticias\/wp-content\/uploads\/sites\/32\/2025\/05\/c-networking_alex-1280x960.jpeg\" alt=\"\" class=\"wp-image-357662\" srcset=\"https:\/\/jundiai.sp.gov.br\/noticias\/wp-content\/uploads\/sites\/32\/2025\/05\/c-networking_alex-1280x960.jpeg 1280w, https:\/\/jundiai.sp.gov.br\/noticias\/wp-content\/uploads\/sites\/32\/2025\/05\/c-networking_alex-300x225.jpeg 300w, https:\/\/jundiai.sp.gov.br\/noticias\/wp-content\/uploads\/sites\/32\/2025\/05\/c-networking_alex-768x576.jpeg 768w, https:\/\/jundiai.sp.gov.br\/noticias\/wp-content\/uploads\/sites\/32\/2025\/05\/c-networking_alex-1536x1152.jpeg 1536w, https:\/\/jundiai.sp.gov.br\/noticias\/wp-content\/uploads\/sites\/32\/2025\/05\/c-networking_alex.jpeg 1900w\" sizes=\"auto, (max-width: 1280px) 100vw, 1280px\" \/><\/figure>\n\n\n\n<p>Durante o evento, profissionais de diferentes setores puderam apresentar seus trabalhos, compartilhar aprendizados e ampliar suas redes de relacionamento. Para Alex Basso, hipnoterapeuta e programador neuro lingu\u00edstico, o Conecta Networking vai al\u00e9m dos neg\u00f3cios: \u201cFalar sobre humaniza\u00e7\u00e3o \u00e9 essencial, e o Conecta tamb\u00e9m \u00e9 isso. Ele tem um papel importante na minha empresa porque me ajuda a construir conex\u00f5es reais com outros empreendedores\u201d.<\/p>\n\n\n\n<p>A gestora adjunta de Empreendedorismo, Bruna Lazarini, destacou o papel estrat\u00e9gico do Espa\u00e7o Jundia\u00ed Empreendedora nas a\u00e7\u00f5es voltadas ao desenvolvimento econ\u00f4mico local. \u201cO eixo de empreendedorismo oferece diversas oportunidades para quem quer crescer e se consolidar no mercado. O Conecta \u00e9 uma dessas iniciativas, promovendo visibilidade, capacita\u00e7\u00e3o e conex\u00f5es que geram resultados concretos para a cidade\u201d.<\/p>\n\n\n\n<p>Mariana Tawk, representante da empresa CasaTawk, juntamente com seu s\u00f3cio, ZIad Tawk, refor\u00e7ou o valor humano e colaborativo do evento. \u201cO Conecta Networking n\u00e3o conecta apenas pessoas, conecta parceiros pra vida. S\u00e3o la\u00e7os que v\u00e3o al\u00e9m do profissional e que impactam diretamente no crescimento sustent\u00e1vel dos neg\u00f3cios\u201d.<\/p>\n\n\n\n<p>Para mais informa\u00e7\u00f5es, \u00e9 poss\u00edvel tamb\u00e9m ir ao Espa\u00e7o Jundia\u00ed Empreendedora, localizado no Maxi Shopping (Piso G3 \u2013 ala oeste) ou pelo WhatsApp \u2013 (11) 4582-7292.<\/p>\n\n\n\n<figure class=\"wp-block-image size-large\"><img loading=\"lazy\" decoding=\"async\" width=\"1597\" height=\"1197\" src=\"https:\/\/jundiai.sp.gov.br\/noticias\/wp-content\/uploads\/sites\/32\/2025\/05\/conecta-networking-1-edited.jpeg\" alt=\"\" class=\"wp-image-357665\" srcset=\"https:\/\/jundiai.sp.gov.br\/noticias\/wp-content\/uploads\/sites\/32\/2025\/05\/conecta-networking-1-edited.jpeg 1597w, https:\/\/jundiai.sp.gov.br\/noticias\/wp-content\/uploads\/sites\/32\/2025\/05\/conecta-networking-1-edited-300x225.jpeg 300w, https:\/\/jundiai.sp.gov.br\/noticias\/wp-content\/uploads\/sites\/32\/2025\/05\/conecta-networking-1-edited-1280x960.jpeg 1280w, https:\/\/jundiai.sp.gov.br\/noticias\/wp-content\/uploads\/sites\/32\/2025\/05\/conecta-networking-1-edited-768x576.jpeg 768w, https:\/\/jundiai.sp.gov.br\/noticias\/wp-content\/uploads\/sites\/32\/2025\/05\/conecta-networking-1-edited-1536x1151.jpeg 1536w\" sizes=\"auto, (max-width: 1597px) 100vw, 1597px\" \/><\/figure>\n\n\n\n<p><\/p>\n\n\n\n<p><strong>Assessoria de Imprensa<br>Fotos: Fot\u00f3grafos PMJ<\/strong><\/p>\n\n\n\n<p><\/p>\n","protected":false},"excerpt":{"rendered":"<p>Empreendedores se reuniram na manh\u00e3 desta quarta (7) para mais uma edi\u00e7\u00e3o do Conecta Networking, realizado no Espa\u00e7o Jundia\u00ed Empreendedora. O encontro contou com a participa\u00e7\u00e3o de mais de 35 empres\u00e1rios e profissionais de diferentes \u00e1reas, fortalecendo o ecossistema local de neg\u00f3cios por meio da troca de experi\u00eancias, conex\u00f5es estrat\u00e9gicas e colabora\u00e7\u00e3o. CLIQUE AQUI PARA [&hellip;]<\/p>\n","protected":false},"author":131,"featured_media":357665,"comment_status":"closed","ping_status":"0","sticky":false,"template":"","format":"standard","meta":{"footnotes":""},"categories":[2],"tags":[4824,365,2394],"ods":[],"class_list":["post-357631","post","type-post","status-publish","format-standard","has-post-thumbnail","hentry","category-noticias","tag-conecta-networking","tag-desenvolvimento-economico-ciencia-e-tecnologia","tag-empreendedorismo"],"_links":{"self":[{"href":"https:\/\/jundiai.sp.gov.br\/noticias\/wp-json\/wp\/v2\/posts\/357631","targetHints":{"allow":["GET"]}}],"collection":[{"href":"https:\/\/jundiai.sp.gov.br\/noticias\/wp-json\/wp\/v2\/posts"}],"about":[{"href":"https:\/\/jundiai.sp.gov.br\/noticias\/wp-json\/wp\/v2\/types\/post"}],"author":[{"embeddable":true,"href":"https:\/\/jundiai.sp.gov.br\/noticias\/wp-json\/wp\/v2\/users\/131"}],"replies":[{"embeddable":true,"href":"https:\/\/jundiai.sp.gov.br\/noticias\/wp-json\/wp\/v2\/comments?post=357631"}],"version-history":[{"count":3,"href":"https:\/\/jundiai.sp.gov.br\/noticias\/wp-json\/wp\/v2\/posts\/357631\/revisions"}],"predecessor-version":[{"id":357678,"href":"https:\/\/jundiai.sp.gov.br\/noticias\/wp-json\/wp\/v2\/posts\/357631\/revisions\/357678"}],"wp:featuredmedia":[{"embeddable":true,"href":"https:\/\/jundiai.sp.gov.br\/noticias\/wp-json\/wp\/v2\/media\/357665"}],"wp:attachment":[{"href":"https:\/\/jundiai.sp.gov.br\/noticias\/wp-json\/wp\/v2\/media?parent=357631"}],"wp:term":[{"taxonomy":"category","embeddable":true,"href":"https:\/\/jundiai.sp.gov.br\/noticias\/wp-json\/wp\/v2\/categories?post=357631"},{"taxonomy":"post_tag","embeddable":true,"href":"https:\/\/jundiai.sp.gov.br\/noticias\/wp-json\/wp\/v2\/tags?post=357631"},{"taxonomy":"ods","embeddable":true,"href":"https:\/\/jundiai.sp.gov.br\/noticias\/wp-json\/wp\/v2\/ods?post=357631"}],"curies":[{"name":"wp","href":"https:\/\/api.w.org\/{rel}","templated":true}]}}