{"id":357709,"date":"2025-05-09T13:00:00","date_gmt":"2025-05-09T16:00:00","guid":{"rendered":"https:\/\/jundiai.sp.gov.br\/noticias\/?p=357709"},"modified":"2025-05-09T17:33:48","modified_gmt":"2025-05-09T20:33:48","slug":"novas-exposicoes-trazem-os-contemplados-do-edital-da-expoartes-e-das-oficinas-promovidas-pela-cultura","status":"publish","type":"post","link":"https:\/\/jundiai.sp.gov.br\/noticias\/2025\/05\/09\/novas-exposicoes-trazem-os-contemplados-do-edital-da-expoartes-e-das-oficinas-promovidas-pela-cultura\/","title":{"rendered":"Novas exposi\u00e7\u00f5es trazem os contemplados do edital da ExpoArtes e das oficinas promovidas pela Cultura"},"content":{"rendered":"\n<p>Nas pr\u00f3ximas semanas, est\u00e3o previstas as aberturas de novas exposi\u00e7\u00f5es nos equipamentos municipais ligados \u00e0 Unidade de Gest\u00e3o de Cultura (UGC). As novas mostras t\u00eam entrada gratuita e classifica\u00e7\u00e3o livre, e trazem os trabalhos de artistas contemplados pelo edital da quinta ExpoArtes e de oficinas gratuitas, ambas iniciativas promovidas pela UGC.<\/p>\n\n\n\n<p>Pela ExpoArtes, as novas exposi\u00e7\u00f5es previstas s\u00e3o \u201cEntre la Luz y la Sombra\u201d, de Santiago Panichelli, na Pinacoteca Municipal Di\u00f3genes Duarte Paes, e \u201cEntre o Ser e o Esquecer\u201d, de Alessandra Haro, na Galeria de Exposi\u00e7\u00f5es Olga de Brito do Centro das Artes Prefeito Pedro F\u00e1varo.<\/p>\n\n\n\n<p>\u201cEntre la Luz y la Sombra\u201d estreia na Pinacoteca Municipal neste s\u00e1bado (10), \u00e0s 10h, e traz seis trabalhos desenvolvidos pelo artista em Buenos Aires com reflex\u00f5es sobre o significado da morte e realizadas com as t\u00e9cnicas de \u00f3leo ou acr\u00edlico sobre tela.<\/p>\n\n\n\n<p>Os visitantes t\u00eam at\u00e9 o dia 01 de junho para conferir. A Pinacoteca Municipal fica na rua Bar\u00e3o de Jundia\u00ed, 109 \u2013 Centro, e fica aberta de ter\u00e7a-feira a sexta-feira, das 10h \u00e0s 17h, e aos s\u00e1bados, das 10h \u00e0s 14h.<\/p>\n\n\n\n<figure class=\"wp-block-gallery has-nested-images columns-default is-cropped wp-block-gallery-1 is-layout-flex wp-block-gallery-is-layout-flex\">\n<figure class=\"wp-block-image size-large\"><img decoding=\"async\" data-id=\"67592\" src=\"https:\/\/cultura.jundiai.sp.gov.br\/wp-content\/uploads\/2025\/04\/Entre-la-Luz-y-la-Sombra.jpg\" alt=\"\" class=\"wp-image-67592\"\/><\/figure>\n\n\n\n<figure class=\"wp-block-image size-large\"><img decoding=\"async\" data-id=\"67593\" src=\"https:\/\/cultura.jundiai.sp.gov.br\/wp-content\/uploads\/2025\/04\/2.jpg\" alt=\"\" class=\"wp-image-67593\"\/><\/figure>\n\n\n\n<figure class=\"wp-block-image size-large\"><img decoding=\"async\" data-id=\"67594\" src=\"https:\/\/cultura.jundiai.sp.gov.br\/wp-content\/uploads\/2025\/04\/3.jpg\" alt=\"\" class=\"wp-image-67594\"\/><\/figure>\n<figcaption class=\"blocks-gallery-caption wp-element-caption\">\u201cEntre la Luz y la Sombra\u201d, na Pinacoteca, traz obras com reflex\u00f5es do artista sobre o significado da morte <\/figcaption><\/figure>\n\n\n\n<p>J\u00e1 \u201cEntre o Ser e o Esquecer\u201d tem sua abertura na Galeria de Exposi\u00e7\u00f5es Olga de Brito no s\u00e1bado (17), \u00e0s 17h, e poder\u00e1 ser visitada at\u00e9 o dia 14 de junho. A exposi\u00e7\u00e3o \u00e9 uma travessia por ru\u00ednas \u00edntimas e mem\u00f3rias esquecidas, a partir de imagens que revelam a tens\u00e3o entre presen\u00e7a e aus\u00eancia, uma imers\u00e3o po\u00e9tica no abandono e nas hist\u00f3rias suspensas no tempo pelo sil\u00eancio e pelos vest\u00edgios do cotidiano. Uma verdadeira c\u00e1psula do tempo em que o existir sussurra o seu vazio, segundo Alessandra.<\/p>\n\n\n\n<p>O Centro das Artes fica na rua Bar\u00e3o de Jundia\u00ed, 1093 \u2013 Centro, e fica aberta ao p\u00fablico de ter\u00e7a a sexta-feira, das 9h \u00e0s 18h, e aos s\u00e1bados das 9h \u00e0s 14h, estendendo seu hor\u00e1rio de funcionamento nos per\u00edodos noturnos e aos finais de semana acompanhando a agenda de espet\u00e1culos no local.<\/p>\n\n\n\n<figure class=\"wp-block-gallery has-nested-images columns-default is-cropped wp-block-gallery-2 is-layout-flex wp-block-gallery-is-layout-flex\">\n<figure class=\"wp-block-image size-large\"><img decoding=\"async\" data-id=\"67734\" src=\"https:\/\/cultura.jundiai.sp.gov.br\/wp-content\/uploads\/2025\/05\/Exposic\u0327a\u0303o-ENTRE-O-SER-E-O-ESQUECER_Alessandra-Haro_1-1200x858.png\" alt=\"\" class=\"wp-image-67734\"\/><\/figure>\n\n\n\n<figure class=\"wp-block-image size-large\"><img decoding=\"async\" data-id=\"67735\" src=\"https:\/\/cultura.jundiai.sp.gov.br\/wp-content\/uploads\/2025\/05\/Exposic\u0327a\u0303o-ENTRE-O-SER-E-O-ESQUECER_Alessandra-Haro_2-1200x858.png\" alt=\"\" class=\"wp-image-67735\"\/><\/figure>\n<figcaption class=\"blocks-gallery-caption wp-element-caption\">J\u00e1 \u201cEntre o Ser e o Esquecer\u201d traz a tens\u00e3o entre presen\u00e7a e aus\u00eancia, uma imers\u00e3o po\u00e9tica no abandono e nas hist\u00f3rias suspensas pelo sil\u00eancio<\/figcaption><\/figure>\n\n\n\n<p><strong>Mais exposi\u00e7\u00f5es<\/strong><br>J\u00e1 nesta sexta-feira (09), a Biblioteca Municipal Professor Nelson Foot recebe a exposi\u00e7\u00e3o fotogr\u00e1fica \u201cOlhares atrav\u00e9s das lentes\u201d, que fica em cartaz no Espa\u00e7o de Exposi\u00e7\u00f5es S\u00f4nia Cintra at\u00e9 a quinta-feira (29).<\/p>\n\n\n\n<p>A exposi\u00e7\u00e3o traz as fotografias dos estudantes da oficina promovida pela Unidade de Gest\u00e3o de Cultura no ano passado, sob a media\u00e7\u00e3o de Grace Sanchez, demonstrando, na pr\u00e1tica, os olhares e t\u00e9cnicas diversas desenvolvidas a partir do ponto de interesse de cada um.<\/p>\n\n\n\n<p>A Biblioteca Municipal fica na avenida Dr. Cavalcanti, 396 \u2013 Complexo Argos, e fica aberta ao p\u00fablico de segunda a sexta-feira, das 9h \u00e0s 19h, e aos s\u00e1bados, das 10h \u00e0s 14h.<\/p>\n\n\n\n<p><strong>Assessoria de Imprensa<br>Fotos: Fot\u00f3grafos PMJ<\/strong><\/p>\n","protected":false},"excerpt":{"rendered":"<p>Nas pr\u00f3ximas semanas, est\u00e3o previstas as aberturas de novas exposi\u00e7\u00f5es nos equipamentos municipais ligados \u00e0 Unidade de Gest\u00e3o de Cultura (UGC). As novas mostras t\u00eam entrada gratuita e classifica\u00e7\u00e3o livre, e trazem os trabalhos de artistas contemplados pelo edital da quinta ExpoArtes e de oficinas gratuitas, ambas iniciativas promovidas pela UGC. Pela ExpoArtes, as novas [&hellip;]<\/p>\n","protected":false},"author":14,"featured_media":357712,"comment_status":"closed","ping_status":"0","sticky":false,"template":"","format":"standard","meta":{"footnotes":""},"categories":[4620,2],"tags":[505,718,29,2776,423,4376,370],"ods":[],"class_list":["post-357709","post","type-post","status-publish","format-standard","has-post-thumbnail","hentry","category-destaques","category-noticias","tag-biblioteca-municipal-professor-nelson-foot","tag-centro-das-artes-prefeito-pedro-favaro","tag-cultura","tag-expoartes","tag-exposicao","tag-galeria-de-exposicoes-olga-de-brito","tag-pinacoteca-municipal-diogenes-duarte-paes"],"_links":{"self":[{"href":"https:\/\/jundiai.sp.gov.br\/noticias\/wp-json\/wp\/v2\/posts\/357709","targetHints":{"allow":["GET"]}}],"collection":[{"href":"https:\/\/jundiai.sp.gov.br\/noticias\/wp-json\/wp\/v2\/posts"}],"about":[{"href":"https:\/\/jundiai.sp.gov.br\/noticias\/wp-json\/wp\/v2\/types\/post"}],"author":[{"embeddable":true,"href":"https:\/\/jundiai.sp.gov.br\/noticias\/wp-json\/wp\/v2\/users\/14"}],"replies":[{"embeddable":true,"href":"https:\/\/jundiai.sp.gov.br\/noticias\/wp-json\/wp\/v2\/comments?post=357709"}],"version-history":[{"count":3,"href":"https:\/\/jundiai.sp.gov.br\/noticias\/wp-json\/wp\/v2\/posts\/357709\/revisions"}],"predecessor-version":[{"id":357713,"href":"https:\/\/jundiai.sp.gov.br\/noticias\/wp-json\/wp\/v2\/posts\/357709\/revisions\/357713"}],"wp:featuredmedia":[{"embeddable":true,"href":"https:\/\/jundiai.sp.gov.br\/noticias\/wp-json\/wp\/v2\/media\/357712"}],"wp:attachment":[{"href":"https:\/\/jundiai.sp.gov.br\/noticias\/wp-json\/wp\/v2\/media?parent=357709"}],"wp:term":[{"taxonomy":"category","embeddable":true,"href":"https:\/\/jundiai.sp.gov.br\/noticias\/wp-json\/wp\/v2\/categories?post=357709"},{"taxonomy":"post_tag","embeddable":true,"href":"https:\/\/jundiai.sp.gov.br\/noticias\/wp-json\/wp\/v2\/tags?post=357709"},{"taxonomy":"ods","embeddable":true,"href":"https:\/\/jundiai.sp.gov.br\/noticias\/wp-json\/wp\/v2\/ods?post=357709"}],"curies":[{"name":"wp","href":"https:\/\/api.w.org\/{rel}","templated":true}]}}