{"id":358966,"date":"2025-05-28T09:02:00","date_gmt":"2025-05-28T12:02:00","guid":{"rendered":"https:\/\/jundiai.sp.gov.br\/noticias\/?p=358966"},"modified":"2025-05-27T18:07:23","modified_gmt":"2025-05-27T21:07:23","slug":"cia-jovem-de-danca-apresenta-pedro-e-o-lobo-na-fabrica-das-infancias-japy-neste-domingo-01","status":"publish","type":"post","link":"https:\/\/jundiai.sp.gov.br\/noticias\/2025\/05\/28\/cia-jovem-de-danca-apresenta-pedro-e-o-lobo-na-fabrica-das-infancias-japy-neste-domingo-01\/","title":{"rendered":"Cia. Jovem de Dan\u00e7a apresenta &#8216;Pedro e o Lobo&#8217; na F\u00e1brica das Inf\u00e2ncias Japy neste domingo (01)"},"content":{"rendered":"\n<p>A F\u00e1brica das Inf\u00e2ncias Japy recebe neste domingo (01), a partir das 10h30, a apresenta\u00e7\u00e3o de \u201cPedro e o Lobo\u201d com a Cia. Jovem de Dan\u00e7a de Jundia\u00ed, um dos corpos art\u00edsticos municipais ligados \u00e0 Unidade de Gest\u00e3o de Cultura (UGC) da Prefeitura. A apresenta\u00e7\u00e3o tem entrada gratuita e por ordem de chegada.<\/p>\n\n\n\n<p>A obra mais importante do mundo sinf\u00f4nico para crian\u00e7as, \u201cPedro e o Lobo\u201d foi composta pelo russo Seguei Prokofiev e conta a hist\u00f3ria de Pedro, que mora com seu av\u00f4 em uma casa pr\u00f3xima \u00e0 floresta. Certa manh\u00e3, Pedro sai para passear e \u00e9 seguido pela pata, pelo passarinho e pelo gato, seus amigos. Preocupado, o av\u00f4 de Pedro o repreende por temer a presen\u00e7a do lobo na floresta. Mas Pedro desobedece a seu av\u00f4 e sai \u00e0 ca\u00e7a do lobo juntamente com seus amigos. Por fim, ele se transforma num her\u00f3i: prende o lobo e desfila com a presa num grande cortejo.<\/p>\n\n\n\n<p>O espet\u00e1culo tem dura\u00e7\u00e3o de cerca de 30 minutos e classifica\u00e7\u00e3o indicativa sugerida para crian\u00e7as maiores de quatro anos.<\/p>\n\n\n\n<p>A F\u00e1brica das Inf\u00e2ncias Japy fica na rua Lacerda Franco, 175 \u2013 vila Arens.<\/p>\n\n\n\n<figure class=\"wp-block-image size-large\"><img loading=\"lazy\" decoding=\"async\" width=\"1280\" height=\"854\" src=\"https:\/\/jundiai.sp.gov.br\/noticias\/wp-content\/uploads\/sites\/32\/2025\/05\/cia-jovem-de-danca-espetaculo-pedro-e-o-lobo_fm_-257-1280x854.jpg\" alt=\"\" class=\"wp-image-358967\" srcset=\"https:\/\/jundiai.sp.gov.br\/noticias\/wp-content\/uploads\/sites\/32\/2025\/05\/cia-jovem-de-danca-espetaculo-pedro-e-o-lobo_fm_-257-1280x854.jpg 1280w, https:\/\/jundiai.sp.gov.br\/noticias\/wp-content\/uploads\/sites\/32\/2025\/05\/cia-jovem-de-danca-espetaculo-pedro-e-o-lobo_fm_-257-300x200.jpg 300w, https:\/\/jundiai.sp.gov.br\/noticias\/wp-content\/uploads\/sites\/32\/2025\/05\/cia-jovem-de-danca-espetaculo-pedro-e-o-lobo_fm_-257-768x512.jpg 768w, https:\/\/jundiai.sp.gov.br\/noticias\/wp-content\/uploads\/sites\/32\/2025\/05\/cia-jovem-de-danca-espetaculo-pedro-e-o-lobo_fm_-257-1536x1024.jpg 1536w, https:\/\/jundiai.sp.gov.br\/noticias\/wp-content\/uploads\/sites\/32\/2025\/05\/cia-jovem-de-danca-espetaculo-pedro-e-o-lobo_fm_-257-450x300.jpg 450w, https:\/\/jundiai.sp.gov.br\/noticias\/wp-content\/uploads\/sites\/32\/2025\/05\/cia-jovem-de-danca-espetaculo-pedro-e-o-lobo_fm_-257.jpg 1900w\" sizes=\"auto, (max-width: 1280px) 100vw, 1280px\" \/><figcaption class=\"wp-element-caption\">Cia. Jovem de Dan\u00e7a \u00e9 um dos corpos art\u00edsticos municipais ligados \u00e0 Unidade de Gest\u00e3o de Cultura (UGC) <\/figcaption><\/figure>\n\n\n\n<p><strong>Assessoria de Imprensa<br>Fotos: Arquivo PMJ <\/strong><\/p>\n","protected":false},"excerpt":{"rendered":"<p>A F\u00e1brica das Inf\u00e2ncias Japy recebe neste domingo (01), a partir das 10h30, a apresenta\u00e7\u00e3o de \u201cPedro e o Lobo\u201d com a Cia. Jovem de Dan\u00e7a de Jundia\u00ed, um dos corpos art\u00edsticos municipais ligados \u00e0 Unidade de Gest\u00e3o de Cultura (UGC) da Prefeitura. A apresenta\u00e7\u00e3o tem entrada gratuita e por ordem de chegada. A obra [&hellip;]<\/p>\n","protected":false},"author":14,"featured_media":358969,"comment_status":"closed","ping_status":"0","sticky":false,"template":"","format":"standard","meta":{"footnotes":""},"categories":[4620,2],"tags":[1130,29,2251],"ods":[],"class_list":["post-358966","post","type-post","status-publish","format-standard","has-post-thumbnail","hentry","category-destaques","category-noticias","tag-cia-jovem-de-danca","tag-cultura","tag-fabrica-das-infancias-japy"],"_links":{"self":[{"href":"https:\/\/jundiai.sp.gov.br\/noticias\/wp-json\/wp\/v2\/posts\/358966","targetHints":{"allow":["GET"]}}],"collection":[{"href":"https:\/\/jundiai.sp.gov.br\/noticias\/wp-json\/wp\/v2\/posts"}],"about":[{"href":"https:\/\/jundiai.sp.gov.br\/noticias\/wp-json\/wp\/v2\/types\/post"}],"author":[{"embeddable":true,"href":"https:\/\/jundiai.sp.gov.br\/noticias\/wp-json\/wp\/v2\/users\/14"}],"replies":[{"embeddable":true,"href":"https:\/\/jundiai.sp.gov.br\/noticias\/wp-json\/wp\/v2\/comments?post=358966"}],"version-history":[{"count":2,"href":"https:\/\/jundiai.sp.gov.br\/noticias\/wp-json\/wp\/v2\/posts\/358966\/revisions"}],"predecessor-version":[{"id":358972,"href":"https:\/\/jundiai.sp.gov.br\/noticias\/wp-json\/wp\/v2\/posts\/358966\/revisions\/358972"}],"wp:featuredmedia":[{"embeddable":true,"href":"https:\/\/jundiai.sp.gov.br\/noticias\/wp-json\/wp\/v2\/media\/358969"}],"wp:attachment":[{"href":"https:\/\/jundiai.sp.gov.br\/noticias\/wp-json\/wp\/v2\/media?parent=358966"}],"wp:term":[{"taxonomy":"category","embeddable":true,"href":"https:\/\/jundiai.sp.gov.br\/noticias\/wp-json\/wp\/v2\/categories?post=358966"},{"taxonomy":"post_tag","embeddable":true,"href":"https:\/\/jundiai.sp.gov.br\/noticias\/wp-json\/wp\/v2\/tags?post=358966"},{"taxonomy":"ods","embeddable":true,"href":"https:\/\/jundiai.sp.gov.br\/noticias\/wp-json\/wp\/v2\/ods?post=358966"}],"curies":[{"name":"wp","href":"https:\/\/api.w.org\/{rel}","templated":true}]}}