{"id":359472,"date":"2025-06-08T11:30:00","date_gmt":"2025-06-08T14:30:00","guid":{"rendered":"https:\/\/jundiai.sp.gov.br\/noticias\/?p=359472"},"modified":"2025-06-05T16:50:20","modified_gmt":"2025-06-05T19:50:20","slug":"cultura-convoca-os-artistas-para-audiencias-publicas-sobre-a-nova-fase-da-pnab","status":"publish","type":"post","link":"https:\/\/jundiai.sp.gov.br\/noticias\/2025\/06\/08\/cultura-convoca-os-artistas-para-audiencias-publicas-sobre-a-nova-fase-da-pnab\/","title":{"rendered":"Cultura convoca os artistas para audi\u00eancias p\u00fablicas sobre a nova fase da PNAB"},"content":{"rendered":"\n<p>Como parte das etapas da nova fase da Pol\u00edtica Nacional Aldir Blanc de Fomento \u00e0 Cultura (PNAB), a Unidade de Gest\u00e3o de Cultura (UGC) realiza no m\u00eas de junho tr\u00eas audi\u00eancias p\u00fablicas na Sala Gl\u00f3ria Rocha.<\/p>\n\n\n\n<p>As reuni\u00f5es de trabalho, marcadas para as <a href=\"https:\/\/cultura.jundiai.sp.gov.br\/eventos\/tag\/audiencia-publica\/\" target=\"_blank\" rel=\"noreferrer noopener\">segundas-feiras dias 09, 23 e 30 \u2013 sempre a partir das 19h<\/a> -, t\u00eam como objetivo dialogar com a classe art\u00edstica e com o Conselho Municipal de Pol\u00edtica Cultural (CMPC) sobre o plano de a\u00e7\u00e3o do Munic\u00edpio a ser entregue ao Minist\u00e9rio da Cultura e a defini\u00e7\u00e3o dos aportes a ser direcionados a cada uma das linguagens e modalidades art\u00edsticas.<\/p>\n\n\n\n<p>A ades\u00e3o do Munic\u00edpio a esta fase do PNAB prev\u00ea a destina\u00e7\u00e3o de aporte de cerca de R$ 1,7 milh\u00e3o, a ser destinados em editais abertos \u00e0 classe art\u00edstica e produ\u00e7\u00e3o criativa locais, conforme as defini\u00e7\u00f5es de cada uma das c\u00e2maras setoriais do CMPC durante as audi\u00eancias.<\/p>\n\n\n\n<p>A Sala Gl\u00f3ria Rocha fica no Centro das Artes Prefeito Pedro F\u00e1varo, localizado na rua Bar\u00e3o de Jundia\u00ed, 1.093 \u2013 Centro.<\/p>\n\n\n\n<figure class=\"wp-block-image size-large\"><img loading=\"lazy\" decoding=\"async\" width=\"1280\" height=\"854\" src=\"https:\/\/jundiai.sp.gov.br\/noticias\/wp-content\/uploads\/sites\/32\/2025\/06\/encontro_com_artistas-2-1280x854.jpg\" alt=\"\" class=\"wp-image-359474\" srcset=\"https:\/\/jundiai.sp.gov.br\/noticias\/wp-content\/uploads\/sites\/32\/2025\/06\/encontro_com_artistas-2-1280x854.jpg 1280w, https:\/\/jundiai.sp.gov.br\/noticias\/wp-content\/uploads\/sites\/32\/2025\/06\/encontro_com_artistas-2-300x200.jpg 300w, https:\/\/jundiai.sp.gov.br\/noticias\/wp-content\/uploads\/sites\/32\/2025\/06\/encontro_com_artistas-2-768x512.jpg 768w, https:\/\/jundiai.sp.gov.br\/noticias\/wp-content\/uploads\/sites\/32\/2025\/06\/encontro_com_artistas-2-1536x1024.jpg 1536w, https:\/\/jundiai.sp.gov.br\/noticias\/wp-content\/uploads\/sites\/32\/2025\/06\/encontro_com_artistas-2-450x300.jpg 450w, https:\/\/jundiai.sp.gov.br\/noticias\/wp-content\/uploads\/sites\/32\/2025\/06\/encontro_com_artistas-2.jpg 1900w\" sizes=\"auto, (max-width: 1280px) 100vw, 1280px\" \/><figcaption class=\"wp-element-caption\">Audi\u00eancias p\u00fablicas ser\u00e3o realizadas na Sala Gl\u00f3ria Rocha do Centro das Artes <\/figcaption><\/figure>\n\n\n\n<p><strong>Assessoria de Imprensa<br>Foto: Arquivo PMJ <\/strong><\/p>\n","protected":false},"excerpt":{"rendered":"<p>Como parte das etapas da nova fase da Pol\u00edtica Nacional Aldir Blanc de Fomento \u00e0 Cultura (PNAB), a Unidade de Gest\u00e3o de Cultura (UGC) realiza no m\u00eas de junho tr\u00eas audi\u00eancias p\u00fablicas na Sala Gl\u00f3ria Rocha. As reuni\u00f5es de trabalho, marcadas para as segundas-feiras dias 09, 23 e 30 \u2013 sempre a partir das 19h [&hellip;]<\/p>\n","protected":false},"author":14,"featured_media":359474,"comment_status":"closed","ping_status":"0","sticky":false,"template":"","format":"standard","meta":{"footnotes":""},"categories":[4620,2],"tags":[1716,718,1099,29,4619,2225],"ods":[],"class_list":["post-359472","post","type-post","status-publish","format-standard","has-post-thumbnail","hentry","category-destaques","category-noticias","tag-audiencia-publica","tag-centro-das-artes-prefeito-pedro-favaro","tag-conselho-municipal-de-politica-cultural-cmpc","tag-cultura","tag-politica-nacional-aldir-blanc-de-fomento-a-cultura-pnab","tag-sala-gloria-rocha"],"_links":{"self":[{"href":"https:\/\/jundiai.sp.gov.br\/noticias\/wp-json\/wp\/v2\/posts\/359472","targetHints":{"allow":["GET"]}}],"collection":[{"href":"https:\/\/jundiai.sp.gov.br\/noticias\/wp-json\/wp\/v2\/posts"}],"about":[{"href":"https:\/\/jundiai.sp.gov.br\/noticias\/wp-json\/wp\/v2\/types\/post"}],"author":[{"embeddable":true,"href":"https:\/\/jundiai.sp.gov.br\/noticias\/wp-json\/wp\/v2\/users\/14"}],"replies":[{"embeddable":true,"href":"https:\/\/jundiai.sp.gov.br\/noticias\/wp-json\/wp\/v2\/comments?post=359472"}],"version-history":[{"count":2,"href":"https:\/\/jundiai.sp.gov.br\/noticias\/wp-json\/wp\/v2\/posts\/359472\/revisions"}],"predecessor-version":[{"id":359475,"href":"https:\/\/jundiai.sp.gov.br\/noticias\/wp-json\/wp\/v2\/posts\/359472\/revisions\/359475"}],"wp:featuredmedia":[{"embeddable":true,"href":"https:\/\/jundiai.sp.gov.br\/noticias\/wp-json\/wp\/v2\/media\/359474"}],"wp:attachment":[{"href":"https:\/\/jundiai.sp.gov.br\/noticias\/wp-json\/wp\/v2\/media?parent=359472"}],"wp:term":[{"taxonomy":"category","embeddable":true,"href":"https:\/\/jundiai.sp.gov.br\/noticias\/wp-json\/wp\/v2\/categories?post=359472"},{"taxonomy":"post_tag","embeddable":true,"href":"https:\/\/jundiai.sp.gov.br\/noticias\/wp-json\/wp\/v2\/tags?post=359472"},{"taxonomy":"ods","embeddable":true,"href":"https:\/\/jundiai.sp.gov.br\/noticias\/wp-json\/wp\/v2\/ods?post=359472"}],"curies":[{"name":"wp","href":"https:\/\/api.w.org\/{rel}","templated":true}]}}