{"id":359712,"date":"2025-06-20T10:09:00","date_gmt":"2025-06-20T13:09:00","guid":{"rendered":"https:\/\/jundiai.sp.gov.br\/noticias\/?p=359712"},"modified":"2025-06-11T15:18:28","modified_gmt":"2025-06-11T18:18:28","slug":"companhia-de-teatro-dedica-se-a-processo-criativo-para-montagem-de-novo-trabalho","status":"publish","type":"post","link":"https:\/\/jundiai.sp.gov.br\/noticias\/2025\/06\/20\/companhia-de-teatro-dedica-se-a-processo-criativo-para-montagem-de-novo-trabalho\/","title":{"rendered":"Companhia de Teatro dedica-se a processo criativo para montagem de novo trabalho"},"content":{"rendered":"\n<p>Em fase de montagem para novo espet\u00e1culo a ser apresentado ao p\u00fablico no pr\u00f3ximo semestre, os atores e a dire\u00e7\u00e3o da Companhia de Teatro de Jundia\u00ed t\u00eam se dedicado a uma intensa rotina de exerc\u00edcios para seu novo processo criativo. Inspirada na f\u00e1bula \u201cOs Gigantes da Montanha\u201d, do dramaturgo e poeta italiano Luigi Pirandello, a novidade em constru\u00e7\u00e3o pelo corpo art\u00edstico municipal de Teatro ligado \u00e0 Unidade de Gest\u00e3o de Cultura (UGC) promete uma grande homenagem \u00e0 Arte.<\/p>\n\n\n\n<p>\u201cA Companhia tem o processo criativo como seu motor fundamental. No ato de criar, o artista entra em contato com seu lado mais saud\u00e1vel e cumpre sua voca\u00e7\u00e3o formativa enquanto integrantes de um corpo art\u00edstico municipal respons\u00e1vel pela forma\u00e7\u00e3o de p\u00fablico e elevar o patamar da produ\u00e7\u00e3o local com uma linguagem teatral espec\u00edfica\u201d, explica a diretora art\u00edstica da companhia, Carla Candiotto.<\/p>\n\n\n\n<figure class=\"wp-block-image size-large\"><img loading=\"lazy\" decoding=\"async\" width=\"1280\" height=\"853\" src=\"https:\/\/jundiai.sp.gov.br\/noticias\/wp-content\/uploads\/sites\/32\/2025\/06\/ensaio_processo_criativo_espaco_expressa-22-1280x853.jpg\" alt=\"\" class=\"wp-image-359714\" srcset=\"https:\/\/jundiai.sp.gov.br\/noticias\/wp-content\/uploads\/sites\/32\/2025\/06\/ensaio_processo_criativo_espaco_expressa-22-1280x853.jpg 1280w, https:\/\/jundiai.sp.gov.br\/noticias\/wp-content\/uploads\/sites\/32\/2025\/06\/ensaio_processo_criativo_espaco_expressa-22-300x200.jpg 300w, https:\/\/jundiai.sp.gov.br\/noticias\/wp-content\/uploads\/sites\/32\/2025\/06\/ensaio_processo_criativo_espaco_expressa-22-768x512.jpg 768w, https:\/\/jundiai.sp.gov.br\/noticias\/wp-content\/uploads\/sites\/32\/2025\/06\/ensaio_processo_criativo_espaco_expressa-22-1536x1023.jpg 1536w, https:\/\/jundiai.sp.gov.br\/noticias\/wp-content\/uploads\/sites\/32\/2025\/06\/ensaio_processo_criativo_espaco_expressa-22-450x300.jpg 450w, https:\/\/jundiai.sp.gov.br\/noticias\/wp-content\/uploads\/sites\/32\/2025\/06\/ensaio_processo_criativo_espaco_expressa-22.jpg 1900w\" sizes=\"auto, (max-width: 1280px) 100vw, 1280px\" \/><figcaption class=\"wp-element-caption\">Novidade em constru\u00e7\u00e3o pelo corpo art\u00edstico municipal promete uma grande homenagem \u00e0 Arte<\/figcaption><\/figure>\n\n\n\n<p>A escolha e as etapas deste processo criativo s\u00e3o feitas por ensaios numa rotina da companhia em seus encontros di\u00e1rios no Espa\u00e7o Expressa, tamb\u00e9m v\u00e3o ao encontro do papel formativo do grupo. \u201cO texto de Luigi Pirandello tem esta grandeza de, por meio da metalinguagem de sua obra, homenagear e valorizar seus artistas, com intuito de tornar protagonistas n\u00e3o s\u00f3 quem est\u00e1 no palco, mas tamb\u00e9m quem est\u00e1 no p\u00fablico\u201d, comentou.<\/p>\n\n\n\n<p>A gestora de Cultura, Clarina Fasanaro, reiterou a import\u00e2ncia do trabalho criativo e formativo dos corpos art\u00edsticos municipais. \u201cAl\u00e9m de enriquecer a agenda cultural por meio de sua participa\u00e7\u00e3o ativa na cidade, a atua\u00e7\u00e3o dos corpos art\u00edsticos pela forma\u00e7\u00e3o de p\u00fablico \u00e9 um importante di\u00e1logo que, cada um deles por meio de sua linguagem, estabelece com Jundia\u00ed. E o processo criativo faz parte disso, pois aprimora a produ\u00e7\u00e3o e voca\u00e7\u00e3o dos corpos, enquanto produ\u00e7\u00e3o art\u00edstica fomentada pelo Poder P\u00fablico.\u201d<\/p>\n\n\n\n<p>O novo espet\u00e1culo ir\u00e1 se somar ao repert\u00f3rio de espet\u00e1culos do grupo, que j\u00e1 realiza nas salas de espet\u00e1culos municipais e outros espa\u00e7os da cidade montagens pr\u00f3prias para toda fam\u00edlia os espet\u00e1culos: \u201cRobin Hood\u201d e \u201cR.I.P. Uma hist\u00f3ria de amor\u201d.<\/p>\n\n\n\n<figure class=\"wp-block-gallery has-nested-images columns-default is-cropped wp-block-gallery-1 is-layout-flex wp-block-gallery-is-layout-flex\">\n<figure class=\"wp-block-image size-large\"><img loading=\"lazy\" decoding=\"async\" width=\"1280\" height=\"854\" data-id=\"359716\" src=\"https:\/\/jundiai.sp.gov.br\/noticias\/wp-content\/uploads\/sites\/32\/2025\/06\/ensaio_processo_criativo_espaco_expressa-26-1280x854.jpg\" alt=\"\" class=\"wp-image-359716\" srcset=\"https:\/\/jundiai.sp.gov.br\/noticias\/wp-content\/uploads\/sites\/32\/2025\/06\/ensaio_processo_criativo_espaco_expressa-26-1280x854.jpg 1280w, https:\/\/jundiai.sp.gov.br\/noticias\/wp-content\/uploads\/sites\/32\/2025\/06\/ensaio_processo_criativo_espaco_expressa-26-300x200.jpg 300w, https:\/\/jundiai.sp.gov.br\/noticias\/wp-content\/uploads\/sites\/32\/2025\/06\/ensaio_processo_criativo_espaco_expressa-26-768x512.jpg 768w, https:\/\/jundiai.sp.gov.br\/noticias\/wp-content\/uploads\/sites\/32\/2025\/06\/ensaio_processo_criativo_espaco_expressa-26-1536x1024.jpg 1536w, https:\/\/jundiai.sp.gov.br\/noticias\/wp-content\/uploads\/sites\/32\/2025\/06\/ensaio_processo_criativo_espaco_expressa-26-450x300.jpg 450w, https:\/\/jundiai.sp.gov.br\/noticias\/wp-content\/uploads\/sites\/32\/2025\/06\/ensaio_processo_criativo_espaco_expressa-26.jpg 1900w\" sizes=\"auto, (max-width: 1280px) 100vw, 1280px\" \/><\/figure>\n\n\n\n<figure class=\"wp-block-image size-large\"><img loading=\"lazy\" decoding=\"async\" width=\"1280\" height=\"853\" data-id=\"359718\" src=\"https:\/\/jundiai.sp.gov.br\/noticias\/wp-content\/uploads\/sites\/32\/2025\/06\/ensaio_processo_criativo_espaco_expressa-34-1280x853.jpg\" alt=\"\" class=\"wp-image-359718\" srcset=\"https:\/\/jundiai.sp.gov.br\/noticias\/wp-content\/uploads\/sites\/32\/2025\/06\/ensaio_processo_criativo_espaco_expressa-34-1280x853.jpg 1280w, https:\/\/jundiai.sp.gov.br\/noticias\/wp-content\/uploads\/sites\/32\/2025\/06\/ensaio_processo_criativo_espaco_expressa-34-300x200.jpg 300w, https:\/\/jundiai.sp.gov.br\/noticias\/wp-content\/uploads\/sites\/32\/2025\/06\/ensaio_processo_criativo_espaco_expressa-34-768x512.jpg 768w, https:\/\/jundiai.sp.gov.br\/noticias\/wp-content\/uploads\/sites\/32\/2025\/06\/ensaio_processo_criativo_espaco_expressa-34-1536x1023.jpg 1536w, https:\/\/jundiai.sp.gov.br\/noticias\/wp-content\/uploads\/sites\/32\/2025\/06\/ensaio_processo_criativo_espaco_expressa-34-450x300.jpg 450w, https:\/\/jundiai.sp.gov.br\/noticias\/wp-content\/uploads\/sites\/32\/2025\/06\/ensaio_processo_criativo_espaco_expressa-34.jpg 1900w\" sizes=\"auto, (max-width: 1280px) 100vw, 1280px\" \/><\/figure>\n\n\n\n<figure class=\"wp-block-image size-large\"><img loading=\"lazy\" decoding=\"async\" width=\"1280\" height=\"854\" data-id=\"359719\" src=\"https:\/\/jundiai.sp.gov.br\/noticias\/wp-content\/uploads\/sites\/32\/2025\/06\/ensaio_processo_criativo_espaco_expressa-55-1280x854.jpg\" alt=\"\" class=\"wp-image-359719\" srcset=\"https:\/\/jundiai.sp.gov.br\/noticias\/wp-content\/uploads\/sites\/32\/2025\/06\/ensaio_processo_criativo_espaco_expressa-55-1280x854.jpg 1280w, https:\/\/jundiai.sp.gov.br\/noticias\/wp-content\/uploads\/sites\/32\/2025\/06\/ensaio_processo_criativo_espaco_expressa-55-300x200.jpg 300w, https:\/\/jundiai.sp.gov.br\/noticias\/wp-content\/uploads\/sites\/32\/2025\/06\/ensaio_processo_criativo_espaco_expressa-55-768x512.jpg 768w, https:\/\/jundiai.sp.gov.br\/noticias\/wp-content\/uploads\/sites\/32\/2025\/06\/ensaio_processo_criativo_espaco_expressa-55-1536x1024.jpg 1536w, https:\/\/jundiai.sp.gov.br\/noticias\/wp-content\/uploads\/sites\/32\/2025\/06\/ensaio_processo_criativo_espaco_expressa-55-450x300.jpg 450w, https:\/\/jundiai.sp.gov.br\/noticias\/wp-content\/uploads\/sites\/32\/2025\/06\/ensaio_processo_criativo_espaco_expressa-55.jpg 1900w\" sizes=\"auto, (max-width: 1280px) 100vw, 1280px\" \/><\/figure>\n\n\n\n<figure class=\"wp-block-image size-large\"><img loading=\"lazy\" decoding=\"async\" width=\"1280\" height=\"854\" data-id=\"359720\" src=\"https:\/\/jundiai.sp.gov.br\/noticias\/wp-content\/uploads\/sites\/32\/2025\/06\/ensaio_processo_criativo_espaco_expressa-69-1280x854.jpg\" alt=\"\" class=\"wp-image-359720\" srcset=\"https:\/\/jundiai.sp.gov.br\/noticias\/wp-content\/uploads\/sites\/32\/2025\/06\/ensaio_processo_criativo_espaco_expressa-69-1280x854.jpg 1280w, https:\/\/jundiai.sp.gov.br\/noticias\/wp-content\/uploads\/sites\/32\/2025\/06\/ensaio_processo_criativo_espaco_expressa-69-300x200.jpg 300w, https:\/\/jundiai.sp.gov.br\/noticias\/wp-content\/uploads\/sites\/32\/2025\/06\/ensaio_processo_criativo_espaco_expressa-69-768x512.jpg 768w, https:\/\/jundiai.sp.gov.br\/noticias\/wp-content\/uploads\/sites\/32\/2025\/06\/ensaio_processo_criativo_espaco_expressa-69-1536x1024.jpg 1536w, https:\/\/jundiai.sp.gov.br\/noticias\/wp-content\/uploads\/sites\/32\/2025\/06\/ensaio_processo_criativo_espaco_expressa-69-450x300.jpg 450w, https:\/\/jundiai.sp.gov.br\/noticias\/wp-content\/uploads\/sites\/32\/2025\/06\/ensaio_processo_criativo_espaco_expressa-69.jpg 1900w\" sizes=\"auto, (max-width: 1280px) 100vw, 1280px\" \/><\/figure>\n\n\n\n<figure class=\"wp-block-image size-large\"><img loading=\"lazy\" decoding=\"async\" width=\"1280\" height=\"854\" data-id=\"359715\" src=\"https:\/\/jundiai.sp.gov.br\/noticias\/wp-content\/uploads\/sites\/32\/2025\/06\/ensaio_processo_criativo_espaco_expressa-74-1280x854.jpg\" alt=\"\" class=\"wp-image-359715\" srcset=\"https:\/\/jundiai.sp.gov.br\/noticias\/wp-content\/uploads\/sites\/32\/2025\/06\/ensaio_processo_criativo_espaco_expressa-74-1280x854.jpg 1280w, https:\/\/jundiai.sp.gov.br\/noticias\/wp-content\/uploads\/sites\/32\/2025\/06\/ensaio_processo_criativo_espaco_expressa-74-300x200.jpg 300w, https:\/\/jundiai.sp.gov.br\/noticias\/wp-content\/uploads\/sites\/32\/2025\/06\/ensaio_processo_criativo_espaco_expressa-74-768x512.jpg 768w, https:\/\/jundiai.sp.gov.br\/noticias\/wp-content\/uploads\/sites\/32\/2025\/06\/ensaio_processo_criativo_espaco_expressa-74-1536x1024.jpg 1536w, https:\/\/jundiai.sp.gov.br\/noticias\/wp-content\/uploads\/sites\/32\/2025\/06\/ensaio_processo_criativo_espaco_expressa-74-450x300.jpg 450w, https:\/\/jundiai.sp.gov.br\/noticias\/wp-content\/uploads\/sites\/32\/2025\/06\/ensaio_processo_criativo_espaco_expressa-74.jpg 1900w\" sizes=\"auto, (max-width: 1280px) 100vw, 1280px\" \/><\/figure>\n\n\n\n<figure class=\"wp-block-image size-large\"><img loading=\"lazy\" decoding=\"async\" width=\"1280\" height=\"854\" data-id=\"359717\" src=\"https:\/\/jundiai.sp.gov.br\/noticias\/wp-content\/uploads\/sites\/32\/2025\/06\/ensaio_processo_criativo_espaco_expressa-78-1280x854.jpg\" alt=\"\" class=\"wp-image-359717\" srcset=\"https:\/\/jundiai.sp.gov.br\/noticias\/wp-content\/uploads\/sites\/32\/2025\/06\/ensaio_processo_criativo_espaco_expressa-78-1280x854.jpg 1280w, https:\/\/jundiai.sp.gov.br\/noticias\/wp-content\/uploads\/sites\/32\/2025\/06\/ensaio_processo_criativo_espaco_expressa-78-300x200.jpg 300w, https:\/\/jundiai.sp.gov.br\/noticias\/wp-content\/uploads\/sites\/32\/2025\/06\/ensaio_processo_criativo_espaco_expressa-78-768x512.jpg 768w, https:\/\/jundiai.sp.gov.br\/noticias\/wp-content\/uploads\/sites\/32\/2025\/06\/ensaio_processo_criativo_espaco_expressa-78-1536x1024.jpg 1536w, https:\/\/jundiai.sp.gov.br\/noticias\/wp-content\/uploads\/sites\/32\/2025\/06\/ensaio_processo_criativo_espaco_expressa-78-450x300.jpg 450w, https:\/\/jundiai.sp.gov.br\/noticias\/wp-content\/uploads\/sites\/32\/2025\/06\/ensaio_processo_criativo_espaco_expressa-78.jpg 1900w\" sizes=\"auto, (max-width: 1280px) 100vw, 1280px\" \/><\/figure>\n<figcaption class=\"blocks-gallery-caption wp-element-caption\">Elenco e dire\u00e7\u00e3o t\u00eam se dedicado aos exerc\u00edcios do novo processo criativo, inspirado em \u201cOs Gigantes da Montanha\u201d, de Luigi Pirandello<\/figcaption><\/figure>\n\n\n\n<p><strong>Assessoria de Imprensa<br>Fotos: Fot\u00f3grafos PMJ<\/strong><\/p>\n","protected":false},"excerpt":{"rendered":"<p>Em fase de montagem para novo espet\u00e1culo a ser apresentado ao p\u00fablico no pr\u00f3ximo semestre, os atores e a dire\u00e7\u00e3o da Companhia de Teatro de Jundia\u00ed t\u00eam se dedicado a uma intensa rotina de exerc\u00edcios para seu novo processo criativo. Inspirada na f\u00e1bula \u201cOs Gigantes da Montanha\u201d, do dramaturgo e poeta italiano Luigi Pirandello, a [&hellip;]<\/p>\n","protected":false},"author":14,"featured_media":359714,"comment_status":"closed","ping_status":"0","sticky":false,"template":"","format":"standard","meta":{"footnotes":""},"categories":[4620,2],"tags":[812,29,449,400],"ods":[],"class_list":["post-359712","post","type-post","status-publish","format-standard","has-post-thumbnail","hentry","category-destaques","category-noticias","tag-companhia-de-teatro-de-jundiai","tag-cultura","tag-espaco-expressa","tag-teatro"],"_links":{"self":[{"href":"https:\/\/jundiai.sp.gov.br\/noticias\/wp-json\/wp\/v2\/posts\/359712","targetHints":{"allow":["GET"]}}],"collection":[{"href":"https:\/\/jundiai.sp.gov.br\/noticias\/wp-json\/wp\/v2\/posts"}],"about":[{"href":"https:\/\/jundiai.sp.gov.br\/noticias\/wp-json\/wp\/v2\/types\/post"}],"author":[{"embeddable":true,"href":"https:\/\/jundiai.sp.gov.br\/noticias\/wp-json\/wp\/v2\/users\/14"}],"replies":[{"embeddable":true,"href":"https:\/\/jundiai.sp.gov.br\/noticias\/wp-json\/wp\/v2\/comments?post=359712"}],"version-history":[{"count":3,"href":"https:\/\/jundiai.sp.gov.br\/noticias\/wp-json\/wp\/v2\/posts\/359712\/revisions"}],"predecessor-version":[{"id":359722,"href":"https:\/\/jundiai.sp.gov.br\/noticias\/wp-json\/wp\/v2\/posts\/359712\/revisions\/359722"}],"wp:featuredmedia":[{"embeddable":true,"href":"https:\/\/jundiai.sp.gov.br\/noticias\/wp-json\/wp\/v2\/media\/359714"}],"wp:attachment":[{"href":"https:\/\/jundiai.sp.gov.br\/noticias\/wp-json\/wp\/v2\/media?parent=359712"}],"wp:term":[{"taxonomy":"category","embeddable":true,"href":"https:\/\/jundiai.sp.gov.br\/noticias\/wp-json\/wp\/v2\/categories?post=359712"},{"taxonomy":"post_tag","embeddable":true,"href":"https:\/\/jundiai.sp.gov.br\/noticias\/wp-json\/wp\/v2\/tags?post=359712"},{"taxonomy":"ods","embeddable":true,"href":"https:\/\/jundiai.sp.gov.br\/noticias\/wp-json\/wp\/v2\/ods?post=359712"}],"curies":[{"name":"wp","href":"https:\/\/api.w.org\/{rel}","templated":true}]}}