{"id":360378,"date":"2025-06-23T16:30:57","date_gmt":"2025-06-23T19:30:57","guid":{"rendered":"https:\/\/jundiai.sp.gov.br\/noticias\/?p=360378"},"modified":"2025-06-23T16:30:57","modified_gmt":"2025-06-23T19:30:57","slug":"fundo-social-e-senai-abrem-vagas-para-auxiliar-de-almoxarifado-nessa-terca-24","status":"publish","type":"post","link":"https:\/\/jundiai.sp.gov.br\/noticias\/2025\/06\/23\/fundo-social-e-senai-abrem-vagas-para-auxiliar-de-almoxarifado-nessa-terca-24\/","title":{"rendered":"Fundo Social e SENAI abrem vagas para \u00a0Auxiliar de Almoxarifado nessa ter\u00e7a (24)"},"content":{"rendered":"\n<p>O Fundo Social de Solidariedade de Jundia\u00ed (Funss), em parceria com o SENAI, abre inscri\u00e7\u00f5es para o curso de Auxiliar de Almoxarifado, \u00e0s 12 horas dessa ter\u00e7a-feira, 24 de junho. Ser\u00e3o 30 vagas e as aulas acontecer\u00e3o \u00e0s ter\u00e7as e quintas-feiras, no per\u00edodo da tarde. Para participar, \u00e9 preciso ter no m\u00ednimo 16 anos e conclu\u00eddo o Ensino Fundamental.<\/p>\n\n\n\n<figure class=\"wp-block-image size-large\"><img loading=\"lazy\" decoding=\"async\" width=\"1280\" height=\"854\" src=\"https:\/\/jundiai.sp.gov.br\/noticias\/wp-content\/uploads\/sites\/32\/2025\/06\/trabalhador-de-fabrica-segurando-prancheta-e-verificando-o-inventario-departamento-de-armazenamento-armazem-1280x854.jpg\" alt=\"\" class=\"wp-image-360379\" srcset=\"https:\/\/jundiai.sp.gov.br\/noticias\/wp-content\/uploads\/sites\/32\/2025\/06\/trabalhador-de-fabrica-segurando-prancheta-e-verificando-o-inventario-departamento-de-armazenamento-armazem-1280x854.jpg 1280w, https:\/\/jundiai.sp.gov.br\/noticias\/wp-content\/uploads\/sites\/32\/2025\/06\/trabalhador-de-fabrica-segurando-prancheta-e-verificando-o-inventario-departamento-de-armazenamento-armazem-300x200.jpg 300w, https:\/\/jundiai.sp.gov.br\/noticias\/wp-content\/uploads\/sites\/32\/2025\/06\/trabalhador-de-fabrica-segurando-prancheta-e-verificando-o-inventario-departamento-de-armazenamento-armazem-768x512.jpg 768w, https:\/\/jundiai.sp.gov.br\/noticias\/wp-content\/uploads\/sites\/32\/2025\/06\/trabalhador-de-fabrica-segurando-prancheta-e-verificando-o-inventario-departamento-de-armazenamento-armazem-1536x1024.jpg 1536w, https:\/\/jundiai.sp.gov.br\/noticias\/wp-content\/uploads\/sites\/32\/2025\/06\/trabalhador-de-fabrica-segurando-prancheta-e-verificando-o-inventario-departamento-de-armazenamento-armazem-450x300.jpg 450w, https:\/\/jundiai.sp.gov.br\/noticias\/wp-content\/uploads\/sites\/32\/2025\/06\/trabalhador-de-fabrica-segurando-prancheta-e-verificando-o-inventario-departamento-de-armazenamento-armazem.jpg 1900w\" sizes=\"auto, (max-width: 1280px) 100vw, 1280px\" \/><figcaption class=\"wp-element-caption\"><em>Cursos ser\u00e3o ministrados a partir de julho, no Funss<\/em><\/figcaption><\/figure>\n\n\n\n<p>O curso de Qualifica\u00e7\u00e3o Profissional de Auxiliar de Almoxarifado tem por objetivo o desenvolvimento de compet\u00eancias relativas \u00e0s opera\u00e7\u00f5es de armazenagem, fazendo uso de tecnologias, seguindo procedimentos da organiza\u00e7\u00e3o, normas de sa\u00fade, seguran\u00e7a, higiene, meio ambiente e legisla\u00e7\u00e3o.<\/p>\n\n\n\n<p>A pr\u00e9-inscri\u00e7\u00e3o ser\u00e1 feita pelo Google Forms e o crit\u00e9rio de sele\u00e7\u00e3o e forma\u00e7\u00e3o das turmas \u00e9 de acordo com a ordem de envio destas informa\u00e7\u00f5es, que considera hora, minuto e segundo. A lista de contemplados ser\u00e1 divulgada no site da prefeitura.<\/p>\n\n\n\n<p>Os contemplados receber\u00e3o uma mensagem de WhatsApp para confirma\u00e7\u00e3o da matr\u00edcula, onde ser\u00e1 solicitado o envio da foto ou arquivo dos seguintes documentos:&nbsp;RG, CPF, Comprovante de resid\u00eancia e comprovante escolar (hist\u00f3rico escolar ou certificado).<\/p>\n\n\n\n<p><strong>Auxiliar de Almoxarifado<\/strong><\/p>\n\n\n\n<p><strong>N\u00ba de vagas<\/strong>: 30<br><strong>Carga hor\u00e1ria<\/strong>: 160h<br><strong>In\u00edcio<\/strong>: 01\/07\/2025\u00a0\u00a0\u00a0\u00a0\u00a0\u00a0 <strong>T\u00e9rmino<\/strong>: 18\/11\/2025<br><strong>Aulas <\/strong>de 3\u00aa e 5\u00aa feira<br><strong>Hor\u00e1rio<\/strong>: 13h \u00e0s 17h<br><strong>Local<\/strong>:\u00a0Fundo Social de Solidariedade &#8211; Av. Dona Manoela Lacerda de Vergueiro, s\/n &#8211; Port\u00e3o 3 &#8211; Anexo ao Parque da Uva &#8211; Bairro Anhangaba\u00fa<br><strong>Link de inscri\u00e7\u00e3o:\u00a0<a href=\"https:\/\/forms.gle\/TwiUd7WuZ6TWwvRPA\" target=\"_blank\" rel=\"noreferrer noopener\">https:\/\/forms.gle\/TwiUd7WuZ6TWwvRPA<\/a><\/strong><\/p>\n\n\n\n<p><strong>Assessoria de Imprensa<\/strong><\/p>\n","protected":false},"excerpt":{"rendered":"<p>O Fundo Social de Solidariedade de Jundia\u00ed (Funss), em parceria com o SENAI, abre inscri\u00e7\u00f5es para o curso de Auxiliar de Almoxarifado, \u00e0s 12 horas dessa ter\u00e7a-feira, 24 de junho. Ser\u00e3o 30 vagas e as aulas acontecer\u00e3o \u00e0s ter\u00e7as e quintas-feiras, no per\u00edodo da tarde. Para participar, \u00e9 preciso ter no m\u00ednimo 16 anos e [&hellip;]<\/p>\n","protected":false},"author":126,"featured_media":360407,"comment_status":"closed","ping_status":"0","sticky":false,"template":"","format":"standard","meta":{"footnotes":""},"categories":[2],"tags":[430,416],"ods":[],"class_list":["post-360378","post","type-post","status-publish","format-standard","has-post-thumbnail","hentry","category-noticias","tag-cursos-gratuitos","tag-fundo-social-de-solidariedade-funss"],"_links":{"self":[{"href":"https:\/\/jundiai.sp.gov.br\/noticias\/wp-json\/wp\/v2\/posts\/360378","targetHints":{"allow":["GET"]}}],"collection":[{"href":"https:\/\/jundiai.sp.gov.br\/noticias\/wp-json\/wp\/v2\/posts"}],"about":[{"href":"https:\/\/jundiai.sp.gov.br\/noticias\/wp-json\/wp\/v2\/types\/post"}],"author":[{"embeddable":true,"href":"https:\/\/jundiai.sp.gov.br\/noticias\/wp-json\/wp\/v2\/users\/126"}],"replies":[{"embeddable":true,"href":"https:\/\/jundiai.sp.gov.br\/noticias\/wp-json\/wp\/v2\/comments?post=360378"}],"version-history":[{"count":3,"href":"https:\/\/jundiai.sp.gov.br\/noticias\/wp-json\/wp\/v2\/posts\/360378\/revisions"}],"predecessor-version":[{"id":360408,"href":"https:\/\/jundiai.sp.gov.br\/noticias\/wp-json\/wp\/v2\/posts\/360378\/revisions\/360408"}],"wp:featuredmedia":[{"embeddable":true,"href":"https:\/\/jundiai.sp.gov.br\/noticias\/wp-json\/wp\/v2\/media\/360407"}],"wp:attachment":[{"href":"https:\/\/jundiai.sp.gov.br\/noticias\/wp-json\/wp\/v2\/media?parent=360378"}],"wp:term":[{"taxonomy":"category","embeddable":true,"href":"https:\/\/jundiai.sp.gov.br\/noticias\/wp-json\/wp\/v2\/categories?post=360378"},{"taxonomy":"post_tag","embeddable":true,"href":"https:\/\/jundiai.sp.gov.br\/noticias\/wp-json\/wp\/v2\/tags?post=360378"},{"taxonomy":"ods","embeddable":true,"href":"https:\/\/jundiai.sp.gov.br\/noticias\/wp-json\/wp\/v2\/ods?post=360378"}],"curies":[{"name":"wp","href":"https:\/\/api.w.org\/{rel}","templated":true}]}}