{"id":360385,"date":"2025-06-24T15:05:00","date_gmt":"2025-06-24T18:05:00","guid":{"rendered":"https:\/\/jundiai.sp.gov.br\/noticias\/?p=360385"},"modified":"2025-06-24T16:08:48","modified_gmt":"2025-06-24T19:08:48","slug":"cultura-inclui-mais-uma-audiencia-com-os-artistas-para-ampliar-dialogo-e-construcao-da-nova-pnab","status":"publish","type":"post","link":"https:\/\/jundiai.sp.gov.br\/noticias\/2025\/06\/24\/cultura-inclui-mais-uma-audiencia-com-os-artistas-para-ampliar-dialogo-e-construcao-da-nova-pnab\/","title":{"rendered":"Cultura inclui mais uma audi\u00eancia com os artistas para ampliar di\u00e1logo e constru\u00e7\u00e3o da nova PNAB"},"content":{"rendered":"\n<p>A Unidade de Gest\u00e3o de Cultura (UGC) divulga aos artistas e demais trabalhadores do segmento do Munic\u00edpio acerca da inclus\u00e3o de mais uma audi\u00eancia p\u00fablica para di\u00e1logo e constru\u00e7\u00e3o da nova fase da Pol\u00edtica Nacional Aldir Blanc de Fomento \u00e0 Cultura (PNAB).<\/p>\n\n\n\n<p>Com a novidade, os pr\u00f3ximos encontros est\u00e3o programados da seguinte forma: <a href=\"https:\/\/cultura.jundiai.sp.gov.br\/eventos\/tag\/audiencia-publica\/\" target=\"_blank\" rel=\"noreferrer noopener\">30 de junho e 14 de julho, sempre \u00e0s segundas-feiras, \u00e0s 19h, na Sala Gl\u00f3ria Rocha<\/a> do Centro das Artes Prefeito Pedro F\u00e1varo (rua Bar\u00e3o de Jundia\u00ed, 1093 \u2013 Centro).<\/p>\n\n\n\n<figure class=\"wp-block-image size-large\"><img loading=\"lazy\" decoding=\"async\" width=\"1280\" height=\"854\" src=\"https:\/\/jundiai.sp.gov.br\/noticias\/wp-content\/uploads\/sites\/32\/2025\/06\/audiencia_publica_cultura_pnab-18-2-1280x854.jpg\" alt=\"\" class=\"wp-image-360386\" srcset=\"https:\/\/jundiai.sp.gov.br\/noticias\/wp-content\/uploads\/sites\/32\/2025\/06\/audiencia_publica_cultura_pnab-18-2-1280x854.jpg 1280w, https:\/\/jundiai.sp.gov.br\/noticias\/wp-content\/uploads\/sites\/32\/2025\/06\/audiencia_publica_cultura_pnab-18-2-300x200.jpg 300w, https:\/\/jundiai.sp.gov.br\/noticias\/wp-content\/uploads\/sites\/32\/2025\/06\/audiencia_publica_cultura_pnab-18-2-768x512.jpg 768w, https:\/\/jundiai.sp.gov.br\/noticias\/wp-content\/uploads\/sites\/32\/2025\/06\/audiencia_publica_cultura_pnab-18-2-1536x1024.jpg 1536w, https:\/\/jundiai.sp.gov.br\/noticias\/wp-content\/uploads\/sites\/32\/2025\/06\/audiencia_publica_cultura_pnab-18-2-450x300.jpg 450w, https:\/\/jundiai.sp.gov.br\/noticias\/wp-content\/uploads\/sites\/32\/2025\/06\/audiencia_publica_cultura_pnab-18-2.jpg 1900w\" sizes=\"auto, (max-width: 1280px) 100vw, 1280px\" \/><figcaption class=\"wp-element-caption\"><a href=\"https:\/\/jundiai.sp.gov.br\/noticias\/2025\/06\/11\/audiencia-marca-inicio-da-construcao-coletiva-do-plano-da-pnab-em-jundiai\/\">A primeira audi\u00eancia da s\u00e9rie foi realizada no in\u00edcio do m\u00eas, tamb\u00e9m na Sala Gl\u00f3ria Rocha<\/a><\/figcaption><\/figure>\n\n\n\n<p>\u201cCom a divulga\u00e7\u00e3o pelo Minist\u00e9rio da Cultura do novo cronograma desta fase da PNAB e, com isso, o novo prazo para que o Munic\u00edpio envie seu Planos de Aplica\u00e7\u00e3o dos Recursos, a nova audi\u00eancia tem como objetivo permitir a amplia\u00e7\u00e3o do di\u00e1logo com os artistas e a consulta ao Conselho Municipal de Pol\u00edtica Cultural (CMPC) acerca dos aportes a ser direcionados a cada uma das linguagens e modalidades art\u00edsticas dentro de cada c\u00e2mara setorial\u201d, comentou a gestora de Cultura, Clarina Fasanaro.<\/p>\n\n\n\n<p>A ades\u00e3o do Munic\u00edpio a esta fase do PNAB prev\u00ea a destina\u00e7\u00e3o de aporte de cerca de R$ 1,7 milh\u00e3o, a ser destinados em editais abertos \u00e0 classe art\u00edstica e produ\u00e7\u00e3o criativa locais, conforme as defini\u00e7\u00f5es de cada uma das c\u00e2maras setoriais do CMPC durante as audi\u00eancias.<\/p>\n\n\n\n<p><strong>Assessoria de Imprensa<br>Fotos: Fot\u00f3grafos PMJ <\/strong><\/p>\n","protected":false},"excerpt":{"rendered":"<p>A Unidade de Gest\u00e3o de Cultura (UGC) divulga aos artistas e demais trabalhadores do segmento do Munic\u00edpio acerca da inclus\u00e3o de mais uma audi\u00eancia p\u00fablica para di\u00e1logo e constru\u00e7\u00e3o da nova fase da Pol\u00edtica Nacional Aldir Blanc de Fomento \u00e0 Cultura (PNAB). Com a novidade, os pr\u00f3ximos encontros est\u00e3o programados da seguinte forma: 30 de [&hellip;]<\/p>\n","protected":false},"author":14,"featured_media":360386,"comment_status":"closed","ping_status":"0","sticky":false,"template":"","format":"standard","meta":{"footnotes":""},"categories":[2],"tags":[1099,29,4619],"ods":[],"class_list":["post-360385","post","type-post","status-publish","format-standard","has-post-thumbnail","hentry","category-noticias","tag-conselho-municipal-de-politica-cultural-cmpc","tag-cultura","tag-politica-nacional-aldir-blanc-de-fomento-a-cultura-pnab"],"_links":{"self":[{"href":"https:\/\/jundiai.sp.gov.br\/noticias\/wp-json\/wp\/v2\/posts\/360385","targetHints":{"allow":["GET"]}}],"collection":[{"href":"https:\/\/jundiai.sp.gov.br\/noticias\/wp-json\/wp\/v2\/posts"}],"about":[{"href":"https:\/\/jundiai.sp.gov.br\/noticias\/wp-json\/wp\/v2\/types\/post"}],"author":[{"embeddable":true,"href":"https:\/\/jundiai.sp.gov.br\/noticias\/wp-json\/wp\/v2\/users\/14"}],"replies":[{"embeddable":true,"href":"https:\/\/jundiai.sp.gov.br\/noticias\/wp-json\/wp\/v2\/comments?post=360385"}],"version-history":[{"count":2,"href":"https:\/\/jundiai.sp.gov.br\/noticias\/wp-json\/wp\/v2\/posts\/360385\/revisions"}],"predecessor-version":[{"id":360436,"href":"https:\/\/jundiai.sp.gov.br\/noticias\/wp-json\/wp\/v2\/posts\/360385\/revisions\/360436"}],"wp:featuredmedia":[{"embeddable":true,"href":"https:\/\/jundiai.sp.gov.br\/noticias\/wp-json\/wp\/v2\/media\/360386"}],"wp:attachment":[{"href":"https:\/\/jundiai.sp.gov.br\/noticias\/wp-json\/wp\/v2\/media?parent=360385"}],"wp:term":[{"taxonomy":"category","embeddable":true,"href":"https:\/\/jundiai.sp.gov.br\/noticias\/wp-json\/wp\/v2\/categories?post=360385"},{"taxonomy":"post_tag","embeddable":true,"href":"https:\/\/jundiai.sp.gov.br\/noticias\/wp-json\/wp\/v2\/tags?post=360385"},{"taxonomy":"ods","embeddable":true,"href":"https:\/\/jundiai.sp.gov.br\/noticias\/wp-json\/wp\/v2\/ods?post=360385"}],"curies":[{"name":"wp","href":"https:\/\/api.w.org\/{rel}","templated":true}]}}