{"id":360873,"date":"2025-07-03T10:31:00","date_gmt":"2025-07-03T13:31:00","guid":{"rendered":"https:\/\/jundiai.sp.gov.br\/noticias\/?p=360873"},"modified":"2025-07-01T10:09:45","modified_gmt":"2025-07-01T13:09:45","slug":"novas-exposicoes-estreiam-este-sabado-05-na-biblioteca-e-na-pinacoteca-municipais","status":"publish","type":"post","link":"https:\/\/jundiai.sp.gov.br\/noticias\/2025\/07\/03\/novas-exposicoes-estreiam-este-sabado-05-na-biblioteca-e-na-pinacoteca-municipais\/","title":{"rendered":"Novas exposi\u00e7\u00f5es estreiam este s\u00e1bado (05) na Biblioteca e na Pinacoteca Municipais"},"content":{"rendered":"\n<p>Neste s\u00e1bado (05), a partir das 10h, a Pinacoteca Municipal Di\u00f3genes Duarte Paes e a Biblioteca Municipal Professor Nelson Foot recebem novas exposi\u00e7\u00f5es in\u00e9ditas no Munic\u00edpio. As entradas nos equipamentos p\u00fablicos ligados \u00e0 Unidade de Gest\u00e3o de Cultura (UGC) s\u00e3o gratuitas e todas t\u00eam classifica\u00e7\u00e3o livre.<\/p>\n\n\n\n<p>Na Pinacoteca Municipal, a nova exposi\u00e7\u00e3o \u00e9 \u201cMetacorpos\u201d, do artista Lucas de Souza. Contemplada no edital da IV ExpoArtes da UGC, a exposi\u00e7\u00e3o ter\u00e1 sua abertura \u00e0s 10h e \u00e9 composta por um conjunto de tr\u00eas s\u00e9ries de trabalhos, totalizando 70 obras e mostrando a diversidade na produ\u00e7\u00e3o do artista. Utilizando argila como mat\u00e9ria e pintura sobre bases como madeira e tecido, Lucas busca evidenciar em sua exposi\u00e7\u00e3o in\u00e9dita em Jundia\u00ed temas como corporeidade, peso e forma, transpassando por suportes como escultura.<\/p>\n\n\n\n<figure class=\"wp-block-gallery has-nested-images columns-default is-cropped wp-block-gallery-1 is-layout-flex wp-block-gallery-is-layout-flex\">\n<figure class=\"wp-block-image size-large\"><img loading=\"lazy\" decoding=\"async\" width=\"1280\" height=\"867\" data-id=\"360876\" src=\"https:\/\/jundiai.sp.gov.br\/noticias\/wp-content\/uploads\/sites\/32\/2025\/06\/arcabouco_2-1280x867.jpg\" alt=\"\" class=\"wp-image-360876\" srcset=\"https:\/\/jundiai.sp.gov.br\/noticias\/wp-content\/uploads\/sites\/32\/2025\/06\/arcabouco_2-1280x867.jpg 1280w, https:\/\/jundiai.sp.gov.br\/noticias\/wp-content\/uploads\/sites\/32\/2025\/06\/arcabouco_2-300x203.jpg 300w, https:\/\/jundiai.sp.gov.br\/noticias\/wp-content\/uploads\/sites\/32\/2025\/06\/arcabouco_2-768x520.jpg 768w, https:\/\/jundiai.sp.gov.br\/noticias\/wp-content\/uploads\/sites\/32\/2025\/06\/arcabouco_2-1536x1040.jpg 1536w, https:\/\/jundiai.sp.gov.br\/noticias\/wp-content\/uploads\/sites\/32\/2025\/06\/arcabouco_2.jpg 1900w\" sizes=\"auto, (max-width: 1280px) 100vw, 1280px\" \/><\/figure>\n\n\n\n<figure class=\"wp-block-image size-large\"><img loading=\"lazy\" decoding=\"async\" width=\"1280\" height=\"720\" data-id=\"360877\" src=\"https:\/\/jundiai.sp.gov.br\/noticias\/wp-content\/uploads\/sites\/32\/2025\/06\/mapeamento-cognitivo-1280x720.png\" alt=\"\" class=\"wp-image-360877\" srcset=\"https:\/\/jundiai.sp.gov.br\/noticias\/wp-content\/uploads\/sites\/32\/2025\/06\/mapeamento-cognitivo-1280x720.png 1280w, https:\/\/jundiai.sp.gov.br\/noticias\/wp-content\/uploads\/sites\/32\/2025\/06\/mapeamento-cognitivo-300x169.png 300w, https:\/\/jundiai.sp.gov.br\/noticias\/wp-content\/uploads\/sites\/32\/2025\/06\/mapeamento-cognitivo-768x432.png 768w, https:\/\/jundiai.sp.gov.br\/noticias\/wp-content\/uploads\/sites\/32\/2025\/06\/mapeamento-cognitivo-1536x864.png 1536w, https:\/\/jundiai.sp.gov.br\/noticias\/wp-content\/uploads\/sites\/32\/2025\/06\/mapeamento-cognitivo.png 1900w\" sizes=\"auto, (max-width: 1280px) 100vw, 1280px\" \/><\/figure>\n<figcaption class=\"blocks-gallery-caption wp-element-caption\">Contemplada no edital da IV ExpoArtes, \u201cMetacorpos\u201d traz 70 obras que mostram a diversidade na produ\u00e7\u00e3o de Lucas de Souza<\/figcaption><\/figure>\n\n\n\n<p>\u201cMetacorpos\u201d fica exibida de 05 a 29 de julho. A Pinacoteca Municipal fica na rua Bar\u00e3o de Jundia\u00ed, 109 \u2013 Centro e fica aberta de ter\u00e7a-feira a sexta-feira, das 10h \u00e0s 17h, e aos s\u00e1bados, das 10h \u00e0s 14h. Mais informa\u00e7\u00f5es podem ser obtidas pelo telefone 4586-2326.<\/p>\n\n\n\n<p><strong>Biblioteca<\/strong><br>J\u00e1 na Biblioteca Municipal, tamb\u00e9m est\u00e3o programadas para este s\u00e1bado (05) novas exposi\u00e7\u00f5es, com entrada gratuita e abertura oficial \u00e0s 10h.<\/p>\n\n\n\n<p>\u201cManifesto do artista que j\u00e1 \u00e9\u201d, do artista jundiaiense Rafael Insinia (Insiniarte), ser\u00e1 montada na Galeria Jundia\u00ed da Biblioteca e traz obras de um personagem pescador, que lan\u00e7a, junto com suas redes, um manifesto visual: \u201ccada linha desenhada \u00e9 mem\u00f3ria, cada n\u00f3 \u00e9 coragem e cada arte \u00e9 um abra\u00e7o e reflexo\u201d, como explica o artista.<\/p>\n\n\n\n<p>J\u00e1 no Espa\u00e7o S\u00f4nia Cintra da Biblioteca, a mostra da vez ser\u00e1 \u201cLes d\u00e9tails c\u2019est la vie!\u201d, exposi\u00e7\u00e3o de fotografias digitais de Edna Cirne Toledo.<\/p>\n\n\n\n<figure class=\"wp-block-gallery has-nested-images columns-default is-cropped wp-block-gallery-2 is-layout-flex wp-block-gallery-is-layout-flex\">\n<figure class=\"wp-block-image size-large\"><img loading=\"lazy\" decoding=\"async\" width=\"1080\" height=\"915\" data-id=\"360878\" src=\"https:\/\/jundiai.sp.gov.br\/noticias\/wp-content\/uploads\/sites\/32\/2025\/06\/les-details-cest-la-vie_1.jpeg\" alt=\"\" class=\"wp-image-360878\" srcset=\"https:\/\/jundiai.sp.gov.br\/noticias\/wp-content\/uploads\/sites\/32\/2025\/06\/les-details-cest-la-vie_1.jpeg 1080w, https:\/\/jundiai.sp.gov.br\/noticias\/wp-content\/uploads\/sites\/32\/2025\/06\/les-details-cest-la-vie_1-300x254.jpeg 300w, https:\/\/jundiai.sp.gov.br\/noticias\/wp-content\/uploads\/sites\/32\/2025\/06\/les-details-cest-la-vie_1-768x651.jpeg 768w\" sizes=\"auto, (max-width: 1080px) 100vw, 1080px\" \/><\/figure>\n\n\n\n<figure class=\"wp-block-image size-large\"><img loading=\"lazy\" decoding=\"async\" width=\"1080\" height=\"915\" data-id=\"360900\" src=\"https:\/\/jundiai.sp.gov.br\/noticias\/wp-content\/uploads\/sites\/32\/2025\/06\/arte_horizontal_manifesto_pmj.png\" alt=\"\" class=\"wp-image-360900\" srcset=\"https:\/\/jundiai.sp.gov.br\/noticias\/wp-content\/uploads\/sites\/32\/2025\/06\/arte_horizontal_manifesto_pmj.png 1080w, https:\/\/jundiai.sp.gov.br\/noticias\/wp-content\/uploads\/sites\/32\/2025\/06\/arte_horizontal_manifesto_pmj-300x254.png 300w, https:\/\/jundiai.sp.gov.br\/noticias\/wp-content\/uploads\/sites\/32\/2025\/06\/arte_horizontal_manifesto_pmj-768x651.png 768w\" sizes=\"auto, (max-width: 1080px) 100vw, 1080px\" \/><\/figure>\n<figcaption class=\"blocks-gallery-caption wp-element-caption\">&#8220;Les d\u00e9tails c&#8217;est la vie!&#8221;, de Edna Cirne Toledo, e &#8220;Manifesto do artista que j\u00e1 \u00e9&#8221;, de Rafael Insinia, ficam expostos na Biblioteca at\u00e9 o dia 28<\/figcaption><\/figure>\n\n\n\n<p>Ambas as mostras poder\u00e3o ser visitadas at\u00e9 o dia 28 de julho. A Biblioteca Municipal fica na avenida Dr. Cavalcanti, 396 \u2013 Complexo Argos, e funciona de segunda a sexta-feira, das 9h \u00e0s 19h, e aos s\u00e1bados das 10h \u00e0s 14h. Mais informa\u00e7\u00f5es podem ser obtidas pelo telefone 4527-2110.<\/p>\n\n\n\n<p>As exposi\u00e7\u00f5es em cartaz nos espa\u00e7os culturais de Jundia\u00ed podem ser conferidas no <a href=\"https:\/\/cultura.jundiai.sp.gov.br\/exposicoes\/em-exibicao\/\" target=\"_blank\" rel=\"noreferrer noopener\">site da Cultura<\/a>.<\/p>\n\n\n\n<p><strong>Assessoria de Imprensa<br>Fotos: Fot\u00f3grafos PMJ e Divulga\u00e7\u00e3o <\/strong><\/p>\n\n\n\n<p><\/p>\n","protected":false},"excerpt":{"rendered":"<p>Neste s\u00e1bado (05), a partir das 10h, a Pinacoteca Municipal Di\u00f3genes Duarte Paes e a Biblioteca Municipal Professor Nelson Foot recebem novas exposi\u00e7\u00f5es in\u00e9ditas no Munic\u00edpio. As entradas nos equipamentos p\u00fablicos ligados \u00e0 Unidade de Gest\u00e3o de Cultura (UGC) s\u00e3o gratuitas e todas t\u00eam classifica\u00e7\u00e3o livre. Na Pinacoteca Municipal, a nova exposi\u00e7\u00e3o \u00e9 \u201cMetacorpos\u201d, do [&hellip;]<\/p>\n","protected":false},"author":14,"featured_media":360667,"comment_status":"closed","ping_status":"0","sticky":false,"template":"","format":"standard","meta":{"footnotes":""},"categories":[4620,2],"tags":[505,29,2776,423,370],"ods":[],"class_list":["post-360873","post","type-post","status-publish","format-standard","has-post-thumbnail","hentry","category-destaques","category-noticias","tag-biblioteca-municipal-professor-nelson-foot","tag-cultura","tag-expoartes","tag-exposicao","tag-pinacoteca-municipal-diogenes-duarte-paes"],"_links":{"self":[{"href":"https:\/\/jundiai.sp.gov.br\/noticias\/wp-json\/wp\/v2\/posts\/360873","targetHints":{"allow":["GET"]}}],"collection":[{"href":"https:\/\/jundiai.sp.gov.br\/noticias\/wp-json\/wp\/v2\/posts"}],"about":[{"href":"https:\/\/jundiai.sp.gov.br\/noticias\/wp-json\/wp\/v2\/types\/post"}],"author":[{"embeddable":true,"href":"https:\/\/jundiai.sp.gov.br\/noticias\/wp-json\/wp\/v2\/users\/14"}],"replies":[{"embeddable":true,"href":"https:\/\/jundiai.sp.gov.br\/noticias\/wp-json\/wp\/v2\/comments?post=360873"}],"version-history":[{"count":17,"href":"https:\/\/jundiai.sp.gov.br\/noticias\/wp-json\/wp\/v2\/posts\/360873\/revisions"}],"predecessor-version":[{"id":360912,"href":"https:\/\/jundiai.sp.gov.br\/noticias\/wp-json\/wp\/v2\/posts\/360873\/revisions\/360912"}],"wp:featuredmedia":[{"embeddable":true,"href":"https:\/\/jundiai.sp.gov.br\/noticias\/wp-json\/wp\/v2\/media\/360667"}],"wp:attachment":[{"href":"https:\/\/jundiai.sp.gov.br\/noticias\/wp-json\/wp\/v2\/media?parent=360873"}],"wp:term":[{"taxonomy":"category","embeddable":true,"href":"https:\/\/jundiai.sp.gov.br\/noticias\/wp-json\/wp\/v2\/categories?post=360873"},{"taxonomy":"post_tag","embeddable":true,"href":"https:\/\/jundiai.sp.gov.br\/noticias\/wp-json\/wp\/v2\/tags?post=360873"},{"taxonomy":"ods","embeddable":true,"href":"https:\/\/jundiai.sp.gov.br\/noticias\/wp-json\/wp\/v2\/ods?post=360873"}],"curies":[{"name":"wp","href":"https:\/\/api.w.org\/{rel}","templated":true}]}}