{"id":360905,"date":"2025-07-01T11:00:00","date_gmt":"2025-07-01T14:00:00","guid":{"rendered":"https:\/\/jundiai.sp.gov.br\/noticias\/?p=360905"},"modified":"2025-07-01T09:51:33","modified_gmt":"2025-07-01T12:51:33","slug":"fundo-social-de-solidariedade-e-centro-paula-souza-abrem-inscricoes-para-curso-de-corte-e-costura-em-jundiai","status":"publish","type":"post","link":"https:\/\/jundiai.sp.gov.br\/noticias\/2025\/07\/01\/fundo-social-de-solidariedade-e-centro-paula-souza-abrem-inscricoes-para-curso-de-corte-e-costura-em-jundiai\/","title":{"rendered":"Fundo Social de Solidariedade e Centro Paula Souza abrem inscri\u00e7\u00f5es para curso de Corte e Costura em Jundia\u00ed"},"content":{"rendered":"\n<p>O Fundo Social de Solidariedade de Jundia\u00ed, em parceria com o Centro Paula Souza, est\u00e1 com inscri\u00e7\u00f5es abertas para o curso gratuito de Corte e Costura, do programa Qualifica SP, iniciativa do Governo do Estado voltada \u00e0 qualifica\u00e7\u00e3o profissional e inser\u00e7\u00e3o no mercado de trabalho.<\/p>\n\n\n\n<figure class=\"wp-block-image size-large\"><img loading=\"lazy\" decoding=\"async\" width=\"1280\" height=\"960\" src=\"https:\/\/jundiai.sp.gov.br\/noticias\/wp-content\/uploads\/sites\/32\/2025\/07\/whatsapp-image-2025-07-01-at-09-04-34-1280x960.jpeg\" alt=\"\" class=\"wp-image-360906\" srcset=\"https:\/\/jundiai.sp.gov.br\/noticias\/wp-content\/uploads\/sites\/32\/2025\/07\/whatsapp-image-2025-07-01-at-09-04-34-1280x960.jpeg 1280w, https:\/\/jundiai.sp.gov.br\/noticias\/wp-content\/uploads\/sites\/32\/2025\/07\/whatsapp-image-2025-07-01-at-09-04-34-300x225.jpeg 300w, https:\/\/jundiai.sp.gov.br\/noticias\/wp-content\/uploads\/sites\/32\/2025\/07\/whatsapp-image-2025-07-01-at-09-04-34-768x576.jpeg 768w, https:\/\/jundiai.sp.gov.br\/noticias\/wp-content\/uploads\/sites\/32\/2025\/07\/whatsapp-image-2025-07-01-at-09-04-34-1536x1152.jpeg 1536w, https:\/\/jundiai.sp.gov.br\/noticias\/wp-content\/uploads\/sites\/32\/2025\/07\/whatsapp-image-2025-07-01-at-09-04-34.jpeg 1600w\" sizes=\"auto, (max-width: 1280px) 100vw, 1280px\" \/><figcaption class=\"wp-element-caption\"><em>Ser\u00e3o disponibilizadas 20 vagas com in\u00edcio em 21 de julho<\/em><\/figcaption><\/figure>\n\n\n\n<p>As aulas ser\u00e3o presenciais, realizadas na sede do Fundo Social, no per\u00edodo da tarde, com in\u00edcio previsto para o dia 21 de julho. Ser\u00e3o disponibilizadas 20 vagas e a idade m\u00ednima \u00e9 de 16 anos. Os cursos oferecem forma\u00e7\u00e3o pr\u00e1tica e certifica\u00e7\u00e3o gratuita, proporcionando mais oportunidades para quem busca se destacar profissionalmente.<\/p>\n\n\n\n<p>As inscri\u00e7\u00f5es ser\u00e3o realizadas de forma online at\u00e9 o dia 14 de julho e as vagas s\u00e3o limitadas. Os interessados devem acessar o site oficial do programa para consultar os cursos dispon\u00edveis em Jundia\u00ed e efetuar sua inscri\u00e7\u00e3o:<br>\u00a0<a href=\"https:\/\/www.alunos.cettpro.sp.gov.br\/novo-emprego\/cursos\/3bd0b98c-fb1a-f011-998b-6045bd382c2b\" target=\"_blank\" rel=\"noreferrer noopener\">https:\/\/www.alunos.cettpro.sp.gov.br\/novo-emprego\/cursos\/3bd0b98c-fb1a-f011-998b-6045bd382c2b<\/a>.<\/p>\n\n\n\n<p>Com foco na capacita\u00e7\u00e3o de qualidade, essa \u00e9 uma excelente chance de investir no futuro e conquistar novas oportunidades no mercado de trabalho.<\/p>\n\n\n\n<p><strong>Assessoria de Imprensa<\/strong><br><strong>Fotos: Arquivo PMJ<\/strong><\/p>\n","protected":false},"excerpt":{"rendered":"<p>O Fundo Social de Solidariedade de Jundia\u00ed, em parceria com o Centro Paula Souza, est\u00e1 com inscri\u00e7\u00f5es abertas para o curso gratuito de Corte e Costura, do programa Qualifica SP, iniciativa do Governo do Estado voltada \u00e0 qualifica\u00e7\u00e3o profissional e inser\u00e7\u00e3o no mercado de trabalho. As aulas ser\u00e3o presenciais, realizadas na sede do Fundo Social, [&hellip;]<\/p>\n","protected":false},"author":126,"featured_media":360906,"comment_status":"closed","ping_status":"0","sticky":false,"template":"","format":"standard","meta":{"footnotes":""},"categories":[4620,2],"tags":[1143,430,416],"ods":[],"class_list":["post-360905","post","type-post","status-publish","format-standard","has-post-thumbnail","hentry","category-destaques","category-noticias","tag-centro-paula-souza","tag-cursos-gratuitos","tag-fundo-social-de-solidariedade-funss"],"_links":{"self":[{"href":"https:\/\/jundiai.sp.gov.br\/noticias\/wp-json\/wp\/v2\/posts\/360905","targetHints":{"allow":["GET"]}}],"collection":[{"href":"https:\/\/jundiai.sp.gov.br\/noticias\/wp-json\/wp\/v2\/posts"}],"about":[{"href":"https:\/\/jundiai.sp.gov.br\/noticias\/wp-json\/wp\/v2\/types\/post"}],"author":[{"embeddable":true,"href":"https:\/\/jundiai.sp.gov.br\/noticias\/wp-json\/wp\/v2\/users\/126"}],"replies":[{"embeddable":true,"href":"https:\/\/jundiai.sp.gov.br\/noticias\/wp-json\/wp\/v2\/comments?post=360905"}],"version-history":[{"count":2,"href":"https:\/\/jundiai.sp.gov.br\/noticias\/wp-json\/wp\/v2\/posts\/360905\/revisions"}],"predecessor-version":[{"id":360911,"href":"https:\/\/jundiai.sp.gov.br\/noticias\/wp-json\/wp\/v2\/posts\/360905\/revisions\/360911"}],"wp:featuredmedia":[{"embeddable":true,"href":"https:\/\/jundiai.sp.gov.br\/noticias\/wp-json\/wp\/v2\/media\/360906"}],"wp:attachment":[{"href":"https:\/\/jundiai.sp.gov.br\/noticias\/wp-json\/wp\/v2\/media?parent=360905"}],"wp:term":[{"taxonomy":"category","embeddable":true,"href":"https:\/\/jundiai.sp.gov.br\/noticias\/wp-json\/wp\/v2\/categories?post=360905"},{"taxonomy":"post_tag","embeddable":true,"href":"https:\/\/jundiai.sp.gov.br\/noticias\/wp-json\/wp\/v2\/tags?post=360905"},{"taxonomy":"ods","embeddable":true,"href":"https:\/\/jundiai.sp.gov.br\/noticias\/wp-json\/wp\/v2\/ods?post=360905"}],"curies":[{"name":"wp","href":"https:\/\/api.w.org\/{rel}","templated":true}]}}