{"id":360970,"date":"2025-07-02T17:58:37","date_gmt":"2025-07-02T20:58:37","guid":{"rendered":"https:\/\/jundiai.sp.gov.br\/noticias\/?p=360970"},"modified":"2025-07-02T17:58:37","modified_gmt":"2025-07-02T20:58:37","slug":"14a-conferencia-municipal-de-assistencia-social-de-jundiai-celebra-20-anos-do-suas-e-propoe-avancos-para-o-futuro","status":"publish","type":"post","link":"https:\/\/jundiai.sp.gov.br\/noticias\/2025\/07\/02\/14a-conferencia-municipal-de-assistencia-social-de-jundiai-celebra-20-anos-do-suas-e-propoe-avancos-para-o-futuro\/","title":{"rendered":"14\u00aa Confer\u00eancia Municipal de Assist\u00eancia Social de Jundia\u00ed celebra 20 anos do SUAS e prop\u00f5e avan\u00e7os para o futuro"},"content":{"rendered":"\n<p>Teve in\u00edcio nesta quarta-feira (02) e continua nesta quinta (03), a 14\u00aa Confer\u00eancia Municipal de Assist\u00eancia Social de Jundia\u00ed, evento que re\u00fane trabalhadores da rede socioassistencial, representantes do Poder P\u00fablico, entidades da sociedade civil e, principalmente, usu\u00e1rios da pol\u00edtica de assist\u00eancia. Com o tema \u201c20 anos do SUAS: constru\u00e7\u00e3o, prote\u00e7\u00e3o social e resist\u00eancia\u201d, a confer\u00eancia celebra as duas d\u00e9cadas do Sistema \u00danico de Assist\u00eancia Social e promove o debate sobre os caminhos para seu fortalecimento nos pr\u00f3ximos anos.<\/p>\n\n\n\n<p>Organizado pela Unidade de Gest\u00e3o de Assist\u00eancia e Desenvolvimento Social (UGADS), em parceria com o Conselho Municipal de Assist\u00eancia Social (CMAS), o encontro tem como objetivo principal avaliar as a\u00e7\u00f5es realizadas no munic\u00edpio e propor diretrizes para a formula\u00e7\u00e3o de pol\u00edticas p\u00fablicas mais justas, inclusivas e eficazes.<\/p>\n\n\n\n<figure class=\"wp-block-image size-large\"><img loading=\"lazy\" decoding=\"async\" width=\"1280\" height=\"854\" src=\"https:\/\/jundiai.sp.gov.br\/noticias\/wp-content\/uploads\/sites\/32\/2025\/07\/14_conferencia_municipal_de_assistencia_social_v-48-1280x854.jpg\" alt=\"\" class=\"wp-image-361064\" srcset=\"https:\/\/jundiai.sp.gov.br\/noticias\/wp-content\/uploads\/sites\/32\/2025\/07\/14_conferencia_municipal_de_assistencia_social_v-48-1280x854.jpg 1280w, https:\/\/jundiai.sp.gov.br\/noticias\/wp-content\/uploads\/sites\/32\/2025\/07\/14_conferencia_municipal_de_assistencia_social_v-48-300x200.jpg 300w, https:\/\/jundiai.sp.gov.br\/noticias\/wp-content\/uploads\/sites\/32\/2025\/07\/14_conferencia_municipal_de_assistencia_social_v-48-768x512.jpg 768w, https:\/\/jundiai.sp.gov.br\/noticias\/wp-content\/uploads\/sites\/32\/2025\/07\/14_conferencia_municipal_de_assistencia_social_v-48-1536x1024.jpg 1536w, https:\/\/jundiai.sp.gov.br\/noticias\/wp-content\/uploads\/sites\/32\/2025\/07\/14_conferencia_municipal_de_assistencia_social_v-48-450x300.jpg 450w, https:\/\/jundiai.sp.gov.br\/noticias\/wp-content\/uploads\/sites\/32\/2025\/07\/14_conferencia_municipal_de_assistencia_social_v-48.jpg 1900w\" sizes=\"auto, (max-width: 1280px) 100vw, 1280px\" \/><figcaption class=\"wp-element-caption\">Abertura 14\u00aa Confer\u00eancia Municipal de Assist\u00eancia Social<\/figcaption><\/figure>\n\n\n\n<p>Na abertura, a gestora da UGADS, Luciane Mosca, destacou o car\u00e1ter simb\u00f3lico e estrat\u00e9gico da confer\u00eancia. \u201cEste \u00e9 um momento crucial para revisitarmos a trajet\u00f3ria do SUAS, seus avan\u00e7os e desafios ao longo dessas duas d\u00e9cadas. Precisamos reformar princ\u00edpios, planejar o futuro da prote\u00e7\u00e3o social e garantir que a pol\u00edtica de assist\u00eancia esteja na agenda estrat\u00e9gica do governo. A assist\u00eancia n\u00e3o pode ser invis\u00edvel. Trabalhamos pelo resgate da autonomia, para que a vulnerabilidade social seja tempor\u00e1ria, nunca uma senten\u00e7a.\u201d<\/p>\n\n\n\n<p>O evento conta com a participa\u00e7\u00e3o de representantes de diversos segmentos e, pela primeira vez, com adolescentes do CIEE. Para a presidente do CMAS, Maria Polli Mendes Pereira, a confer\u00eancia cumpre um papel essencial na escuta da popula\u00e7\u00e3o e na formula\u00e7\u00e3o de pol\u00edticas p\u00fablicas mais pr\u00f3ximas da realidade dos usu\u00e1rios. \u201cEstamos reunidos para discutir a pol\u00edtica de assist\u00eancia com paridade: poder p\u00fablico, entidades sociais, usu\u00e1rios e sociedade civil. A presen\u00e7a dos usu\u00e1rios \u00e9 fundamental, porque s\u00f3 existe assist\u00eancia porque existe desigualdade. E, muitas vezes, naturalizamos a pol\u00edtica como se fosse apenas t\u00e9cnica. Precisamos ampliar os horizontes a partir da escuta real, acess\u00edvel e qualificada desses usu\u00e1rios, que vivem diariamente os impactos da pol\u00edtica p\u00fablica\u201d, afirmou Maria.<\/p>\n\n\n\n<p>A representante dos trabalhadores do SUAS em Jundia\u00ed, Amanda Silva, enfatizou que a confer\u00eancia \u00e9 mais do que um rito institucional. \u201c\u00c9 o reconhecimento da pot\u00eancia que essa pol\u00edtica tem. Foi a partir de confer\u00eancias que desenhamos o sistema que queremos. \u00c9 hora de analisar o que foi feito e reconhecer o que ainda precisa ser feito, com base nas hist\u00f3rias das pessoas. Ser trabalhador do SUAS \u00e9 estar na linha de frente da transforma\u00e7\u00e3o social.\u201d<\/p>\n\n\n\n<div class=\"wp-block-columns is-layout-flex wp-container-core-columns-is-layout-9d6595d7 wp-block-columns-is-layout-flex\">\n<div class=\"wp-block-column is-layout-flow wp-block-column-is-layout-flow\">\n<figure class=\"wp-block-image size-large\"><img loading=\"lazy\" decoding=\"async\" width=\"1280\" height=\"854\" src=\"https:\/\/jundiai.sp.gov.br\/noticias\/wp-content\/uploads\/sites\/32\/2025\/07\/14_conferencia_municipal_de_assistencia_social_v-70-1280x854.jpg\" alt=\"\" class=\"wp-image-361065\" srcset=\"https:\/\/jundiai.sp.gov.br\/noticias\/wp-content\/uploads\/sites\/32\/2025\/07\/14_conferencia_municipal_de_assistencia_social_v-70-1280x854.jpg 1280w, https:\/\/jundiai.sp.gov.br\/noticias\/wp-content\/uploads\/sites\/32\/2025\/07\/14_conferencia_municipal_de_assistencia_social_v-70-300x200.jpg 300w, https:\/\/jundiai.sp.gov.br\/noticias\/wp-content\/uploads\/sites\/32\/2025\/07\/14_conferencia_municipal_de_assistencia_social_v-70-768x512.jpg 768w, https:\/\/jundiai.sp.gov.br\/noticias\/wp-content\/uploads\/sites\/32\/2025\/07\/14_conferencia_municipal_de_assistencia_social_v-70-1536x1024.jpg 1536w, https:\/\/jundiai.sp.gov.br\/noticias\/wp-content\/uploads\/sites\/32\/2025\/07\/14_conferencia_municipal_de_assistencia_social_v-70-450x300.jpg 450w, https:\/\/jundiai.sp.gov.br\/noticias\/wp-content\/uploads\/sites\/32\/2025\/07\/14_conferencia_municipal_de_assistencia_social_v-70.jpg 1900w\" sizes=\"auto, (max-width: 1280px) 100vw, 1280px\" \/><figcaption class=\"wp-element-caption\">Grande p\u00fablico marcou presen\u00e7a no evento <\/figcaption><\/figure>\n<\/div>\n\n\n\n<div class=\"wp-block-column is-layout-flow wp-block-column-is-layout-flow\">\n<figure class=\"wp-block-image size-large\"><img loading=\"lazy\" decoding=\"async\" width=\"1280\" height=\"854\" src=\"https:\/\/jundiai.sp.gov.br\/noticias\/wp-content\/uploads\/sites\/32\/2025\/07\/14_conferencia_municipal_de_assistencia_social_v-73-1280x854.jpg\" alt=\"\" class=\"wp-image-361066\" srcset=\"https:\/\/jundiai.sp.gov.br\/noticias\/wp-content\/uploads\/sites\/32\/2025\/07\/14_conferencia_municipal_de_assistencia_social_v-73-1280x854.jpg 1280w, https:\/\/jundiai.sp.gov.br\/noticias\/wp-content\/uploads\/sites\/32\/2025\/07\/14_conferencia_municipal_de_assistencia_social_v-73-300x200.jpg 300w, https:\/\/jundiai.sp.gov.br\/noticias\/wp-content\/uploads\/sites\/32\/2025\/07\/14_conferencia_municipal_de_assistencia_social_v-73-768x512.jpg 768w, https:\/\/jundiai.sp.gov.br\/noticias\/wp-content\/uploads\/sites\/32\/2025\/07\/14_conferencia_municipal_de_assistencia_social_v-73-1536x1024.jpg 1536w, https:\/\/jundiai.sp.gov.br\/noticias\/wp-content\/uploads\/sites\/32\/2025\/07\/14_conferencia_municipal_de_assistencia_social_v-73-450x300.jpg 450w, https:\/\/jundiai.sp.gov.br\/noticias\/wp-content\/uploads\/sites\/32\/2025\/07\/14_conferencia_municipal_de_assistencia_social_v-73.jpg 1900w\" sizes=\"auto, (max-width: 1280px) 100vw, 1280px\" \/><figcaption class=\"wp-element-caption\">Alunos do CIEE<\/figcaption><\/figure>\n<\/div>\n\n\n\n<div class=\"wp-block-column is-layout-flow wp-block-column-is-layout-flow\">\n<figure class=\"wp-block-image size-large\"><img loading=\"lazy\" decoding=\"async\" width=\"1280\" height=\"854\" src=\"https:\/\/jundiai.sp.gov.br\/noticias\/wp-content\/uploads\/sites\/32\/2025\/07\/14_conferencia_municipal_de_assistencia_social_v-9-1280x854.jpg\" alt=\"\" class=\"wp-image-361067\" srcset=\"https:\/\/jundiai.sp.gov.br\/noticias\/wp-content\/uploads\/sites\/32\/2025\/07\/14_conferencia_municipal_de_assistencia_social_v-9-1280x854.jpg 1280w, https:\/\/jundiai.sp.gov.br\/noticias\/wp-content\/uploads\/sites\/32\/2025\/07\/14_conferencia_municipal_de_assistencia_social_v-9-300x200.jpg 300w, https:\/\/jundiai.sp.gov.br\/noticias\/wp-content\/uploads\/sites\/32\/2025\/07\/14_conferencia_municipal_de_assistencia_social_v-9-768x512.jpg 768w, https:\/\/jundiai.sp.gov.br\/noticias\/wp-content\/uploads\/sites\/32\/2025\/07\/14_conferencia_municipal_de_assistencia_social_v-9-1536x1024.jpg 1536w, https:\/\/jundiai.sp.gov.br\/noticias\/wp-content\/uploads\/sites\/32\/2025\/07\/14_conferencia_municipal_de_assistencia_social_v-9-450x300.jpg 450w, https:\/\/jundiai.sp.gov.br\/noticias\/wp-content\/uploads\/sites\/32\/2025\/07\/14_conferencia_municipal_de_assistencia_social_v-9.jpg 1900w\" sizes=\"auto, (max-width: 1280px) 100vw, 1280px\" \/><figcaption class=\"wp-element-caption\">Apresenta\u00e7\u00e3o cultural <\/figcaption><\/figure>\n<\/div>\n<\/div>\n\n\n\n<p>Presente na abertura, o vice-prefeito Ricardo Benassi lembrou que o momento da confer\u00eancia dialoga diretamente com a constru\u00e7\u00e3o do Plano Plurianual (PPA) e da Lei Or\u00e7ament\u00e1ria Anual (LOA). \u201cEstamos definindo os rumos da cidade para os pr\u00f3ximos quatro anos, e essa escuta \u00e9 essencial. \u00c9 aqui que entendemos onde investir para mudar a realidade. Precisamos garantir investimento cont\u00ednuo e eficiente.\u201d<\/p>\n\n\n\n<p>Luciane Mosca finalizou sua fala com um apelo \u00e0 valoriza\u00e7\u00e3o concreta do SUAS. \u201cO trabalho que fazemos \u00e9 \u00e1rduo, muitas vezes invis\u00edvel e ainda enfrentamos diariamente as fake news que colocam em xeque o esfor\u00e7o da rede. Para que a assist\u00eancia social esteja realmente na linha de frente da constru\u00e7\u00e3o de uma cidade mais justa, \u00e9 preciso reconhecimento da import\u00e2ncia dessa pol\u00edtica para as fam\u00edlias em situa\u00e7\u00e3o de vulnerabilidade.\u201d<\/p>\n\n\n\n<p>Durante os dois dias de evento, os participantes se debru\u00e7am sobre cinco eixos tem\u00e1ticos que orientam os debates e a elabora\u00e7\u00e3o de propostas:<\/p>\n\n\n\n<ol start=\"1\" class=\"wp-block-list\">\n<li>Universaliza\u00e7\u00e3o do SUAS: Acesso Integral com Equidade e Respeito \u00e0s Diversidades<\/li>\n\n\n\n<li>Aperfei\u00e7oamento Cont\u00ednuo do SUAS: Inova\u00e7\u00e3o, Gest\u00e3o Descentralizada e Valoriza\u00e7\u00e3o Profissional<\/li>\n\n\n\n<li>Integra\u00e7\u00e3o de Benef\u00edcios e Servi\u00e7os Socioassistenciais: Fortalecendo a Prote\u00e7\u00e3o Social, Seguran\u00e7a de Renda e Inclus\u00e3o Social<\/li>\n\n\n\n<li>Gest\u00e3o Democr\u00e1tica e Comunica\u00e7\u00e3o Transparente: Fortalecendo a Participa\u00e7\u00e3o Social<\/li>\n\n\n\n<li>Sustentabilidade Financeira e Equidade no Cofinanciamento do SUAS<\/li>\n<\/ol>\n\n\n\n<p>A 14\u00aa Confer\u00eancia segue at\u00e9 o fim da tarde de quinta-feira (03), com discuss\u00f5es em grupo, constru\u00e7\u00e3o de propostas e elei\u00e7\u00e3o dos delegados que representar\u00e3o o munic\u00edpio na etapa estadual.<\/p>\n\n\n\n<p><strong>Assessoria de Imprensa<br>Fotos: Fot\u00f3grafos PMJ&nbsp;<\/strong><\/p>\n","protected":false},"excerpt":{"rendered":"<p>Teve in\u00edcio nesta quarta-feira (02) e continua nesta quinta (03), a 14\u00aa Confer\u00eancia Municipal de Assist\u00eancia Social de Jundia\u00ed, evento que re\u00fane trabalhadores da rede socioassistencial, representantes do Poder P\u00fablico, entidades da sociedade civil e, principalmente, usu\u00e1rios da pol\u00edtica de assist\u00eancia. Com o tema \u201c20 anos do SUAS: constru\u00e7\u00e3o, prote\u00e7\u00e3o social e resist\u00eancia\u201d, a confer\u00eancia [&hellip;]<\/p>\n","protected":false},"author":69,"featured_media":361064,"comment_status":"closed","ping_status":"0","sticky":false,"template":"","format":"standard","meta":{"footnotes":""},"categories":[2],"tags":[5258,980,5259,5260,1406,2687],"ods":[],"class_list":["post-360970","post","type-post","status-publish","format-standard","has-post-thumbnail","hentry","category-noticias","tag-14a-conferencia-municipal-de-assistencia-social","tag-assistencia-e-desenvolvimento-social","tag-conselho-municipal-de-assistencia-social-cmas","tag-suas","tag-ugads","tag-unidade-de-gestao-de-desenvolvimento-e-assistencia-social-ugads"],"_links":{"self":[{"href":"https:\/\/jundiai.sp.gov.br\/noticias\/wp-json\/wp\/v2\/posts\/360970","targetHints":{"allow":["GET"]}}],"collection":[{"href":"https:\/\/jundiai.sp.gov.br\/noticias\/wp-json\/wp\/v2\/posts"}],"about":[{"href":"https:\/\/jundiai.sp.gov.br\/noticias\/wp-json\/wp\/v2\/types\/post"}],"author":[{"embeddable":true,"href":"https:\/\/jundiai.sp.gov.br\/noticias\/wp-json\/wp\/v2\/users\/69"}],"replies":[{"embeddable":true,"href":"https:\/\/jundiai.sp.gov.br\/noticias\/wp-json\/wp\/v2\/comments?post=360970"}],"version-history":[{"count":3,"href":"https:\/\/jundiai.sp.gov.br\/noticias\/wp-json\/wp\/v2\/posts\/360970\/revisions"}],"predecessor-version":[{"id":361082,"href":"https:\/\/jundiai.sp.gov.br\/noticias\/wp-json\/wp\/v2\/posts\/360970\/revisions\/361082"}],"wp:featuredmedia":[{"embeddable":true,"href":"https:\/\/jundiai.sp.gov.br\/noticias\/wp-json\/wp\/v2\/media\/361064"}],"wp:attachment":[{"href":"https:\/\/jundiai.sp.gov.br\/noticias\/wp-json\/wp\/v2\/media?parent=360970"}],"wp:term":[{"taxonomy":"category","embeddable":true,"href":"https:\/\/jundiai.sp.gov.br\/noticias\/wp-json\/wp\/v2\/categories?post=360970"},{"taxonomy":"post_tag","embeddable":true,"href":"https:\/\/jundiai.sp.gov.br\/noticias\/wp-json\/wp\/v2\/tags?post=360970"},{"taxonomy":"ods","embeddable":true,"href":"https:\/\/jundiai.sp.gov.br\/noticias\/wp-json\/wp\/v2\/ods?post=360970"}],"curies":[{"name":"wp","href":"https:\/\/api.w.org\/{rel}","templated":true}]}}