{"id":361027,"date":"2025-07-04T14:15:00","date_gmt":"2025-07-04T17:15:00","guid":{"rendered":"https:\/\/jundiai.sp.gov.br\/noticias\/?p=361027"},"modified":"2025-07-03T17:13:23","modified_gmt":"2025-07-03T20:13:23","slug":"guarda-municipal-recebe-moradores-da-regiao-do-castanho-e-reforca-compromisso-com-a-seguranca","status":"publish","type":"post","link":"https:\/\/jundiai.sp.gov.br\/noticias\/2025\/07\/04\/guarda-municipal-recebe-moradores-da-regiao-do-castanho-e-reforca-compromisso-com-a-seguranca\/","title":{"rendered":"Guarda Municipal recebe moradores da regi\u00e3o do Castanho e refor\u00e7a compromisso com a seguran\u00e7a"},"content":{"rendered":"\n<p>A Guarda Municipal de Jundia\u00ed (GMJ) recebeu moradores dos bairros Castanho, Aldeia Primavera e Tijuco Preto, em uma reuni\u00e3o voltada ao fortalecimento da seguran\u00e7a na zona rural do munic\u00edpio. Cerca de 20 representantes da comunidade participaram do encontro, que teve como pauta principal a amplia\u00e7\u00e3o do Patrulhamento Rural e o monitoramento por meio de c\u00e2meras.<\/p>\n\n\n\n<figure class=\"wp-block-image size-full\"><img loading=\"lazy\" decoding=\"async\" width=\"1280\" height=\"721\" src=\"https:\/\/jundiai.sp.gov.br\/noticias\/wp-content\/uploads\/sites\/32\/2025\/07\/whatsapp-image-2025-07-01-at-14-34-54-2.jpeg\" alt=\"\" class=\"wp-image-361028\" srcset=\"https:\/\/jundiai.sp.gov.br\/noticias\/wp-content\/uploads\/sites\/32\/2025\/07\/whatsapp-image-2025-07-01-at-14-34-54-2.jpeg 1280w, https:\/\/jundiai.sp.gov.br\/noticias\/wp-content\/uploads\/sites\/32\/2025\/07\/whatsapp-image-2025-07-01-at-14-34-54-2-300x169.jpeg 300w, https:\/\/jundiai.sp.gov.br\/noticias\/wp-content\/uploads\/sites\/32\/2025\/07\/whatsapp-image-2025-07-01-at-14-34-54-2-768x433.jpeg 768w\" sizes=\"auto, (max-width: 1280px) 100vw, 1280px\" \/><figcaption class=\"wp-element-caption\">Moradores da regi\u00e3o do Castanho participaram de reuni\u00e3o com a GMJ para tratar de a\u00e7\u00f5es de seguran\u00e7a <\/figcaption><\/figure>\n\n\n\n<p><strong>Escuta ativa e di\u00e1logo com a popula\u00e7\u00e3o<\/strong><br>Durante a reuni\u00e3o, os moradores relataram situa\u00e7\u00f5es da regi\u00e3o e apresentaram sugest\u00f5es voltadas ao refor\u00e7o da seguran\u00e7a, como a instala\u00e7\u00e3o de c\u00e2meras com leitura de placas e rondas mais frequentes.\u00a0<\/p>\n\n\n\n<p>O comandante da GMJ, C\u00e1ssio Nicola, destacou a relev\u00e2ncia da participa\u00e7\u00e3o da comunidade e anunciou que os bairros Castanho, Aldeia Primavera e Tijuco Preto ser\u00e3o inclu\u00eddos na rota do Patrulhamento Rural j\u00e1 neste m\u00eas.<\/p>\n\n\n\n<p>\u201cO di\u00e1logo com a popula\u00e7\u00e3o \u00e9 essencial para que possamos direcionar nossas a\u00e7\u00f5es de forma assertiva. A partir de julho, esses bairros passar\u00e3o a receber o refor\u00e7o do nosso patrulhamento, com foco na preven\u00e7\u00e3o e no bem-estar dos moradores\u201d, afirmou.<\/p>\n\n\n\n<p>Al\u00e9m do comandante, tamb\u00e9m estiveram presentes o diretor do N\u00facleo de Intelig\u00eancia em Assuntos de Seguran\u00e7a Municipal, Odair Matenauer, e o GM Thadeu Garcia. A iniciativa est\u00e1 alinhada \u00e0s diretrizes da gest\u00e3o municipal, que prioriza a escuta ativa da popula\u00e7\u00e3o e a atua\u00e7\u00e3o integrada das for\u00e7as de seguran\u00e7a.<\/p>\n\n\n\n<p><strong>Participa\u00e7\u00e3o ativa da comunidade<\/strong><\/p>\n\n\n\n<p>A reuni\u00e3o foi organizada com o apoio de lideran\u00e7as locais, como Fl\u00e1vio Visnardi, que ressaltou a import\u00e2ncia da aproxima\u00e7\u00e3o entre comunidade e poder p\u00fablico. \u201cA popula\u00e7\u00e3o est\u00e1 disposta a contribuir com sugest\u00f5es e acompanhar de perto as a\u00e7\u00f5es. Ver essa abertura da Guarda \u00e9 muito positivo para todos n\u00f3s\u201d, comentou.<\/p>\n\n\n\n<p>A GMJ seguir\u00e1 acompanhando as demandas da regi\u00e3o e avaliando, de forma cont\u00ednua, os resultados das a\u00e7\u00f5es implementadas. O objetivo \u00e9 ampliar a presen\u00e7a preventiva da corpora\u00e7\u00e3o e garantir mais tranquilidade \u00e0 popula\u00e7\u00e3o rural de Jundia\u00ed.<\/p>\n\n\n\n<figure class=\"wp-block-image size-full\"><img loading=\"lazy\" decoding=\"async\" width=\"1280\" height=\"721\" src=\"https:\/\/jundiai.sp.gov.br\/noticias\/wp-content\/uploads\/sites\/32\/2025\/07\/whatsapp-image-2025-07-01-at-14-34-54.jpeg\" alt=\"\" class=\"wp-image-361029\" srcset=\"https:\/\/jundiai.sp.gov.br\/noticias\/wp-content\/uploads\/sites\/32\/2025\/07\/whatsapp-image-2025-07-01-at-14-34-54.jpeg 1280w, https:\/\/jundiai.sp.gov.br\/noticias\/wp-content\/uploads\/sites\/32\/2025\/07\/whatsapp-image-2025-07-01-at-14-34-54-300x169.jpeg 300w, https:\/\/jundiai.sp.gov.br\/noticias\/wp-content\/uploads\/sites\/32\/2025\/07\/whatsapp-image-2025-07-01-at-14-34-54-768x433.jpeg 768w\" sizes=\"auto, (max-width: 1280px) 100vw, 1280px\" \/><figcaption class=\"wp-element-caption\">O comandante da GMJ, C\u00e1ssio Nicola, apresentou as pr\u00f3ximas etapas do Patrulhamento Rural na regi\u00e3o<\/figcaption><\/figure>\n\n\n\n<p><strong>Assessoria de Imprensa<br>Fotos: GMJ<\/strong><\/p>\n","protected":false},"excerpt":{"rendered":"<p>A Guarda Municipal de Jundia\u00ed (GMJ) recebeu moradores dos bairros Castanho, Aldeia Primavera e Tijuco Preto, em uma reuni\u00e3o voltada ao fortalecimento da seguran\u00e7a na zona rural do munic\u00edpio. Cerca de 20 representantes da comunidade participaram do encontro, que teve como pauta principal a amplia\u00e7\u00e3o do Patrulhamento Rural e o monitoramento por meio de c\u00e2meras. [&hellip;]<\/p>\n","protected":false},"author":124,"featured_media":361030,"comment_status":"closed","ping_status":"0","sticky":false,"template":"","format":"standard","meta":{"footnotes":""},"categories":[2],"tags":[5257,5256,2633,31,2632,2818,3177],"ods":[],"class_list":["post-361027","post","type-post","status-publish","format-standard","has-post-thumbnail","hentry","category-noticias","tag-aldeia-primavera","tag-bairro-castanho","tag-gmj","tag-guarda-municipal","tag-guarda-municipal-de-jundiai","tag-seguranca-publica","tag-tijuco-preto"],"_links":{"self":[{"href":"https:\/\/jundiai.sp.gov.br\/noticias\/wp-json\/wp\/v2\/posts\/361027","targetHints":{"allow":["GET"]}}],"collection":[{"href":"https:\/\/jundiai.sp.gov.br\/noticias\/wp-json\/wp\/v2\/posts"}],"about":[{"href":"https:\/\/jundiai.sp.gov.br\/noticias\/wp-json\/wp\/v2\/types\/post"}],"author":[{"embeddable":true,"href":"https:\/\/jundiai.sp.gov.br\/noticias\/wp-json\/wp\/v2\/users\/124"}],"replies":[{"embeddable":true,"href":"https:\/\/jundiai.sp.gov.br\/noticias\/wp-json\/wp\/v2\/comments?post=361027"}],"version-history":[{"count":2,"href":"https:\/\/jundiai.sp.gov.br\/noticias\/wp-json\/wp\/v2\/posts\/361027\/revisions"}],"predecessor-version":[{"id":361051,"href":"https:\/\/jundiai.sp.gov.br\/noticias\/wp-json\/wp\/v2\/posts\/361027\/revisions\/361051"}],"wp:featuredmedia":[{"embeddable":true,"href":"https:\/\/jundiai.sp.gov.br\/noticias\/wp-json\/wp\/v2\/media\/361030"}],"wp:attachment":[{"href":"https:\/\/jundiai.sp.gov.br\/noticias\/wp-json\/wp\/v2\/media?parent=361027"}],"wp:term":[{"taxonomy":"category","embeddable":true,"href":"https:\/\/jundiai.sp.gov.br\/noticias\/wp-json\/wp\/v2\/categories?post=361027"},{"taxonomy":"post_tag","embeddable":true,"href":"https:\/\/jundiai.sp.gov.br\/noticias\/wp-json\/wp\/v2\/tags?post=361027"},{"taxonomy":"ods","embeddable":true,"href":"https:\/\/jundiai.sp.gov.br\/noticias\/wp-json\/wp\/v2\/ods?post=361027"}],"curies":[{"name":"wp","href":"https:\/\/api.w.org\/{rel}","templated":true}]}}