{"id":361042,"date":"2025-07-05T10:00:00","date_gmt":"2025-07-05T13:00:00","guid":{"rendered":"https:\/\/jundiai.sp.gov.br\/noticias\/?p=361042"},"modified":"2025-07-03T12:03:02","modified_gmt":"2025-07-03T15:03:02","slug":"jundiai-registra-menor-taxa-de-roubos-da-serie-historica-e-amplia-combate-ao-trafico-de-drogas","status":"publish","type":"post","link":"https:\/\/jundiai.sp.gov.br\/noticias\/2025\/07\/05\/jundiai-registra-menor-taxa-de-roubos-da-serie-historica-e-amplia-combate-ao-trafico-de-drogas\/","title":{"rendered":"Jundia\u00ed registra menor taxa de roubos da s\u00e9rie hist\u00f3rica e amplia combate ao tr\u00e1fico de drogas"},"content":{"rendered":"\n<p>A Secretaria de Seguran\u00e7a P\u00fablica do Estado de S\u00e3o Paulo divulgou os dados estat\u00edsticos do m\u00eas de maio, e os resultados de Jundia\u00ed demonstram avan\u00e7os consistentes e expressivos na \u00e1rea da seguran\u00e7a p\u00fablica. Pelo quarto m\u00eas consecutivo, o munic\u00edpio registra a menor taxa de roubos desde o in\u00edcio da s\u00e9rie hist\u00f3rica, iniciada em 2001.<\/p>\n\n\n\n<figure class=\"wp-block-image size-large\"><img loading=\"lazy\" decoding=\"async\" width=\"1280\" height=\"720\" src=\"https:\/\/jundiai.sp.gov.br\/noticias\/wp-content\/uploads\/sites\/32\/2025\/07\/gm_reforco_-2-1280x720.jpg\" alt=\"\" class=\"wp-image-361044\" srcset=\"https:\/\/jundiai.sp.gov.br\/noticias\/wp-content\/uploads\/sites\/32\/2025\/07\/gm_reforco_-2-1280x720.jpg 1280w, https:\/\/jundiai.sp.gov.br\/noticias\/wp-content\/uploads\/sites\/32\/2025\/07\/gm_reforco_-2-300x169.jpg 300w, https:\/\/jundiai.sp.gov.br\/noticias\/wp-content\/uploads\/sites\/32\/2025\/07\/gm_reforco_-2-768x432.jpg 768w, https:\/\/jundiai.sp.gov.br\/noticias\/wp-content\/uploads\/sites\/32\/2025\/07\/gm_reforco_-2-1536x864.jpg 1536w, https:\/\/jundiai.sp.gov.br\/noticias\/wp-content\/uploads\/sites\/32\/2025\/07\/gm_reforco_-2.jpg 1900w\" sizes=\"auto, (max-width: 1280px) 100vw, 1280px\" \/><\/figure>\n\n\n\n<p>Al\u00e9m da queda nos roubos, os n\u00fameros apontam uma redu\u00e7\u00e3o significativa tamb\u00e9m nos furtos. O furto de ve\u00edculos caiu 50% e o total de furtos em geral apresentou uma redu\u00e7\u00e3o de 13% em compara\u00e7\u00e3o com o mesmo per\u00edodo de 2024. J\u00e1 os roubos classificados como \u201coutros\u201d diminu\u00edram 22%, e o n\u00famero de roubos de carga caiu de quatro para apenas um registro.<\/p>\n\n\n\n<p>De acordo com a Unidade de Gest\u00e3o de Seguran\u00e7a Municipal (UGSM), esses resultados s\u00e3o reflexo dos investimentos cont\u00ednuos em tecnologia, como a amplia\u00e7\u00e3o do sistema de videomonitoramento urbano, da presen\u00e7a ostensiva nas ruas e da integra\u00e7\u00e3o entre a Guarda Municipal de Jundia\u00ed e as pol\u00edcias Civil e Militar, que t\u00eam possibilitado respostas mais r\u00e1pidas e eficazes \u00e0s ocorr\u00eancias.<\/p>\n\n\n\n<p>Outro dado de destaque \u00e9 o aumento significativo no combate ao tr\u00e1fico de drogas. Nos primeiros cinco meses de 2025, Jundia\u00ed registrou 169 ocorr\u00eancias relacionadas ao tr\u00e1fico de entorpecentes, n\u00famero 22% superior ao total registrado durante todo o ano de 2022, que somou 138 casos. J\u00e1 o n\u00famero de apreens\u00f5es de drogas tamb\u00e9m segue em alta: foram 53 registros at\u00e9 maio, superando os totais anuais de 2021 (42), 2022 (39) e 2023 (52).<\/p>\n\n\n\n<p>O gestor da Unidade da UGSM, Guilherme Balbino Rigo, afirma que os dados refletem o esfor\u00e7o conjunto das for\u00e7as de seguran\u00e7a e as a\u00e7\u00f5es preventivas realizadas nos bairros. \u201cTemos trabalhado com foco em intelig\u00eancia, presen\u00e7a constante nas ruas e uso de tecnologia para garantir mais seguran\u00e7a \u00e0 popula\u00e7\u00e3o. Os dados comprovam que estamos no caminho certo, mas o trabalho continua\u201d, afirmou.<\/p>\n\n\n\n<p>O prefeito Gustavo Martinelli tamb\u00e9m destacou os resultados alcan\u00e7ados como reflexo de uma pol\u00edtica p\u00fablica eficiente, integrada e comprometida com a prote\u00e7\u00e3o dos jundiaienses. \u201cA seguran\u00e7a \u00e9 prioridade na nossa gest\u00e3o. Esses n\u00fameros mostram que o planejamento estrat\u00e9gico, o uso de tecnologia e a integra\u00e7\u00e3o das for\u00e7as de seguran\u00e7a est\u00e3o funcionando. Seguiremos investindo para que Jundia\u00ed seja cada vez mais uma cidade segura para viver, trabalhar e criar a fam\u00edlia\u201d, afirmou Martinelli.<\/p>\n\n\n\n<p>A administra\u00e7\u00e3o municipal refor\u00e7a o papel fundamental da popula\u00e7\u00e3o nesse processo, seja por meio de den\u00fancias an\u00f4nimas, seja na colabora\u00e7\u00e3o com as a\u00e7\u00f5es preventivas. A Unidade de Gest\u00e3o de Seguran\u00e7a Municipal seguir\u00e1 atuando de forma estrat\u00e9gica e integrada para manter os resultados positivos e ampliar a prote\u00e7\u00e3o nos diferentes territ\u00f3rios da cidade.<\/p>\n\n\n\n<p><strong>Assessoria de Imprensa<br>Fotos: Fot\u00f3grafos PMJ<\/strong><\/p>\n","protected":false},"excerpt":{"rendered":"<p>A Secretaria de Seguran\u00e7a P\u00fablica do Estado de S\u00e3o Paulo divulgou os dados estat\u00edsticos do m\u00eas de maio, e os resultados de Jundia\u00ed demonstram avan\u00e7os consistentes e expressivos na \u00e1rea da seguran\u00e7a p\u00fablica. Pelo quarto m\u00eas consecutivo, o munic\u00edpio registra a menor taxa de roubos desde o in\u00edcio da s\u00e9rie hist\u00f3rica, iniciada em 2001. Al\u00e9m [&hellip;]<\/p>\n","protected":false},"author":124,"featured_media":361044,"comment_status":"closed","ping_status":"0","sticky":false,"template":"","format":"standard","meta":{"footnotes":""},"categories":[2],"tags":[2633,2632,1219,2818],"ods":[],"class_list":["post-361042","post","type-post","status-publish","format-standard","has-post-thumbnail","hentry","category-noticias","tag-gmj","tag-guarda-municipal-de-jundiai","tag-seguranca","tag-seguranca-publica"],"_links":{"self":[{"href":"https:\/\/jundiai.sp.gov.br\/noticias\/wp-json\/wp\/v2\/posts\/361042","targetHints":{"allow":["GET"]}}],"collection":[{"href":"https:\/\/jundiai.sp.gov.br\/noticias\/wp-json\/wp\/v2\/posts"}],"about":[{"href":"https:\/\/jundiai.sp.gov.br\/noticias\/wp-json\/wp\/v2\/types\/post"}],"author":[{"embeddable":true,"href":"https:\/\/jundiai.sp.gov.br\/noticias\/wp-json\/wp\/v2\/users\/124"}],"replies":[{"embeddable":true,"href":"https:\/\/jundiai.sp.gov.br\/noticias\/wp-json\/wp\/v2\/comments?post=361042"}],"version-history":[{"count":7,"href":"https:\/\/jundiai.sp.gov.br\/noticias\/wp-json\/wp\/v2\/posts\/361042\/revisions"}],"predecessor-version":[{"id":361110,"href":"https:\/\/jundiai.sp.gov.br\/noticias\/wp-json\/wp\/v2\/posts\/361042\/revisions\/361110"}],"wp:featuredmedia":[{"embeddable":true,"href":"https:\/\/jundiai.sp.gov.br\/noticias\/wp-json\/wp\/v2\/media\/361044"}],"wp:attachment":[{"href":"https:\/\/jundiai.sp.gov.br\/noticias\/wp-json\/wp\/v2\/media?parent=361042"}],"wp:term":[{"taxonomy":"category","embeddable":true,"href":"https:\/\/jundiai.sp.gov.br\/noticias\/wp-json\/wp\/v2\/categories?post=361042"},{"taxonomy":"post_tag","embeddable":true,"href":"https:\/\/jundiai.sp.gov.br\/noticias\/wp-json\/wp\/v2\/tags?post=361042"},{"taxonomy":"ods","embeddable":true,"href":"https:\/\/jundiai.sp.gov.br\/noticias\/wp-json\/wp\/v2\/ods?post=361042"}],"curies":[{"name":"wp","href":"https:\/\/api.w.org\/{rel}","templated":true}]}}