{"id":361060,"date":"2025-07-06T13:00:00","date_gmt":"2025-07-06T16:00:00","guid":{"rendered":"https:\/\/jundiai.sp.gov.br\/noticias\/?p=361060"},"modified":"2025-07-03T12:17:51","modified_gmt":"2025-07-03T15:17:51","slug":"pesquisa-do-procon-jundiai-revela-diferencas-de-ate-342-no-preco-de-medicamentos-genericos","status":"publish","type":"post","link":"https:\/\/jundiai.sp.gov.br\/noticias\/2025\/07\/06\/pesquisa-do-procon-jundiai-revela-diferencas-de-ate-342-no-preco-de-medicamentos-genericos\/","title":{"rendered":"Pesquisa do Procon Jundia\u00ed revela diferen\u00e7as de at\u00e9 342% no pre\u00e7o de medicamentos gen\u00e9ricos"},"content":{"rendered":"\n<p>Levantamento realizado pelo Procon Jundia\u00ed identificou uma varia\u00e7\u00e3o de at\u00e9 342,81% no pre\u00e7o do medicamento gen\u00e9rico Glibenclamida (5 mg, 30 comprimidos) entre drogarias da cidade.<\/p>\n\n\n\n<p>A pesquisa, realizada recentemente, foi aplicada em seis estabelecimentos (f\u00edsicos e online) e incluiu 61 medicamentos amplamente utilizados, entre eles antibi\u00f3ticos, anti-inflamat\u00f3rios, antial\u00e9rgicos e antidepressivos.<\/p>\n\n\n\n<figure class=\"wp-block-image size-large\"><img loading=\"lazy\" decoding=\"async\" width=\"1280\" height=\"854\" src=\"https:\/\/jundiai.sp.gov.br\/noticias\/wp-content\/uploads\/sites\/32\/2025\/07\/imagens_fachada_procon_jundiai_pa-8-1280x854.jpg\" alt=\"\" class=\"wp-image-361061\" srcset=\"https:\/\/jundiai.sp.gov.br\/noticias\/wp-content\/uploads\/sites\/32\/2025\/07\/imagens_fachada_procon_jundiai_pa-8-1280x854.jpg 1280w, https:\/\/jundiai.sp.gov.br\/noticias\/wp-content\/uploads\/sites\/32\/2025\/07\/imagens_fachada_procon_jundiai_pa-8-300x200.jpg 300w, https:\/\/jundiai.sp.gov.br\/noticias\/wp-content\/uploads\/sites\/32\/2025\/07\/imagens_fachada_procon_jundiai_pa-8-768x512.jpg 768w, https:\/\/jundiai.sp.gov.br\/noticias\/wp-content\/uploads\/sites\/32\/2025\/07\/imagens_fachada_procon_jundiai_pa-8-1536x1024.jpg 1536w, https:\/\/jundiai.sp.gov.br\/noticias\/wp-content\/uploads\/sites\/32\/2025\/07\/imagens_fachada_procon_jundiai_pa-8-450x300.jpg 450w, https:\/\/jundiai.sp.gov.br\/noticias\/wp-content\/uploads\/sites\/32\/2025\/07\/imagens_fachada_procon_jundiai_pa-8.jpg 1900w\" sizes=\"auto, (max-width: 1280px) 100vw, 1280px\" \/><figcaption class=\"wp-element-caption\">Pesquisa de pre\u00e7os de medicamentos<\/figcaption><\/figure>\n\n\n\n<p>De acordo com os dados, os medicamentos de refer\u00eancia apresentaram alta de pre\u00e7os acima da infla\u00e7\u00e3o neste ano. Ao todo, foram analisados 28 medicamentos de refer\u00eancia e 33 gen\u00e9ricos, com coleta dos pre\u00e7os \u00e0 vista, considerando o maior desconto dispon\u00edvel ao consumidor comum. No caso das farm\u00e1cias online, os valores n\u00e3o incluem o frete, e tamb\u00e9m n\u00e3o foram considerados descontos de programas como o Farm\u00e1cia Popular.<\/p>\n\n\n\n<p><strong>Diferen\u00e7as<\/strong><br>Entre os medicamentos de refer\u00eancia a maior diferen\u00e7a foi o Sulfametoxazol + Trimetoprima (Bactrim \u2013 Roche, 400 + 80 mg, 20 comprimidos), com 31,59% entre o maior e o menor pre\u00e7o:<\/p>\n\n\n\n<p>Maior pre\u00e7o: R$ 38,78<br>Menor pre\u00e7o: R$ 29,47<br>Pre\u00e7o m\u00e9dio: R$ 33,38<\/p>\n\n\n\n<p>J\u00e1 entre os gen\u00e9ricos a maior varia\u00e7\u00e3o foi de 342,81%, no medicamento Glibenclamida (5 mg, 30 comprimidos):<\/p>\n\n\n\n<p>Maior pre\u00e7o: R$ 13,24<br>Menor pre\u00e7o: R$ 2,99<br>Pre\u00e7o m\u00e9dio: R$ 7,91<\/p>\n\n\n\n<p>Ainda assim, os gen\u00e9ricos s\u00e3o em m\u00e9dia, 62,62% mais baratos do que os de refer\u00eancia.<\/p>\n\n\n\n<p>O levantamento tamb\u00e9m foi realizado simultaneamente em outras cidades do interior e do litoral pelo PROCON\/SP.<\/p>\n\n\n\n<p>Os especialistas do PROCON\/SP refor\u00e7am que, mesmo diante da obrigatoriedade do respeito ao Pre\u00e7o M\u00e1ximo ao Consumidor (PMC), ainda \u00e9 poss\u00edvel encontrar grandes diferen\u00e7as de valor no mercado. Por isso, recomenda-se que o consumidor compare pre\u00e7os entre farm\u00e1cias f\u00edsicas e online e esteja atento \u00e0s condi\u00e7\u00f5es de venda e ofertas de descontos.<\/p>\n\n\n\n<p><strong>Assessoria de Imprensa<\/strong><br><strong>Fotos: Arquivo PMJ<\/strong><\/p>\n","protected":false},"excerpt":{"rendered":"<p>Levantamento realizado pelo Procon Jundia\u00ed identificou uma varia\u00e7\u00e3o de at\u00e9 342,81% no pre\u00e7o do medicamento gen\u00e9rico Glibenclamida (5 mg, 30 comprimidos) entre drogarias da cidade. A pesquisa, realizada recentemente, foi aplicada em seis estabelecimentos (f\u00edsicos e online) e incluiu 61 medicamentos amplamente utilizados, entre eles antibi\u00f3ticos, anti-inflamat\u00f3rios, antial\u00e9rgicos e antidepressivos. De acordo com os dados, [&hellip;]<\/p>\n","protected":false},"author":123,"featured_media":361061,"comment_status":"closed","ping_status":"0","sticky":false,"template":"","format":"standard","meta":{"footnotes":""},"categories":[4620,2],"tags":[4043,1957],"ods":[],"class_list":["post-361060","post","type-post","status-publish","format-standard","has-post-thumbnail","hentry","category-destaques","category-noticias","tag-medicamentos","tag-procon-de-jundiai"],"_links":{"self":[{"href":"https:\/\/jundiai.sp.gov.br\/noticias\/wp-json\/wp\/v2\/posts\/361060","targetHints":{"allow":["GET"]}}],"collection":[{"href":"https:\/\/jundiai.sp.gov.br\/noticias\/wp-json\/wp\/v2\/posts"}],"about":[{"href":"https:\/\/jundiai.sp.gov.br\/noticias\/wp-json\/wp\/v2\/types\/post"}],"author":[{"embeddable":true,"href":"https:\/\/jundiai.sp.gov.br\/noticias\/wp-json\/wp\/v2\/users\/123"}],"replies":[{"embeddable":true,"href":"https:\/\/jundiai.sp.gov.br\/noticias\/wp-json\/wp\/v2\/comments?post=361060"}],"version-history":[{"count":5,"href":"https:\/\/jundiai.sp.gov.br\/noticias\/wp-json\/wp\/v2\/posts\/361060\/revisions"}],"predecessor-version":[{"id":361123,"href":"https:\/\/jundiai.sp.gov.br\/noticias\/wp-json\/wp\/v2\/posts\/361060\/revisions\/361123"}],"wp:featuredmedia":[{"embeddable":true,"href":"https:\/\/jundiai.sp.gov.br\/noticias\/wp-json\/wp\/v2\/media\/361061"}],"wp:attachment":[{"href":"https:\/\/jundiai.sp.gov.br\/noticias\/wp-json\/wp\/v2\/media?parent=361060"}],"wp:term":[{"taxonomy":"category","embeddable":true,"href":"https:\/\/jundiai.sp.gov.br\/noticias\/wp-json\/wp\/v2\/categories?post=361060"},{"taxonomy":"post_tag","embeddable":true,"href":"https:\/\/jundiai.sp.gov.br\/noticias\/wp-json\/wp\/v2\/tags?post=361060"},{"taxonomy":"ods","embeddable":true,"href":"https:\/\/jundiai.sp.gov.br\/noticias\/wp-json\/wp\/v2\/ods?post=361060"}],"curies":[{"name":"wp","href":"https:\/\/api.w.org\/{rel}","templated":true}]}}