{"id":361958,"date":"2025-07-21T16:09:00","date_gmt":"2025-07-21T19:09:00","guid":{"rendered":"https:\/\/jundiai.sp.gov.br\/noticias\/?p=361958"},"modified":"2025-07-21T15:26:55","modified_gmt":"2025-07-21T18:26:55","slug":"escola-da-gente-com-as-energias-recarregadas-estudantes-voltam-as-aulas-na-rede-municipal","status":"publish","type":"post","link":"https:\/\/jundiai.sp.gov.br\/noticias\/2025\/07\/21\/escola-da-gente-com-as-energias-recarregadas-estudantes-voltam-as-aulas-na-rede-municipal\/","title":{"rendered":"Escola da Gente: com as energias recarregadas, estudantes voltam \u00e0s aulas na rede municipal"},"content":{"rendered":"\n<p>Ap\u00f3s as f\u00e9rias de julho, as unidades escolares da rede municipal de ensino tiveram a sua volta \u00e0s aulas j\u00e1 nesta segunda-feira (21). Alinhada com o programa \u201cEscola da Gente\u201d, a gestora de Educa\u00e7\u00e3o, Priscila Costa, aproveitou o dia para visitar algumas unidades escolares e dialogar com os estudantes e educadores.<\/p>\n\n\n\n<p>Uma das escolas visitadas foi a Emeb Antonio de P\u00e1dua Giaretta, unidade de Ensino Fundamental I (do 1\u00ba ao 5\u00ba ano) localizada no Jardim Carlos Gomes e que conta com cerca de 280 estudantes. Acompanhada da diretora da unidade escolar, Adriana Tonholo, Priscila percorreu as salas para dar as boas-vindas e dialogar com os estudantes.<\/p>\n\n\n\n<figure class=\"wp-block-image size-large\"><img loading=\"lazy\" decoding=\"async\" width=\"1280\" height=\"854\" src=\"https:\/\/jundiai.sp.gov.br\/noticias\/wp-content\/uploads\/sites\/32\/2025\/07\/volta_as_aulas_visita_gestora_emeb_giaretta-28-1280x854.jpg\" alt=\"\" class=\"wp-image-361983\" srcset=\"https:\/\/jundiai.sp.gov.br\/noticias\/wp-content\/uploads\/sites\/32\/2025\/07\/volta_as_aulas_visita_gestora_emeb_giaretta-28-1280x854.jpg 1280w, https:\/\/jundiai.sp.gov.br\/noticias\/wp-content\/uploads\/sites\/32\/2025\/07\/volta_as_aulas_visita_gestora_emeb_giaretta-28-300x200.jpg 300w, https:\/\/jundiai.sp.gov.br\/noticias\/wp-content\/uploads\/sites\/32\/2025\/07\/volta_as_aulas_visita_gestora_emeb_giaretta-28-768x512.jpg 768w, https:\/\/jundiai.sp.gov.br\/noticias\/wp-content\/uploads\/sites\/32\/2025\/07\/volta_as_aulas_visita_gestora_emeb_giaretta-28-1536x1024.jpg 1536w, https:\/\/jundiai.sp.gov.br\/noticias\/wp-content\/uploads\/sites\/32\/2025\/07\/volta_as_aulas_visita_gestora_emeb_giaretta-28-450x300.jpg 450w, https:\/\/jundiai.sp.gov.br\/noticias\/wp-content\/uploads\/sites\/32\/2025\/07\/volta_as_aulas_visita_gestora_emeb_giaretta-28.jpg 1900w\" sizes=\"auto, (max-width: 1280px) 100vw, 1280px\" \/><figcaption class=\"wp-element-caption\">Na Emeb Giaretta, Priscila visitou as turmas para desejar as boas-vindas e muitas aprendizagens no segundo semestre <\/figcaption><\/figure>\n\n\n\n<p>\u201cComo parte do programa \u2018Escola da Gente\u2019 quisemos que, depois deste momento de descanso e recarregamento de energia, as crian\u00e7as pudessem se sentir acolhidas de volta \u00e0 escola. Isso contribui para o planejamento e para a garantia tanto das aprendizagens previstas no nosso curr\u00edculo, quanto da sensa\u00e7\u00e3o das crian\u00e7as de prazer e seguran\u00e7a dentro das nossas escolas\u201d, comentou Priscila.<\/p>\n\n\n\n<p>Para a pequena Helena Andrade, da turma do 4\u00ba ano da professora Andreza, a volta \u00e0s aulas teve uma mistura de gostos doce e amargo. \u201cAproveitei as f\u00e9rias para descansar em casa, brincar com meus amigos e ir ao cinema para assistir o filme novo do \u2018Jurassic Park\u2019. Eu at\u00e9 estou feliz de voltar para a escola para rever os amigos e aprender, mas confesso que estou triste, pois descansar em casa tamb\u00e9m estava bem gostoso\u201d, ponderou a estudante de nove anos, recebida na escola por uma aula de Ingl\u00eas na chegada.<\/p>\n\n\n\n<figure class=\"wp-block-image size-large\"><img loading=\"lazy\" decoding=\"async\" width=\"1280\" height=\"854\" src=\"https:\/\/jundiai.sp.gov.br\/noticias\/wp-content\/uploads\/sites\/32\/2025\/07\/volta_as_aulas_visita_gestora_emeb_giaretta-25-1280x854.jpg\" alt=\"\" class=\"wp-image-361984\" srcset=\"https:\/\/jundiai.sp.gov.br\/noticias\/wp-content\/uploads\/sites\/32\/2025\/07\/volta_as_aulas_visita_gestora_emeb_giaretta-25-1280x854.jpg 1280w, https:\/\/jundiai.sp.gov.br\/noticias\/wp-content\/uploads\/sites\/32\/2025\/07\/volta_as_aulas_visita_gestora_emeb_giaretta-25-300x200.jpg 300w, https:\/\/jundiai.sp.gov.br\/noticias\/wp-content\/uploads\/sites\/32\/2025\/07\/volta_as_aulas_visita_gestora_emeb_giaretta-25-768x512.jpg 768w, https:\/\/jundiai.sp.gov.br\/noticias\/wp-content\/uploads\/sites\/32\/2025\/07\/volta_as_aulas_visita_gestora_emeb_giaretta-25-1536x1024.jpg 1536w, https:\/\/jundiai.sp.gov.br\/noticias\/wp-content\/uploads\/sites\/32\/2025\/07\/volta_as_aulas_visita_gestora_emeb_giaretta-25-450x300.jpg 450w, https:\/\/jundiai.sp.gov.br\/noticias\/wp-content\/uploads\/sites\/32\/2025\/07\/volta_as_aulas_visita_gestora_emeb_giaretta-25.jpg 1900w\" sizes=\"auto, (max-width: 1280px) 100vw, 1280px\" \/><figcaption class=\"wp-element-caption\">Junto com as saudades das f\u00e9rias, Helena tamb\u00e9m chegou disposta a se dedicar aos estudos <\/figcaption><\/figure>\n\n\n\n<p><strong>Assessoria de Imprensa<br>Fotos: Fot\u00f3grafos PMJ <\/strong><\/p>\n","protected":false},"excerpt":{"rendered":"<p>Ap\u00f3s as f\u00e9rias de julho, as unidades escolares da rede municipal de ensino tiveram a sua volta \u00e0s aulas j\u00e1 nesta segunda-feira (21). Alinhada com o programa \u201cEscola da Gente\u201d, a gestora de Educa\u00e7\u00e3o, Priscila Costa, aproveitou o dia para visitar algumas unidades escolares e dialogar com os estudantes e educadores. Uma das escolas visitadas [&hellip;]<\/p>\n","protected":false},"author":14,"featured_media":361982,"comment_status":"closed","ping_status":"0","sticky":false,"template":"","format":"standard","meta":{"footnotes":""},"categories":[4620,2],"tags":[6,4341,4927,1606],"ods":[],"class_list":["post-361958","post","type-post","status-publish","format-standard","has-post-thumbnail","hentry","category-destaques","category-noticias","tag-educacao","tag-emeb-antonio-de-padua-giaretta","tag-escola-da-gente","tag-volta-as-aulas"],"_links":{"self":[{"href":"https:\/\/jundiai.sp.gov.br\/noticias\/wp-json\/wp\/v2\/posts\/361958","targetHints":{"allow":["GET"]}}],"collection":[{"href":"https:\/\/jundiai.sp.gov.br\/noticias\/wp-json\/wp\/v2\/posts"}],"about":[{"href":"https:\/\/jundiai.sp.gov.br\/noticias\/wp-json\/wp\/v2\/types\/post"}],"author":[{"embeddable":true,"href":"https:\/\/jundiai.sp.gov.br\/noticias\/wp-json\/wp\/v2\/users\/14"}],"replies":[{"embeddable":true,"href":"https:\/\/jundiai.sp.gov.br\/noticias\/wp-json\/wp\/v2\/comments?post=361958"}],"version-history":[{"count":3,"href":"https:\/\/jundiai.sp.gov.br\/noticias\/wp-json\/wp\/v2\/posts\/361958\/revisions"}],"predecessor-version":[{"id":361993,"href":"https:\/\/jundiai.sp.gov.br\/noticias\/wp-json\/wp\/v2\/posts\/361958\/revisions\/361993"}],"wp:featuredmedia":[{"embeddable":true,"href":"https:\/\/jundiai.sp.gov.br\/noticias\/wp-json\/wp\/v2\/media\/361982"}],"wp:attachment":[{"href":"https:\/\/jundiai.sp.gov.br\/noticias\/wp-json\/wp\/v2\/media?parent=361958"}],"wp:term":[{"taxonomy":"category","embeddable":true,"href":"https:\/\/jundiai.sp.gov.br\/noticias\/wp-json\/wp\/v2\/categories?post=361958"},{"taxonomy":"post_tag","embeddable":true,"href":"https:\/\/jundiai.sp.gov.br\/noticias\/wp-json\/wp\/v2\/tags?post=361958"},{"taxonomy":"ods","embeddable":true,"href":"https:\/\/jundiai.sp.gov.br\/noticias\/wp-json\/wp\/v2\/ods?post=361958"}],"curies":[{"name":"wp","href":"https:\/\/api.w.org\/{rel}","templated":true}]}}