{"id":362891,"date":"2025-08-07T16:30:00","date_gmt":"2025-08-07T19:30:00","guid":{"rendered":"https:\/\/jundiai.sp.gov.br\/noticias\/?p=362891"},"modified":"2025-08-13T16:32:44","modified_gmt":"2025-08-13T19:32:44","slug":"4o-festival-de-musica-abre-inscricoes-com-abrangencia-para-a-regiao-metropolitana-e-mais-de-r-30-mil-em-premios","status":"publish","type":"post","link":"https:\/\/jundiai.sp.gov.br\/noticias\/2025\/08\/07\/4o-festival-de-musica-abre-inscricoes-com-abrangencia-para-a-regiao-metropolitana-e-mais-de-r-30-mil-em-premios\/","title":{"rendered":"4\u00ba Festival de M\u00fasica abre inscri\u00e7\u00f5es, com abrang\u00eancia para a Regi\u00e3o Metropolitana e mais de R$ 30 mil em pr\u00eamios"},"content":{"rendered":"\n<p>A Unidade de Gest\u00e3o de Cultura (UGC) recebe at\u00e9 o dia 05 de setembro as inscri\u00e7\u00f5es gratuitas de composi\u00e7\u00f5es musicais, m\u00fasicos profissionais e cantores amadores e profissionais para a <a href=\"https:\/\/cultura.jundiai.sp.gov.br\/festivaldemusica\/\" target=\"_blank\" rel=\"noreferrer noopener\">4\u00aa edi\u00e7\u00e3o do Festival de M\u00fasica de Jundia\u00ed<\/a>. <a href=\"https:\/\/docs.google.com\/forms\/d\/e\/1FAIpQLScNTIqXVBBqISo9Ujp7rmi3z-Jaea7mD2idgnsQPGUKe09E6g\/viewform\" target=\"_blank\" rel=\"noreferrer noopener\">As inscri\u00e7\u00f5es devem ser feitas por meio de formul\u00e1rio on-line<\/a> e est\u00e3o abertas para os interessados de toda a Regi\u00e3o Metropolitana de Jundia\u00ed (RMJ), que, al\u00e9m de Jundia\u00ed, \u00e9 composta por Cabre\u00fava, Campo Limpo Paulista, Itupeva, Jarinu, Louveira e V\u00e1rzea Paulista.<\/p>\n\n\n\n<p>Esta edi\u00e7\u00e3o do Festival contar\u00e1 com 3 m\u00f3dulos e as premia\u00e7\u00f5es totalizar\u00e3o R$ 30,5 mil, para 27 inscritos selecionados, conforme as especificidades de cada m\u00f3dulo. <\/p>\n\n\n\n<p>O M\u00f3dulo 1, destinado aos compositores, ser\u00e1 voltado \u00e0 sele\u00e7\u00e3o de m\u00fasica autorais in\u00e9ditas, contemplando at\u00e9 15 compositores e com premia\u00e7\u00e3o de R$ 1 mil cada. Podem se inscrever residentes da RMJ maiores de 18 anos, com composi\u00e7\u00f5es em qualquer g\u00eanero ou estilo musical, selecionados pelos crit\u00e9rios criatividade e originalidade, qualidade art\u00edstica e t\u00e9cnica e interpreta\u00e7\u00e3o.<\/p>\n\n\n\n<figure class=\"wp-block-image size-large\"><img loading=\"lazy\" decoding=\"async\" width=\"1280\" height=\"854\" src=\"https:\/\/jundiai.sp.gov.br\/noticias\/wp-content\/uploads\/sites\/32\/2025\/08\/festival-de-musica-87-1280x854.jpg\" alt=\"\" class=\"wp-image-362893\" srcset=\"https:\/\/jundiai.sp.gov.br\/noticias\/wp-content\/uploads\/sites\/32\/2025\/08\/festival-de-musica-87-1280x854.jpg 1280w, https:\/\/jundiai.sp.gov.br\/noticias\/wp-content\/uploads\/sites\/32\/2025\/08\/festival-de-musica-87-300x200.jpg 300w, https:\/\/jundiai.sp.gov.br\/noticias\/wp-content\/uploads\/sites\/32\/2025\/08\/festival-de-musica-87-768x512.jpg 768w, https:\/\/jundiai.sp.gov.br\/noticias\/wp-content\/uploads\/sites\/32\/2025\/08\/festival-de-musica-87-1536x1024.jpg 1536w, https:\/\/jundiai.sp.gov.br\/noticias\/wp-content\/uploads\/sites\/32\/2025\/08\/festival-de-musica-87-450x300.jpg 450w, https:\/\/jundiai.sp.gov.br\/noticias\/wp-content\/uploads\/sites\/32\/2025\/08\/festival-de-musica-87.jpg 1900w\" sizes=\"auto, (max-width: 1280px) 100vw, 1280px\" \/><figcaption class=\"wp-element-caption\">Inscri\u00e7\u00f5es devem ser feitas por meio de formul\u00e1rio on-line e est\u00e3o abertas para os interessados para toda a RMJ<\/figcaption><\/figure>\n\n\n\n<p>J\u00e1 pelo M\u00f3dulo 2, destinado \u00e0 sele\u00e7\u00e3o de at\u00e9 oito int\u00e9rpretes, \u00e9 voltado a cantores que interpretar\u00e3o composi\u00e7\u00f5es de livre escolha j\u00e1 existentes. Podem se inscrever residentes da RMJ maiores de 14 anos, exclusivamente pessoas f\u00edsicas, com 50% da premia\u00e7\u00e3o reservada a estudantes do Ensino M\u00e9dio das redes p\u00fablica ou privada, sendo os crit\u00e9rios deste m\u00f3dulo: qualidade art\u00edstica e t\u00e9cnica (afina\u00e7\u00e3o e ritmo) e interpreta\u00e7\u00e3o, com premia\u00e7\u00e3o individual de R$ 750.<\/p>\n\n\n\n<p>E pelo M\u00f3dulo 3, destinado a m\u00fasicos profissionais para banda de apoio, \u00e9 voltado \u00e0 sele\u00e7\u00e3o de instrumentistas para a composi\u00e7\u00e3o da banda de apoio do festival, pelos crit\u00e9rios qualidade t\u00e9cnica, versatilidade e hist\u00f3rico, forma\u00e7\u00e3o e experi\u00eancia do m\u00fasico inscrito. Ser\u00e3o selecionados quatro m\u00fasicos \u2013 um para cada instrumento: guitarra\/viol\u00e3o, contrabaixo el\u00e9trico, bateria e teclado -, com premia\u00e7\u00e3o de R$ 2 mil cada. Com base em manifesta\u00e7\u00e3o de interesse e an\u00e1lise t\u00e9cnica, um dos quatro contemplados ser\u00e1 ainda selecionado como arranjador, para a elabora\u00e7\u00e3o dos arranjos das apresenta\u00e7\u00f5es e coordena\u00e7\u00e3o dos ensaios, para o qual ser\u00e1 acrescido R$ 1,5 mil em sua premia\u00e7\u00e3o.<\/p>\n\n\n\n<p>O 4\u00ba Festival de M\u00fasica de Jundia\u00ed ser\u00e1 realizado entre os dias 23 e 26 de outubro, na Sala Gl\u00f3ria Rocha do Centro das Artes, que fica na rua Bar\u00e3o de Jundia\u00ed, 1.093 \u2013 Centro.<\/p>\n\n\n\n<p>Mais informa\u00e7\u00f5es podem ser obtidas no <a href=\"https:\/\/cultura.jundiai.sp.gov.br\/wp-content\/uploads\/2025\/08\/Imprensa-01.08-Edital-Festival-de-Musica.pdf\" target=\"_blank\" rel=\"noreferrer noopener\">edital n\u00ba 08\/2025, publicado entre as p\u00e1ginas 50 e 53 da edi\u00e7\u00e3o 5670 da Imprensa Oficial<\/a>, nos sites do <a href=\"https:\/\/cultura.jundiai.sp.gov.br\/festivaldemusica\/\" target=\"_blank\" rel=\"noreferrer noopener\">Festival<\/a> e da <a href=\"https:\/\/cultura.jundiai.sp.gov.br\/editais-e-regulamentos\/\" target=\"_blank\" rel=\"noreferrer noopener\">Cultura<\/a> (onde tamb\u00e9m se encontram os documentos necess\u00e1rios), pelo e-mail <a href=\"mailto:musica@jundiai.sp.gov.br\" target=\"_blank\" rel=\"noreferrer noopener\">musica@jundiai.sp.gov.br<\/a> ou pelo telefone 4589-6800.<\/p>\n\n\n\n<figure class=\"wp-block-image size-large\"><img loading=\"lazy\" decoding=\"async\" width=\"1280\" height=\"854\" src=\"https:\/\/jundiai.sp.gov.br\/noticias\/wp-content\/uploads\/sites\/32\/2025\/08\/3o_festival_de_musica_de_jundiai_expressa_pa-17-1280x854.jpg\" alt=\"\" class=\"wp-image-362895\" srcset=\"https:\/\/jundiai.sp.gov.br\/noticias\/wp-content\/uploads\/sites\/32\/2025\/08\/3o_festival_de_musica_de_jundiai_expressa_pa-17-1280x854.jpg 1280w, https:\/\/jundiai.sp.gov.br\/noticias\/wp-content\/uploads\/sites\/32\/2025\/08\/3o_festival_de_musica_de_jundiai_expressa_pa-17-300x200.jpg 300w, https:\/\/jundiai.sp.gov.br\/noticias\/wp-content\/uploads\/sites\/32\/2025\/08\/3o_festival_de_musica_de_jundiai_expressa_pa-17-768x512.jpg 768w, https:\/\/jundiai.sp.gov.br\/noticias\/wp-content\/uploads\/sites\/32\/2025\/08\/3o_festival_de_musica_de_jundiai_expressa_pa-17-1536x1024.jpg 1536w, https:\/\/jundiai.sp.gov.br\/noticias\/wp-content\/uploads\/sites\/32\/2025\/08\/3o_festival_de_musica_de_jundiai_expressa_pa-17-450x300.jpg 450w, https:\/\/jundiai.sp.gov.br\/noticias\/wp-content\/uploads\/sites\/32\/2025\/08\/3o_festival_de_musica_de_jundiai_expressa_pa-17.jpg 1900w\" sizes=\"auto, (max-width: 1280px) 100vw, 1280px\" \/><figcaption class=\"wp-element-caption\"> Edi\u00e7\u00e3o deste ano contar\u00e1 com 3 m\u00f3dulos e as premia\u00e7\u00f5es totalizar\u00e3o R$ 30,5 mil, para 27 selecionados<\/figcaption><\/figure>\n\n\n\n<p><strong>Assessoria de Imprensa<br>Fotos: Arquivo PMJ <\/strong><\/p>\n","protected":false},"excerpt":{"rendered":"<p>A Unidade de Gest\u00e3o de Cultura (UGC) recebe at\u00e9 o dia 05 de setembro as inscri\u00e7\u00f5es gratuitas de composi\u00e7\u00f5es musicais, m\u00fasicos profissionais e cantores amadores e profissionais para a 4\u00aa edi\u00e7\u00e3o do Festival de M\u00fasica de Jundia\u00ed. As inscri\u00e7\u00f5es devem ser feitas por meio de formul\u00e1rio on-line e est\u00e3o abertas para os interessados de toda [&hellip;]<\/p>\n","protected":false},"author":14,"featured_media":362894,"comment_status":"closed","ping_status":"0","sticky":false,"template":"","format":"standard","meta":{"footnotes":""},"categories":[2],"tags":[5366,29,3017,399],"ods":[],"class_list":["post-362891","post","type-post","status-publish","format-standard","has-post-thumbnail","hentry","category-noticias","tag-4o-festival-de-musica","tag-cultura","tag-festival-de-musica","tag-musica"],"_links":{"self":[{"href":"https:\/\/jundiai.sp.gov.br\/noticias\/wp-json\/wp\/v2\/posts\/362891","targetHints":{"allow":["GET"]}}],"collection":[{"href":"https:\/\/jundiai.sp.gov.br\/noticias\/wp-json\/wp\/v2\/posts"}],"about":[{"href":"https:\/\/jundiai.sp.gov.br\/noticias\/wp-json\/wp\/v2\/types\/post"}],"author":[{"embeddable":true,"href":"https:\/\/jundiai.sp.gov.br\/noticias\/wp-json\/wp\/v2\/users\/14"}],"replies":[{"embeddable":true,"href":"https:\/\/jundiai.sp.gov.br\/noticias\/wp-json\/wp\/v2\/comments?post=362891"}],"version-history":[{"count":4,"href":"https:\/\/jundiai.sp.gov.br\/noticias\/wp-json\/wp\/v2\/posts\/362891\/revisions"}],"predecessor-version":[{"id":363403,"href":"https:\/\/jundiai.sp.gov.br\/noticias\/wp-json\/wp\/v2\/posts\/362891\/revisions\/363403"}],"wp:featuredmedia":[{"embeddable":true,"href":"https:\/\/jundiai.sp.gov.br\/noticias\/wp-json\/wp\/v2\/media\/362894"}],"wp:attachment":[{"href":"https:\/\/jundiai.sp.gov.br\/noticias\/wp-json\/wp\/v2\/media?parent=362891"}],"wp:term":[{"taxonomy":"category","embeddable":true,"href":"https:\/\/jundiai.sp.gov.br\/noticias\/wp-json\/wp\/v2\/categories?post=362891"},{"taxonomy":"post_tag","embeddable":true,"href":"https:\/\/jundiai.sp.gov.br\/noticias\/wp-json\/wp\/v2\/tags?post=362891"},{"taxonomy":"ods","embeddable":true,"href":"https:\/\/jundiai.sp.gov.br\/noticias\/wp-json\/wp\/v2\/ods?post=362891"}],"curies":[{"name":"wp","href":"https:\/\/api.w.org\/{rel}","templated":true}]}}