{"id":362937,"date":"2025-08-07T12:30:00","date_gmt":"2025-08-07T15:30:00","guid":{"rendered":"https:\/\/jundiai.sp.gov.br\/noticias\/?p=362937"},"modified":"2025-08-07T10:19:04","modified_gmt":"2025-08-07T13:19:04","slug":"canil-da-guarda-municipal-participa-de-curso-de-obediencia-e-protecao-com-foco-em-atualizacao-e-excelencia","status":"publish","type":"post","link":"https:\/\/jundiai.sp.gov.br\/noticias\/2025\/08\/07\/canil-da-guarda-municipal-participa-de-curso-de-obediencia-e-protecao-com-foco-em-atualizacao-e-excelencia\/","title":{"rendered":"Canil da Guarda Municipal participa de curso de obedi\u00eancia e prote\u00e7\u00e3o com foco em atualiza\u00e7\u00e3o e excel\u00eancia"},"content":{"rendered":"\n<p>Nesta segunda (04) e ter\u00e7a-feira (05), os agentes e c\u00e3es do Canil da Guarda Municipal de Jundia\u00ed participaram de um Curso de Obedi\u00eancia e Prote\u00e7\u00e3o, promovido pela Escola de Governo da Prefeitura. A capacita\u00e7\u00e3o foi ministrada pelo instrutor F\u00e1bio Bueno, especialista em adestramento e comportamento animal, e teve como objetivo aprimorar as t\u00e9cnicas de trabalho da equipe, abordando conte\u00fados te\u00f3ricos e pr\u00e1ticos fundamentais para o desempenho nas a\u00e7\u00f5es de patrulhamento, busca e controle.<\/p>\n\n\n\n<figure class=\"wp-block-image size-large\"><img loading=\"lazy\" decoding=\"async\" width=\"1280\" height=\"960\" src=\"https:\/\/jundiai.sp.gov.br\/noticias\/wp-content\/uploads\/sites\/32\/2025\/08\/whatsapp-image-2025-08-06-at-17-48-50-1280x960.jpeg\" alt=\"\" class=\"wp-image-362938\" srcset=\"https:\/\/jundiai.sp.gov.br\/noticias\/wp-content\/uploads\/sites\/32\/2025\/08\/whatsapp-image-2025-08-06-at-17-48-50-1280x960.jpeg 1280w, https:\/\/jundiai.sp.gov.br\/noticias\/wp-content\/uploads\/sites\/32\/2025\/08\/whatsapp-image-2025-08-06-at-17-48-50-300x225.jpeg 300w, https:\/\/jundiai.sp.gov.br\/noticias\/wp-content\/uploads\/sites\/32\/2025\/08\/whatsapp-image-2025-08-06-at-17-48-50-768x576.jpeg 768w, https:\/\/jundiai.sp.gov.br\/noticias\/wp-content\/uploads\/sites\/32\/2025\/08\/whatsapp-image-2025-08-06-at-17-48-50-1536x1152.jpeg 1536w, https:\/\/jundiai.sp.gov.br\/noticias\/wp-content\/uploads\/sites\/32\/2025\/08\/whatsapp-image-2025-08-06-at-17-48-50.jpeg 1600w\" sizes=\"auto, (max-width: 1280px) 100vw, 1280px\" \/><\/figure>\n\n\n\n<p>Durante o curso, foram tratados temas como prote\u00e7\u00e3o e socializa\u00e7\u00e3o, incluindo impulsos ou drives, defini\u00e7\u00e3o de ca\u00e7a e agress\u00e3o, sensibilidade, atua\u00e7\u00e3o do figurante de forma\u00e7\u00e3o e qualidade da mordida. Tamb\u00e9m foram abordados o trabalho com filhotes, o uso de equipamentos espec\u00edficos de prote\u00e7\u00e3o, al\u00e9m da obedi\u00eancia, com foco na import\u00e2ncia dos sentidos nos mam\u00edferos, socializa\u00e7\u00e3o, dessensibiliza\u00e7\u00e3o, condicionamentos cl\u00e1ssico e operante, aprendizagem e sistema de refor\u00e7o, como corre\u00e7\u00e3o, priva\u00e7\u00e3o e sacia\u00e7\u00e3o.<\/p>\n\n\n\n<p>De acordo com o inspetor Adilson, respons\u00e1vel pelo Canil da GMJ, a capacita\u00e7\u00e3o cont\u00ednua \u00e9 um dos pilares da qualidade dos servi\u00e7os prestados pela corpora\u00e7\u00e3o. \u201cEsses cursos s\u00e3o de extrema import\u00e2ncia para que possamos nos manter atualizados com as melhores pr\u00e1ticas e t\u00e9cnicas preservando o padr\u00e3o de excel\u00eancia do nosso canil. \u00c9 um trabalho t\u00e9cnico, que exige preparo constante e conhecimento espec\u00edfico tanto do condutor quanto dos c\u00e3es\u201d, afirmou.<\/p>\n\n\n\n<p>Refer\u00eancia regional, o Canil da Guarda Municipal de Jundia\u00ed desempenha papel estrat\u00e9gico em opera\u00e7\u00f5es de seguran\u00e7a.<\/p>\n\n\n\n<p><strong>Assessoria de Imprensa<\/strong><br><strong>Foto: Divulga\u00e7\u00e3o<\/strong><\/p>\n","protected":false},"excerpt":{"rendered":"<p>Nesta segunda (04) e ter\u00e7a-feira (05), os agentes e c\u00e3es do Canil da Guarda Municipal de Jundia\u00ed participaram de um Curso de Obedi\u00eancia e Prote\u00e7\u00e3o, promovido pela Escola de Governo da Prefeitura. A capacita\u00e7\u00e3o foi ministrada pelo instrutor F\u00e1bio Bueno, especialista em adestramento e comportamento animal, e teve como objetivo aprimorar as t\u00e9cnicas de trabalho [&hellip;]<\/p>\n","protected":false},"author":121,"featured_media":362939,"comment_status":"closed","ping_status":"0","sticky":false,"template":"","format":"standard","meta":{"footnotes":""},"categories":[2],"tags":[],"ods":[],"class_list":["post-362937","post","type-post","status-publish","format-standard","has-post-thumbnail","hentry","category-noticias"],"_links":{"self":[{"href":"https:\/\/jundiai.sp.gov.br\/noticias\/wp-json\/wp\/v2\/posts\/362937","targetHints":{"allow":["GET"]}}],"collection":[{"href":"https:\/\/jundiai.sp.gov.br\/noticias\/wp-json\/wp\/v2\/posts"}],"about":[{"href":"https:\/\/jundiai.sp.gov.br\/noticias\/wp-json\/wp\/v2\/types\/post"}],"author":[{"embeddable":true,"href":"https:\/\/jundiai.sp.gov.br\/noticias\/wp-json\/wp\/v2\/users\/121"}],"replies":[{"embeddable":true,"href":"https:\/\/jundiai.sp.gov.br\/noticias\/wp-json\/wp\/v2\/comments?post=362937"}],"version-history":[{"count":2,"href":"https:\/\/jundiai.sp.gov.br\/noticias\/wp-json\/wp\/v2\/posts\/362937\/revisions"}],"predecessor-version":[{"id":362941,"href":"https:\/\/jundiai.sp.gov.br\/noticias\/wp-json\/wp\/v2\/posts\/362937\/revisions\/362941"}],"wp:featuredmedia":[{"embeddable":true,"href":"https:\/\/jundiai.sp.gov.br\/noticias\/wp-json\/wp\/v2\/media\/362939"}],"wp:attachment":[{"href":"https:\/\/jundiai.sp.gov.br\/noticias\/wp-json\/wp\/v2\/media?parent=362937"}],"wp:term":[{"taxonomy":"category","embeddable":true,"href":"https:\/\/jundiai.sp.gov.br\/noticias\/wp-json\/wp\/v2\/categories?post=362937"},{"taxonomy":"post_tag","embeddable":true,"href":"https:\/\/jundiai.sp.gov.br\/noticias\/wp-json\/wp\/v2\/tags?post=362937"},{"taxonomy":"ods","embeddable":true,"href":"https:\/\/jundiai.sp.gov.br\/noticias\/wp-json\/wp\/v2\/ods?post=362937"}],"curies":[{"name":"wp","href":"https:\/\/api.w.org\/{rel}","templated":true}]}}